{"id":34492,"date":"2021-09-13T14:42:55","date_gmt":"2021-09-13T17:42:55","guid":{"rendered":"https:\/\/www.paranapraia.com.br\/?p=34492"},"modified":"2021-09-13T15:19:08","modified_gmt":"2021-09-13T18:19:08","slug":"secretaria-da-saude-divulga-mais-1-924-casos-confirmados-e-44-mortes-pela-covid-19","status":"publish","type":"post","link":"https:\/\/www.paranapraia.com.br\/index.php\/2021\/09\/13\/secretaria-da-saude-divulga-mais-1-924-casos-confirmados-e-44-mortes-pela-covid-19\/","title":{"rendered":"Secretaria da Sa\u00fade divulga mais 1.924 casos confirmados e 44 mortes pela Covid-19"},"content":{"rendered":"\n<p>A Secretaria de Estado da Sa\u00fade divulgou nesta segunda-feira (13) mais 1.924 casos confirmados e 44 mortes em decorr\u00eancia da infec\u00e7\u00e3o causada pelo novo coronav\u00edrus. Os n\u00fameros s\u00e3o referentes a meses ou semanas anteriores e n\u00e3o representam as notifica\u00e7\u00f5es&nbsp;das \u00faltimas 24 horas.<\/p>\n\n\n\n<p>Os dados acumulados do monitoramento da Covid-19&nbsp;mostram que o Paran\u00e1 soma agora 1.473.335 casos confirmados e 37.896 mortos pela doen\u00e7a.<\/p>\n\n\n\n<p>Os casos confirmados divulgados nesta segunda s\u00e3o de setembro (1.491), agosto (259), julho (32), junho (97), maio (44) e abril (1) de 2021.<\/p>\n\n\n\n<p><strong>INTERNADOS&nbsp;<\/strong>\u2013 O boletim relata que h\u00e1 816 pacientes com diagn\u00f3stico confirmado de Covid-19 internados. S\u00e3o 582 em leitos SUS (340 em UTIs e 242 em enfermarias) e 234 em leitos da rede particular (139 em UTIs e 95s em enfermaria).<\/p>\n\n\n\n<p>H\u00e1 outros 1.420 pacientes tamb\u00e9m internados, 768 em leitos de UTI e 652 em enfermarias, que aguardam resultados de exames. Eles est\u00e3o nas redes p\u00fablica e particular e s\u00e3o considerados casos suspeitos de infec\u00e7\u00e3o pelo Sars-CoV-2.<\/p>\n\n\n\n<p><strong>\u00d3BITOS&nbsp;<\/strong>\u2013A Secretaria da Sa\u00fade informa que das 44 pessoas que faleceram 19 s\u00e3o mulheres e 25 homens, com idades que variam de 26 a 99 anos. Os \u00f3bitos ocorreram entre 9 de abril a 13 de setembro de 2021.<\/p>\n\n\n\n<p>Os pacientes que foram a \u00f3bito residiam em Curitiba (12), Pinhais (3), Londrina (3), Cascavel (3), S\u00e3o Jos\u00e9 dos Pinhais (2), Colombo (2),&nbsp;Campo Largo (2), Uni\u00e3o da Vit\u00f3ria (1), Seng\u00e9s (1), P\u00e9rola (1), Prudent\u00f3polis (1), Primeiro de Maio (1), Porto Amazonas (1), Paranagu\u00e1 (1), Palmeira (1), Nova F\u00e1tima (1), Nova Aurora (1), Marechal C\u00e2ndido Rondon (1), Irati (1), Foz do Igua\u00e7u (1), Fazenda Rio Grande (1), Cand\u00f3i (1), Bela Vista&nbsp;do Para\u00edso&nbsp;(1) e Apucarana (1).<\/p>\n\n\n\n<p><strong>FORA DO PARAN\u00c1&nbsp;<\/strong>\u2013O monitoramento registra 6.335 casos de residentes de fora do Estado, sendo que 220 pessoas foram a \u00f3bito.<\/p>\n\n\n\n<p>AEN<\/p>\n","protected":false},"excerpt":{"rendered":"<p>A Secretaria de Estado da Sa\u00fade divulgou nesta segunda-feira (13) mais 1.924 casos confirmados e 44 mortes em decorr\u00eancia da infec\u00e7\u00e3o causada pelo novo coronav\u00edrus. Os n\u00fameros s\u00e3o referentes a meses ou semanas anteriores e n\u00e3o representam as notifica\u00e7\u00f5es&nbsp;das \u00faltimas 24 horas. Os dados acumulados do monitoramento da Covid-19&nbsp;mostram que o Paran\u00e1 soma agora 1.473.335 [&hellip;]<\/p>\n","protected":false},"author":2,"featured_media":34493,"comment_status":"open","ping_status":"open","sticky":false,"template":"","format":"standard","meta":{"advanced_seo_description":"","jetpack_seo_html_title":"","jetpack_seo_noindex":false,"_jetpack_memberships_contains_paid_content":false,"footnotes":""},"categories":[50],"tags":[],"class_list":{"0":"post-34492","1":"post","2":"type-post","3":"status-publish","4":"format-standard","5":"has-post-thumbnail","7":"category-saude"},"jetpack_featured_media_url":"https:\/\/www.paranapraia.com.br\/wp-content\/uploads\/2021\/09\/news_interna_banner_covid_2021-13.jpg","jetpack_sharing_enabled":true,"_links":{"self":[{"href":"https:\/\/www.paranapraia.com.br\/index.php\/wp-json\/wp\/v2\/posts\/34492"}],"collection":[{"href":"https:\/\/www.paranapraia.com.br\/index.php\/wp-json\/wp\/v2\/posts"}],"about":[{"href":"https:\/\/www.paranapraia.com.br\/index.php\/wp-json\/wp\/v2\/types\/post"}],"author":[{"embeddable":true,"href":"https:\/\/www.paranapraia.com.br\/index.php\/wp-json\/wp\/v2\/users\/2"}],"replies":[{"embeddable":true,"href":"https:\/\/www.paranapraia.com.br\/index.php\/wp-json\/wp\/v2\/comments?post=34492"}],"version-history":[{"count":2,"href":"https:\/\/www.paranapraia.com.br\/index.php\/wp-json\/wp\/v2\/posts\/34492\/revisions"}],"predecessor-version":[{"id":34511,"href":"https:\/\/www.paranapraia.com.br\/index.php\/wp-json\/wp\/v2\/posts\/34492\/revisions\/34511"}],"wp:featuredmedia":[{"embeddable":true,"href":"https:\/\/www.paranapraia.com.br\/index.php\/wp-json\/wp\/v2\/media\/34493"}],"wp:attachment":[{"href":"https:\/\/www.paranapraia.com.br\/index.php\/wp-json\/wp\/v2\/media?parent=34492"}],"wp:term":[{"taxonomy":"category","embeddable":true,"href":"https:\/\/www.paranapraia.com.br\/index.php\/wp-json\/wp\/v2\/categories?post=34492"},{"taxonomy":"post_tag","embeddable":true,"href":"https:\/\/www.paranapraia.com.br\/index.php\/wp-json\/wp\/v2\/tags?post=34492"}],"curies":[{"name":"wp","href":"https:\/\/api.w.org\/{rel}","templated":true}]}}