{"id":34486,"date":"2021-09-13T08:14:02","date_gmt":"2021-09-13T11:14:02","guid":{"rendered":"https:\/\/www.paranapraia.com.br\/?p=34486"},"modified":"2021-09-13T08:14:03","modified_gmt":"2021-09-13T11:14:03","slug":"ciclorrota-de-pontal-do-parana-inaugurada-com-o-pedala-parana","status":"publish","type":"post","link":"https:\/\/www.paranapraia.com.br\/index.php\/2021\/09\/13\/ciclorrota-de-pontal-do-parana-inaugurada-com-o-pedala-parana\/","title":{"rendered":"Ciclorrota de Pontal do Paran\u00e1 inaugurada com o Pedala Paran\u00e1"},"content":{"rendered":"\n<p>Na manh\u00e3 deste s\u00e1bado (11) aconteceu em Pontal do Paran\u00e1 a inaugura\u00e7\u00e3o da Ciclorrota no Guaragua\u00e7u. O evento vem de encontro com o Pedala Paran\u00e1, evento do governo do estado com parceria entre os munic\u00edpios participantes e demais entidades. O Pedala Paran\u00e1 \u00e9 o primeiro evento oficial esportivo que retoma aos poucos por conta da pandemia.<\/p>\n\n\n\n<p>Al\u00e9m do prefeito Rud\u00e3o Gimenes, a vice-prefeita Patricia Marcomini, o secret\u00e1rio municipal de Esportes, Lazer e Juventude, Jo\u00e3o Carlos Marcon, estavam presentes o superintendente estadual do esporte H\u00e9lio Wirbiski, secret\u00e1rios municipais, prefeitos e secret\u00e1rios de esporte da regi\u00e3o e demais autoridades. \u00a0O deputado Federal Rubens Bueno e tamb\u00e9m a presen\u00e7a dos representantes do SESC, DETRAN, UFPR.<\/p>\n\n\n\n<figure class=\"wp-block-image size-large\"><img loading=\"lazy\" decoding=\"async\" width=\"860\" height=\"573\" src=\"https:\/\/www.paranapraia.com.br\/wp-content\/uploads\/2021\/09\/gd_110921152922_whatsapp_image_20210911_at_15_10_35_jpeg.jpeg\" alt=\"\" class=\"wp-image-34488\" srcset=\"https:\/\/www.paranapraia.com.br\/wp-content\/uploads\/2021\/09\/gd_110921152922_whatsapp_image_20210911_at_15_10_35_jpeg.jpeg 860w, https:\/\/www.paranapraia.com.br\/wp-content\/uploads\/2021\/09\/gd_110921152922_whatsapp_image_20210911_at_15_10_35_jpeg-300x200.jpeg 300w, https:\/\/www.paranapraia.com.br\/wp-content\/uploads\/2021\/09\/gd_110921152922_whatsapp_image_20210911_at_15_10_35_jpeg-768x512.jpeg 768w, https:\/\/www.paranapraia.com.br\/wp-content\/uploads\/2021\/09\/gd_110921152922_whatsapp_image_20210911_at_15_10_35_jpeg-696x464.jpeg 696w, https:\/\/www.paranapraia.com.br\/wp-content\/uploads\/2021\/09\/gd_110921152922_whatsapp_image_20210911_at_15_10_35_jpeg-630x420.jpeg 630w\" sizes=\"(max-width: 860px) 100vw, 860px\" \/><\/figure>\n\n\n\n<p>O ex-jogador de voleibol Giba tamb\u00e9m participou do evento e incentivou as modalidades esportivas e refor\u00e7ou a quest\u00e3o do esporte para todas as idades. \u201cSempre um prazer estar aqui para mostrar a import\u00e2ncia no esporte. Muito importante este lan\u00e7amento aqui do Pedala Paran\u00e1 e tamb\u00e9m o jogo dos idosos que j\u00e1 \u00e9 um sucesso, da mesma forma como o projeto que fazemos com as crian\u00e7as que j\u00e1 \u00e9 sensacional. Agrade\u00e7o a todos pela presen\u00e7a e \u00f3tima pedalada a todos os participantes\u201d.<\/p>\n\n\n\n<p>O superintendente estadual do esporte agradeceu ao prefeito Rud\u00e3o Gimenes pelo apoio ao esporte e falou sobre os demais projetos que movimentar\u00e3o o turismo no litoral. \u201cDar visibilidade para o Pedala Paran\u00e1 \u00e9 tamb\u00e9m um ponta p\u00e9 inicial para demais eventos esportivos que acontecer\u00e3o em toda a regi\u00e3o. Estes eventos movimentam a economia, porque hospedam e alimentam as pessoas que participam, fomentando o litoral\u201d.<\/p>\n\n\n\n<p>O secret\u00e1rio municipal de esportes Marcon estava muito satisfeito com o sucesso do evento. \u201c O evento foi do jeito que esper\u00e1vamos, com todos os protocolos e tamb\u00e9m al\u00e9m de receber os ciclistas, tamb\u00e9m tivemos a demonstra\u00e7\u00e3o do tiro com arco, da zumba, de alguns dos nosso projetos\u201d. \u00a0\u00a0\u00a0\u00a0\u00a0<\/p>\n\n\n\n<figure class=\"wp-block-image size-large\"><img loading=\"lazy\" decoding=\"async\" width=\"860\" height=\"407\" src=\"https:\/\/www.paranapraia.com.br\/wp-content\/uploads\/2021\/09\/gd_110921152953_whatsapp_image_20210911_at_15_28_17_1_jpeg.jpeg\" alt=\"\" class=\"wp-image-34489\" srcset=\"https:\/\/www.paranapraia.com.br\/wp-content\/uploads\/2021\/09\/gd_110921152953_whatsapp_image_20210911_at_15_28_17_1_jpeg.jpeg 860w, https:\/\/www.paranapraia.com.br\/wp-content\/uploads\/2021\/09\/gd_110921152953_whatsapp_image_20210911_at_15_28_17_1_jpeg-300x142.jpeg 300w, https:\/\/www.paranapraia.com.br\/wp-content\/uploads\/2021\/09\/gd_110921152953_whatsapp_image_20210911_at_15_28_17_1_jpeg-768x363.jpeg 768w, https:\/\/www.paranapraia.com.br\/wp-content\/uploads\/2021\/09\/gd_110921152953_whatsapp_image_20210911_at_15_28_17_1_jpeg-696x329.jpeg 696w\" sizes=\"(max-width: 860px) 100vw, 860px\" \/><\/figure>\n\n\n\n<p>Rud\u00e3o Gimenes agradeceu a participa\u00e7\u00e3o de todos os ciclistas, das autoridades presentes e falou sobre o evento. \u201cUm grande prazer poder inaugurar esta ciclorrota. J\u00e1 est\u00e1vamos planejando, mas em raz\u00e3o da pandemia, adiamos e hoje felizmente conseguimos colocar este projeto em pr\u00e1tica, juntamente com o H\u00e9lio Wirbiski. Este n\u00e3o \u00e9 apenas um evento, \u00e9 tamb\u00e9m um projeto que vai capacitar toda a comunidade do Guaragua\u00e7u. Vamos desenvolver um turismo de qualidade, com capacita\u00e7\u00e3o do SESC pra toda a comunidade local\u201d. Segundo Rud\u00e3o, a regi\u00e3o passar\u00e1 por uma transforma\u00e7\u00e3o.<\/p>\n\n\n\n<p>\u201cPoder transformar esta regi\u00e3o, voc\u00eas que v\u00e3o pedalar nesta rota que estamos inaugurando, ter\u00e3o a oportunidade de pedalar em uma natureza preservada. Essa rota tem o objetivo no decorrer dos meses inaugurar at\u00e9 Pontal do Sul, e a\u00ed sim fazer uma estrada ecol\u00f3gica, que antigamente n\u00f3s \u00edamos at\u00e9 a regi\u00e3o de Pontal por esta estrada quando n\u00e3o t\u00ednhamos a PR 412\u201d.<\/p>\n\n\n\n<p>O prefeito falou ainda sobre os demais projetos que ser\u00e3o implementados na regi\u00e3o com verba estadual. \u00a0\u201cEsta \u00e9 uma regi\u00e3o muito bonita e a prefeitura tem o objetivo de potencializar este local, mostrar esta beleza para todo o estado e Brasil para que voc\u00eas possam aqui degustar de tudo isso. Quero agradecer ao H\u00e9lio pela verba destinada ao munic\u00edpio, tamb\u00e9m agradecendo ao governador Ratinho Junior, porque teremos tamb\u00e9m uma obra aqui ao lado. Vamos neste terreno p\u00fablico construir uma escolinha n\u00e1utica. Estou entregando aqui ao secret\u00e1rio de estado, o projeto da escolinha n\u00e1utica e tamb\u00e9m da escolinha do surf que ser\u00e1 m Ipanema com verba de 600 mil e colocaremos em pr\u00e1tica para ser executado no pr\u00f3ximo ano\u201d. Declarou Rud\u00e3o.<\/p>\n\n\n\n<figure class=\"wp-block-image size-large\"><img loading=\"lazy\" decoding=\"async\" width=\"860\" height=\"408\" src=\"https:\/\/www.paranapraia.com.br\/wp-content\/uploads\/2021\/09\/gd_110921152953_whatsapp_image_20210911_at_15_28_18_1_jpeg.jpeg\" alt=\"\" class=\"wp-image-34490\" srcset=\"https:\/\/www.paranapraia.com.br\/wp-content\/uploads\/2021\/09\/gd_110921152953_whatsapp_image_20210911_at_15_28_18_1_jpeg.jpeg 860w, https:\/\/www.paranapraia.com.br\/wp-content\/uploads\/2021\/09\/gd_110921152953_whatsapp_image_20210911_at_15_28_18_1_jpeg-300x142.jpeg 300w, https:\/\/www.paranapraia.com.br\/wp-content\/uploads\/2021\/09\/gd_110921152953_whatsapp_image_20210911_at_15_28_18_1_jpeg-768x364.jpeg 768w, https:\/\/www.paranapraia.com.br\/wp-content\/uploads\/2021\/09\/gd_110921152953_whatsapp_image_20210911_at_15_28_18_1_jpeg-696x330.jpeg 696w\" sizes=\"(max-width: 860px) 100vw, 860px\" \/><\/figure>\n\n\n\n<p>Projetos<\/p>\n\n\n\n<p>Os novos projetos de Pontal do Paran\u00e1 incluem uma escolinha n\u00e1utica com stand up, caiaque, passeios no rio em toda esta regi\u00e3o, e no CMEI do Guaragua\u00e7u, ao lado ser\u00e1 constru\u00eddo um cento de informa\u00e7\u00e3o tur\u00edstica para fazer receptivo para os turistas que chegarem ao munic\u00edpio.<\/p>\n\n\n\n<p>Evento<\/p>\n\n\n\n<p>Al\u00e9m do ciclismo, a secretaria municipal de esportes preparou algumas apresenta\u00e7\u00f5es art\u00edsticas como zumba com a terceira idade e montou um espa\u00e7o para tiros com arco, modalidade Ol\u00edmpica que possui oficina em Pontal do Paran\u00e1.<\/p>\n\n\n\n<p>Os ciclistas que vieram de diversos munic\u00edpios do estado percorreram os 20 km at\u00e9 a aldeia ind\u00edgena no Guaragua\u00e7u, uma antiga estrada do munic\u00edpio que agora faz parte da ciclorrota.<\/p>\n\n\n\n<p>O Pedala Paran\u00e1 t\u00eam 80 ciclorrotas, para saber as demais basta acessar \u00a0https:\/\/www.aen.pr.gov.br\/arquivos\/1008ciclorrotas.pdf<\/p>\n\n\n\n<p>Assessoria<\/p>\n","protected":false},"excerpt":{"rendered":"<p>Na manh\u00e3 deste s\u00e1bado (11) aconteceu em Pontal do Paran\u00e1 a inaugura\u00e7\u00e3o da Ciclorrota no Guaragua\u00e7u. O evento vem de encontro com o Pedala Paran\u00e1, evento do governo do estado com parceria entre os munic\u00edpios participantes e demais entidades. O Pedala Paran\u00e1 \u00e9 o primeiro evento oficial esportivo que retoma aos poucos por conta da [&hellip;]<\/p>\n","protected":false},"author":2,"featured_media":34487,"comment_status":"open","ping_status":"open","sticky":false,"template":"","format":"standard","meta":{"advanced_seo_description":"","jetpack_seo_html_title":"","jetpack_seo_noindex":false,"_jetpack_memberships_contains_paid_content":false,"footnotes":""},"categories":[40],"tags":[],"class_list":{"0":"post-34486","1":"post","2":"type-post","3":"status-publish","4":"format-standard","5":"has-post-thumbnail","7":"category-destaques"},"jetpack_featured_media_url":"https:\/\/www.paranapraia.com.br\/wp-content\/uploads\/2021\/09\/gd_110921152922_whatsapp_image_20210911_at_15_10_36_1_jpeg.jpeg","jetpack_sharing_enabled":true,"_links":{"self":[{"href":"https:\/\/www.paranapraia.com.br\/index.php\/wp-json\/wp\/v2\/posts\/34486"}],"collection":[{"href":"https:\/\/www.paranapraia.com.br\/index.php\/wp-json\/wp\/v2\/posts"}],"about":[{"href":"https:\/\/www.paranapraia.com.br\/index.php\/wp-json\/wp\/v2\/types\/post"}],"author":[{"embeddable":true,"href":"https:\/\/www.paranapraia.com.br\/index.php\/wp-json\/wp\/v2\/users\/2"}],"replies":[{"embeddable":true,"href":"https:\/\/www.paranapraia.com.br\/index.php\/wp-json\/wp\/v2\/comments?post=34486"}],"version-history":[{"count":1,"href":"https:\/\/www.paranapraia.com.br\/index.php\/wp-json\/wp\/v2\/posts\/34486\/revisions"}],"predecessor-version":[{"id":34491,"href":"https:\/\/www.paranapraia.com.br\/index.php\/wp-json\/wp\/v2\/posts\/34486\/revisions\/34491"}],"wp:featuredmedia":[{"embeddable":true,"href":"https:\/\/www.paranapraia.com.br\/index.php\/wp-json\/wp\/v2\/media\/34487"}],"wp:attachment":[{"href":"https:\/\/www.paranapraia.com.br\/index.php\/wp-json\/wp\/v2\/media?parent=34486"}],"wp:term":[{"taxonomy":"category","embeddable":true,"href":"https:\/\/www.paranapraia.com.br\/index.php\/wp-json\/wp\/v2\/categories?post=34486"},{"taxonomy":"post_tag","embeddable":true,"href":"https:\/\/www.paranapraia.com.br\/index.php\/wp-json\/wp\/v2\/tags?post=34486"}],"curies":[{"name":"wp","href":"https:\/\/api.w.org\/{rel}","templated":true}]}}