{"id":3442,"date":"2019-03-29T23:34:08","date_gmt":"2019-03-30T02:34:08","guid":{"rendered":"https:\/\/www.paranapraia.com.br\/?p=3442"},"modified":"2019-03-29T23:34:09","modified_gmt":"2019-03-30T02:34:09","slug":"trafego-sobre-a-ponte-do-rio-da-anta-sera-liberado-neste-sabado","status":"publish","type":"post","link":"https:\/\/www.paranapraia.com.br\/index.php\/2019\/03\/29\/trafego-sobre-a-ponte-do-rio-da-anta-sera-liberado-neste-sabado\/","title":{"rendered":"Tr\u00e1fego sobre a ponte do Rio da Anta ser\u00e1 liberado neste s\u00e1bado"},"content":{"rendered":"\n<p>O Departamento de Estradas de Rodagem do Paran\u00e1 (DER-PR) vai liberar na manh\u00e3 deste s\u00e1bado (30) o tr\u00e1fego sobre a ponte do Rio da Anta, na PR-082. O trecho liga o munic\u00edpio de Douradina \u00e0 Santa Felicidade, distrito de Tapira, no Noroeste do Estado. O local estava totalmente interditado desde 7 de janeiro, quando parte do pavimento da cabeceira da ponte cedeu na altura do km 568 devido \u00e0s chuvas.<\/p>\n\n\n\n<p>Saiba mais sobre esse importante curso que acontecer\u00e1 no pr\u00f3ximo m\u00eas, ser\u00e1 incr\u00edvel esperamos voc\u00ea l\u00e1: <\/p>\n\n\n\n<p>A interrup\u00e7\u00e3o do tr\u00e1fego foi decidida por quest\u00e3o de seguran\u00e7a. Na sequ\u00eancia, t\u00e9cnicos do DER fizeram o levantamento topogr\u00e1fico, o projeto b\u00e1sico e o or\u00e7amento da obra. Devido \u00e0 urg\u00eancia do reparo, houve dispensa de licita\u00e7\u00e3o emergencial e, em 12 de fevereiro, foi dada a ordem de servi\u00e7o para a empresa contratada iniciar os trabalhos no local.<\/p>\n\n\n\n<p>A prioridade foi para os servi\u00e7os essenciais para agilizar a libera\u00e7\u00e3o do tr\u00e1fego em condi\u00e7\u00f5es seguras. Com objetivo de evitar nova eros\u00e3o, foram cravados perfis met\u00e1licos na cabeceira, tamb\u00e9m preenchida com pedras detonadas. Sobre esse material, foi executada a pavimenta\u00e7\u00e3o asf\u00e1ltica nesta sexta-feira (29).<\/p>\n\n\n\n<p>O DER-PR ressalta que, mesmo com a desinterdi\u00e7\u00e3o do trecho, a obra ter\u00e1 continuidade \u00e0s margens da rodovia, com plantio de grama, implementa\u00e7\u00e3o do sistema de drenagem e refor\u00e7o da sinaliza\u00e7\u00e3o vi\u00e1ria nas imedia\u00e7\u00f5es da ponte. Com investimento previsto de R$ 1 milh\u00e3o, a previs\u00e3o \u00e9 que todos os servi\u00e7os ser\u00e3o conclu\u00eddos em junho.<\/p>\n\n\n\n<p><strong>DESVIO \u2013<\/strong>&nbsp;A interdi\u00e7\u00e3o da ponte aumentou em 58,5 quil\u00f4metros o percurso entre Douradina e o distrito de Santa Felicidade. Pela PR-082, o trajeto tem 11,5 quil\u00f4metros. A rota alternativa era seguir at\u00e9 Maria Helena pela PR-680 e acessar a PR-482 em dire\u00e7\u00e3o a Nova Ol\u00edmpia, para ent\u00e3o retornar a Santa Felicidade. De Santa Felicidade para Douradina, era feito o caminho inverso.<\/p>\n\n\n\n<p><strong>CONSERVA\u00c7\u00c3O &#8211;<\/strong>&nbsp;Al\u00e9m dos reparos na cabeceira da ponte, o trecho tamb\u00e9m est\u00e1 recebendo servi\u00e7os de um contrato do Programa Estadual de Recupera\u00e7\u00e3o e Conserva\u00e7\u00e3o de Estradas (PERC). Est\u00e3o programados reparos localizados e a aplica\u00e7\u00e3o de uma camada de microrrevestimento nos 11,5 quil\u00f4metros entre Douradina e Santa Felicidade.<\/p>\n","protected":false},"excerpt":{"rendered":"<p>O Departamento de Estradas de Rodagem do Paran\u00e1 (DER-PR) vai liberar na manh\u00e3 deste s\u00e1bado (30) o tr\u00e1fego sobre a ponte do Rio da Anta, na PR-082. O trecho liga o munic\u00edpio de Douradina \u00e0 Santa Felicidade, distrito de Tapira, no Noroeste do Estado. O local estava totalmente interditado desde 7 de janeiro, quando parte [&hellip;]<\/p>\n","protected":false},"author":2,"featured_media":3443,"comment_status":"open","ping_status":"open","sticky":false,"template":"","format":"standard","meta":{"advanced_seo_description":"","jetpack_seo_html_title":"","jetpack_seo_noindex":false,"_jetpack_memberships_contains_paid_content":false,"footnotes":""},"categories":[42],"tags":[],"class_list":{"0":"post-3442","1":"post","2":"type-post","3":"status-publish","4":"format-standard","5":"has-post-thumbnail","7":"category-cidades"},"jetpack_featured_media_url":"https:\/\/www.paranapraia.com.br\/wp-content\/uploads\/2019\/03\/ponte.jpeg","jetpack_sharing_enabled":true,"_links":{"self":[{"href":"https:\/\/www.paranapraia.com.br\/index.php\/wp-json\/wp\/v2\/posts\/3442"}],"collection":[{"href":"https:\/\/www.paranapraia.com.br\/index.php\/wp-json\/wp\/v2\/posts"}],"about":[{"href":"https:\/\/www.paranapraia.com.br\/index.php\/wp-json\/wp\/v2\/types\/post"}],"author":[{"embeddable":true,"href":"https:\/\/www.paranapraia.com.br\/index.php\/wp-json\/wp\/v2\/users\/2"}],"replies":[{"embeddable":true,"href":"https:\/\/www.paranapraia.com.br\/index.php\/wp-json\/wp\/v2\/comments?post=3442"}],"version-history":[{"count":1,"href":"https:\/\/www.paranapraia.com.br\/index.php\/wp-json\/wp\/v2\/posts\/3442\/revisions"}],"predecessor-version":[{"id":3444,"href":"https:\/\/www.paranapraia.com.br\/index.php\/wp-json\/wp\/v2\/posts\/3442\/revisions\/3444"}],"wp:featuredmedia":[{"embeddable":true,"href":"https:\/\/www.paranapraia.com.br\/index.php\/wp-json\/wp\/v2\/media\/3443"}],"wp:attachment":[{"href":"https:\/\/www.paranapraia.com.br\/index.php\/wp-json\/wp\/v2\/media?parent=3442"}],"wp:term":[{"taxonomy":"category","embeddable":true,"href":"https:\/\/www.paranapraia.com.br\/index.php\/wp-json\/wp\/v2\/categories?post=3442"},{"taxonomy":"post_tag","embeddable":true,"href":"https:\/\/www.paranapraia.com.br\/index.php\/wp-json\/wp\/v2\/tags?post=3442"}],"curies":[{"name":"wp","href":"https:\/\/api.w.org\/{rel}","templated":true}]}}