{"id":34320,"date":"2021-09-03T16:59:05","date_gmt":"2021-09-03T19:59:05","guid":{"rendered":"https:\/\/www.paranapraia.com.br\/?p=34320"},"modified":"2021-09-03T16:59:07","modified_gmt":"2021-09-03T19:59:07","slug":"guarda-vidas-iniciam-pre-temporada-no-litoral-do-parana","status":"publish","type":"post","link":"https:\/\/www.paranapraia.com.br\/index.php\/2021\/09\/03\/guarda-vidas-iniciam-pre-temporada-no-litoral-do-parana\/","title":{"rendered":"Guarda-vidas iniciam pr\u00e9-temporada no Litoral do Paran\u00e1"},"content":{"rendered":"\n<p>O Corpo Bombeiros inicia neste s\u00e1bado (4), o per\u00edodo de pr\u00e9-temporada no Litoral do Paran\u00e1. Em todos finais de semana dos meses de setembro a dezembro, haver\u00e1 postos de guarda-vidas em funcionamento das 8h \u00e0s 18h, em Guaratuba. Matinhos, Pontal do Paran\u00e1, Morretes e Ilha do Mel (Paranagu\u00e1).<\/p>\n\n\n\n<p>Nesse per\u00edodo, at\u00e9 o in\u00edcio da opera\u00e7\u00e3o ver\u00e3o, no final de dezembro, o Corpo de Bombeiros realizar\u00e1 o patrulhamento preventivo na orla das \u00e1reas que n\u00e3o contam com os postos de guarda-vidas.<\/p>\n\n\n\n<p>No feriado de 7 de setembro, al\u00e9m dos postos em funcionamento com guarda-vidas civis e militares, haver\u00e1 apoio do Batalh\u00e3o Policial Militar de Opera\u00e7\u00f5es A\u00e9reas (BPMoa), para ocorr\u00eancias que necessitem do apoio aerom\u00e9dico.<\/p>\n\n\n\n<p><strong>Os postos de guarda-vidas em funcionamento na pr\u00e9-temporada:<\/strong><\/p>\n\n\n\n<p><strong>Guaratuba:<\/strong><\/p>\n\n\n\n<p>\u2013 Caieras I;<\/p>\n\n\n\n<p>\u2013 Volta das Canoas;<\/p>\n\n\n\n<p>\u2013 Brejatuba;<\/p>\n\n\n\n<p>\u2013 Barra do Sa\u00ed;<\/p>\n\n\n\n<p>\u2013 1 T\u00e1tico M\u00f3vel.<\/p>\n\n\n\n<p><strong>Matinhos:<\/strong><\/p>\n\n\n\n<p>\u2013 Caiob\u00e1;<\/p>\n\n\n\n<p>\u2013 Trombeta;<\/p>\n\n\n\n<p>\u2013 Sesc;<\/p>\n\n\n\n<p>\u2013 Av. Curitiba;<\/p>\n\n\n\n<p>\u2013 Gaivotas;<\/p>\n\n\n\n<p>\u2013 1 T\u00e1tico M\u00f3vel.<\/p>\n\n\n\n<p><strong>Pontal do Paran\u00e1:<\/strong><\/p>\n\n\n\n<p>\u2013 Praia de Leste II;<\/p>\n\n\n\n<p>\u2013 Balne\u00e1rio de Ipanema II;<\/p>\n\n\n\n<p>\u2013 Balne\u00e1rio de Shangril\u00e1 II;<\/p>\n\n\n\n<p>\u2013 Pontal I;<\/p>\n\n\n\n<p>\u2013 1 T\u00e1tico M\u00f3vel.<\/p>\n\n\n\n<p><strong>Ilha do Mel:<\/strong><\/p>\n\n\n\n<p>\u2013 Encantadas;<\/p>\n\n\n\n<p>\u2013 Bras\u00edlia.<\/p>\n\n\n\n<p><strong>Morretes:<\/strong><\/p>\n\n\n\n<p>\u2013 Curva do F\u00e9lix;<\/p>\n\n\n\n<p>\u2013 1 T\u00e1tico M\u00f3vel;<\/p>\n\n\n\n<p><strong><em>Correio do Litoral<\/em><\/strong><\/p>\n","protected":false},"excerpt":{"rendered":"<p>O Corpo Bombeiros inicia neste s\u00e1bado (4), o per\u00edodo de pr\u00e9-temporada no Litoral do Paran\u00e1. Em todos finais de semana dos meses de setembro a dezembro, haver\u00e1 postos de guarda-vidas em funcionamento das 8h \u00e0s 18h, em Guaratuba. Matinhos, Pontal do Paran\u00e1, Morretes e Ilha do Mel (Paranagu\u00e1). Nesse per\u00edodo, at\u00e9 o in\u00edcio da opera\u00e7\u00e3o [&hellip;]<\/p>\n","protected":false},"author":2,"featured_media":34321,"comment_status":"open","ping_status":"open","sticky":false,"template":"","format":"standard","meta":{"advanced_seo_description":"","jetpack_seo_html_title":"","jetpack_seo_noindex":false,"_jetpack_memberships_contains_paid_content":false,"footnotes":""},"categories":[40],"tags":[],"class_list":{"0":"post-34320","1":"post","2":"type-post","3":"status-publish","4":"format-standard","5":"has-post-thumbnail","7":"category-destaques"},"jetpack_featured_media_url":"https:\/\/www.paranapraia.com.br\/wp-content\/uploads\/2021\/09\/normal_IMG_2968.jpg","jetpack_sharing_enabled":true,"_links":{"self":[{"href":"https:\/\/www.paranapraia.com.br\/index.php\/wp-json\/wp\/v2\/posts\/34320"}],"collection":[{"href":"https:\/\/www.paranapraia.com.br\/index.php\/wp-json\/wp\/v2\/posts"}],"about":[{"href":"https:\/\/www.paranapraia.com.br\/index.php\/wp-json\/wp\/v2\/types\/post"}],"author":[{"embeddable":true,"href":"https:\/\/www.paranapraia.com.br\/index.php\/wp-json\/wp\/v2\/users\/2"}],"replies":[{"embeddable":true,"href":"https:\/\/www.paranapraia.com.br\/index.php\/wp-json\/wp\/v2\/comments?post=34320"}],"version-history":[{"count":1,"href":"https:\/\/www.paranapraia.com.br\/index.php\/wp-json\/wp\/v2\/posts\/34320\/revisions"}],"predecessor-version":[{"id":34322,"href":"https:\/\/www.paranapraia.com.br\/index.php\/wp-json\/wp\/v2\/posts\/34320\/revisions\/34322"}],"wp:featuredmedia":[{"embeddable":true,"href":"https:\/\/www.paranapraia.com.br\/index.php\/wp-json\/wp\/v2\/media\/34321"}],"wp:attachment":[{"href":"https:\/\/www.paranapraia.com.br\/index.php\/wp-json\/wp\/v2\/media?parent=34320"}],"wp:term":[{"taxonomy":"category","embeddable":true,"href":"https:\/\/www.paranapraia.com.br\/index.php\/wp-json\/wp\/v2\/categories?post=34320"},{"taxonomy":"post_tag","embeddable":true,"href":"https:\/\/www.paranapraia.com.br\/index.php\/wp-json\/wp\/v2\/tags?post=34320"}],"curies":[{"name":"wp","href":"https:\/\/api.w.org\/{rel}","templated":true}]}}