{"id":34174,"date":"2021-08-31T11:28:59","date_gmt":"2021-08-31T14:28:59","guid":{"rendered":"https:\/\/www.paranapraia.com.br\/?p=34174"},"modified":"2021-08-31T11:29:02","modified_gmt":"2021-08-31T14:29:02","slug":"caminhao-carregado-de-paes-de-forma-tomba-na-br-376-em-guaratuba-e-motorista-morre","status":"publish","type":"post","link":"https:\/\/www.paranapraia.com.br\/index.php\/2021\/08\/31\/caminhao-carregado-de-paes-de-forma-tomba-na-br-376-em-guaratuba-e-motorista-morre\/","title":{"rendered":"Caminh\u00e3o carregado de p\u00e3es de forma tomba na BR-376, em Guaratuba, e motorista morre"},"content":{"rendered":"\n<p><em>Acidente aconteceu na descida da Serra do Mar, na altura do km 668, a 500 metros de onde \u00f4nibus tombou em janeiro, em batida que matou 19 pessoas.<\/em><\/p>\n\n\n\n<p>Um caminh\u00e3o carregado de p\u00e3es de forma tombou na BR-376, em Guaratuba, no litoral do Paran\u00e1, na manh\u00e3 desta ter\u00e7a-feira (31). De acordo com a Pol\u00edcia Rodovi\u00e1ria Federal, o motorista do ve\u00edculo morreu.<\/p>\n\n\n\n<p>O acidente aconteceu por volta das 6h45 na descida da Serra do Mar, no sentido Santa Catarina da rodovia, na altura do km 668.<\/p>\n\n\n\n<p>Segundo a PRF, o caminh\u00e3o bateu no canteiro central da rodovia, capotou e deslizou por cerca de 60 metros sobre a mureta.<\/p>\n\n\n\n<p>Segundo a PRF, n\u00e3o h\u00e1 informa\u00e7\u00f5es sobre o que causou o acidente.<\/p>\n\n\n\n<p>De acordo com a concession\u00e1ria batida aconteceu 500 metros antes da Curva da Santa, onde,\u00a0em janeiro, um \u00f4nibus tombou, em um acidente que matou 19 pessoas e feriu outros 31 passageiros.<\/p>\n\n\n\n<p><strong>Leia mais:<\/strong><\/p>\n\n\n\n<p>Antes do local da batida, tamb\u00e9m a menos de um quil\u00f4metro do local, h\u00e1 uma \u00e1rea de escape para motoristas que verificam problemas mec\u00e2nicos nos ve\u00edculos.<\/p>\n\n\n\n<p>Segundo a concession\u00e1ria que administra o trecho, as pistas no sentido Santa Catarina est\u00e3o bloqueadas na altura do km 662, em Tijucas do Sul, para atendimento da ocorr\u00eancia. \u00c0s 8h30, a fila de ve\u00edculos era de 2 km no local.<\/p>\n\n\n\n<p>G1PR<\/p>\n","protected":false},"excerpt":{"rendered":"<p>Acidente aconteceu na descida da Serra do Mar, na altura do km 668, a 500 metros de onde \u00f4nibus tombou em janeiro, em batida que matou 19 pessoas. Um caminh\u00e3o carregado de p\u00e3es de forma tombou na BR-376, em Guaratuba, no litoral do Paran\u00e1, na manh\u00e3 desta ter\u00e7a-feira (31). De acordo com a Pol\u00edcia Rodovi\u00e1ria [&hellip;]<\/p>\n","protected":false},"author":2,"featured_media":34175,"comment_status":"open","ping_status":"open","sticky":false,"template":"","format":"standard","meta":{"advanced_seo_description":"","jetpack_seo_html_title":"","jetpack_seo_noindex":false,"_jetpack_memberships_contains_paid_content":false,"footnotes":""},"categories":[40],"tags":[],"class_list":{"0":"post-34174","1":"post","2":"type-post","3":"status-publish","4":"format-standard","5":"has-post-thumbnail","7":"category-destaques"},"jetpack_featured_media_url":"https:\/\/www.paranapraia.com.br\/wp-content\/uploads\/2021\/08\/whatsapp-image-2021-08-31-at-06.59.55.jpeg","jetpack_sharing_enabled":true,"_links":{"self":[{"href":"https:\/\/www.paranapraia.com.br\/index.php\/wp-json\/wp\/v2\/posts\/34174"}],"collection":[{"href":"https:\/\/www.paranapraia.com.br\/index.php\/wp-json\/wp\/v2\/posts"}],"about":[{"href":"https:\/\/www.paranapraia.com.br\/index.php\/wp-json\/wp\/v2\/types\/post"}],"author":[{"embeddable":true,"href":"https:\/\/www.paranapraia.com.br\/index.php\/wp-json\/wp\/v2\/users\/2"}],"replies":[{"embeddable":true,"href":"https:\/\/www.paranapraia.com.br\/index.php\/wp-json\/wp\/v2\/comments?post=34174"}],"version-history":[{"count":1,"href":"https:\/\/www.paranapraia.com.br\/index.php\/wp-json\/wp\/v2\/posts\/34174\/revisions"}],"predecessor-version":[{"id":34176,"href":"https:\/\/www.paranapraia.com.br\/index.php\/wp-json\/wp\/v2\/posts\/34174\/revisions\/34176"}],"wp:featuredmedia":[{"embeddable":true,"href":"https:\/\/www.paranapraia.com.br\/index.php\/wp-json\/wp\/v2\/media\/34175"}],"wp:attachment":[{"href":"https:\/\/www.paranapraia.com.br\/index.php\/wp-json\/wp\/v2\/media?parent=34174"}],"wp:term":[{"taxonomy":"category","embeddable":true,"href":"https:\/\/www.paranapraia.com.br\/index.php\/wp-json\/wp\/v2\/categories?post=34174"},{"taxonomy":"post_tag","embeddable":true,"href":"https:\/\/www.paranapraia.com.br\/index.php\/wp-json\/wp\/v2\/tags?post=34174"}],"curies":[{"name":"wp","href":"https:\/\/api.w.org\/{rel}","templated":true}]}}