{"id":34168,"date":"2021-08-31T11:22:13","date_gmt":"2021-08-31T14:22:13","guid":{"rendered":"https:\/\/www.paranapraia.com.br\/?p=34168"},"modified":"2021-08-31T11:22:15","modified_gmt":"2021-08-31T14:22:15","slug":"prefeito-marcelo-roque-pede-licenca-de-8-dias-para-tratamento-de-saude","status":"publish","type":"post","link":"https:\/\/www.paranapraia.com.br\/index.php\/2021\/08\/31\/prefeito-marcelo-roque-pede-licenca-de-8-dias-para-tratamento-de-saude\/","title":{"rendered":"Prefeito Marcelo Roque pede licen\u00e7a de 8 dias para tratamento de sa\u00fade"},"content":{"rendered":"\n<p>O prefeito Marcelo Roque encaminhou \u00e0 C\u00e2mara Municipal, na tarde desta segunda-feira, 30, a informa\u00e7\u00e3o de afastamento do cargo por 8 dias para tratamento de sa\u00fade.<\/p>\n\n\n\n<p>Segundo o boletim m\u00e9dico, Marcelo Roque fez exames cardiol\u00f3gicos por conta de um indisposi\u00e7\u00e3o quando foi constatada a necessidade afastar-se de suas atividades devido a elevada carga de trabalho. Ele publicou em suas redes sociais a necessidade de afastamento para repouso e cuidados pessoais.<\/p>\n\n\n\n<p>&#8220;Hoje pela manh\u00e3 tive uma indisposi\u00e7\u00e3o que me fez procurar ajuda m\u00e9dica. A minha cardiologista, que me acompanha h\u00e1 um certo tempo, ap\u00f3s a realiza\u00e7\u00e3o de uma bateria de exames, recomendou que eu me afaste das minhas atividades pelo prazo de 8 dias para que eu possa realizar um repouso necess\u00e1rio para melhora do meu quadro cl\u00ednico. Sendo assim, o vice prefeito, Borba, assumir\u00e1 o comando do Executivo Municipal, o que me deixa mais tranquilo para realizar o meu tratamento de sa\u00fade, pois sei que Paranagu\u00e1 estar\u00e1 em boas m\u00e3os&#8221;, disse.<\/p>\n\n\n\n<p>O prefeito Marcelo Roque deve retornar a suas atividades no dia 8 de setembro de 2021.<\/p>\n\n\n\n<p>Assessoria<\/p>\n","protected":false},"excerpt":{"rendered":"<p>O prefeito Marcelo Roque encaminhou \u00e0 C\u00e2mara Municipal, na tarde desta segunda-feira, 30, a informa\u00e7\u00e3o de afastamento do cargo por 8 dias para tratamento de sa\u00fade. Segundo o boletim m\u00e9dico, Marcelo Roque fez exames cardiol\u00f3gicos por conta de um indisposi\u00e7\u00e3o quando foi constatada a necessidade afastar-se de suas atividades devido a elevada carga de trabalho. [&hellip;]<\/p>\n","protected":false},"author":2,"featured_media":34169,"comment_status":"open","ping_status":"open","sticky":false,"template":"","format":"standard","meta":{"advanced_seo_description":"","jetpack_seo_html_title":"","jetpack_seo_noindex":false,"_jetpack_memberships_contains_paid_content":false,"footnotes":""},"categories":[40],"tags":[],"class_list":{"0":"post-34168","1":"post","2":"type-post","3":"status-publish","4":"format-standard","5":"has-post-thumbnail","7":"category-destaques"},"jetpack_featured_media_url":"https:\/\/www.paranapraia.com.br\/wp-content\/uploads\/2021\/08\/thumb-5.jpg","jetpack_sharing_enabled":true,"_links":{"self":[{"href":"https:\/\/www.paranapraia.com.br\/index.php\/wp-json\/wp\/v2\/posts\/34168"}],"collection":[{"href":"https:\/\/www.paranapraia.com.br\/index.php\/wp-json\/wp\/v2\/posts"}],"about":[{"href":"https:\/\/www.paranapraia.com.br\/index.php\/wp-json\/wp\/v2\/types\/post"}],"author":[{"embeddable":true,"href":"https:\/\/www.paranapraia.com.br\/index.php\/wp-json\/wp\/v2\/users\/2"}],"replies":[{"embeddable":true,"href":"https:\/\/www.paranapraia.com.br\/index.php\/wp-json\/wp\/v2\/comments?post=34168"}],"version-history":[{"count":1,"href":"https:\/\/www.paranapraia.com.br\/index.php\/wp-json\/wp\/v2\/posts\/34168\/revisions"}],"predecessor-version":[{"id":34170,"href":"https:\/\/www.paranapraia.com.br\/index.php\/wp-json\/wp\/v2\/posts\/34168\/revisions\/34170"}],"wp:featuredmedia":[{"embeddable":true,"href":"https:\/\/www.paranapraia.com.br\/index.php\/wp-json\/wp\/v2\/media\/34169"}],"wp:attachment":[{"href":"https:\/\/www.paranapraia.com.br\/index.php\/wp-json\/wp\/v2\/media?parent=34168"}],"wp:term":[{"taxonomy":"category","embeddable":true,"href":"https:\/\/www.paranapraia.com.br\/index.php\/wp-json\/wp\/v2\/categories?post=34168"},{"taxonomy":"post_tag","embeddable":true,"href":"https:\/\/www.paranapraia.com.br\/index.php\/wp-json\/wp\/v2\/tags?post=34168"}],"curies":[{"name":"wp","href":"https:\/\/api.w.org\/{rel}","templated":true}]}}