{"id":34162,"date":"2021-08-31T11:15:37","date_gmt":"2021-08-31T14:15:37","guid":{"rendered":"https:\/\/www.paranapraia.com.br\/?p=34162"},"modified":"2021-08-31T11:15:42","modified_gmt":"2021-08-31T14:15:42","slug":"avo-nao-foi-feita-para-cuidar-de-netos-mulher-de-61-anos-deixou-a-familia-e-curte-a-vida-viajando","status":"publish","type":"post","link":"https:\/\/www.paranapraia.com.br\/index.php\/2021\/08\/31\/avo-nao-foi-feita-para-cuidar-de-netos-mulher-de-61-anos-deixou-a-familia-e-curte-a-vida-viajando\/","title":{"rendered":"\u201cAv\u00f3 n\u00e3o foi feita para cuidar de netos.\u201d Mulher de 61 anos deixou a fam\u00edlia e curte a vida viajando"},"content":{"rendered":"\n<p>O estere\u00f3tipo das av\u00f3s \u00e9 de ficar em casa, prontas para se dedicar aos filhos e aos netos sempre que precisarem, dificilmente fugindo da sua rotina. Em muitas fam\u00edlias, esse estere\u00f3tipo se confirma, mas em outras, a realidade \u00e9 completamente diferente.<\/p>\n\n\n\n<p>Josefa Feitosa, tamb\u00e9m conhecida apenas como \u201cJ\u00f4\u201d, \u00e9 uma av\u00f3 muito diferente das tradicionais. A mulher, de 61 anos, decidiu fazer uma mudan\u00e7a em sua vida desde 2017. A aposentada, que trabalhou por muito tempo no sistema prisional do Cear\u00e1 e vivia sendo amea\u00e7ada, decidiu que curtiria os pr\u00f3ximos anos fazendo algo incr\u00edvel, com que muitos de n\u00f3s sonhamos: conhecer o mundo.<\/p>\n\n\n\n<p>Conforme contado em mat\u00e9ria do G1, J\u00f4, que tinha tr\u00eas filhos e um neto \u00e0 \u00e9poca, desfez-se de todas as suas posses (casa, m\u00f3veis e roupas) e investiu de verdade nesse objetivo, colocando-se como o foco principal de sua vida.<br><img loading=\"lazy\" decoding=\"async\" src=\"https:\/\/osegredo.com.br\/wp-content\/uploads\/2021\/07\/2avo-nao-foi-feita-para-cuidar-de-netos-mulher-de-61-anos-deixou-a-familia-e-curte-a-vida-viajando.jpg\" alt=\"\" width=\"830\" height=\"450\" srcset=\"https:\/\/osegredo.com.br\/wp-content\/uploads\/2021\/07\/2avo-nao-foi-feita-para-cuidar-de-netos-mulher-de-61-anos-deixou-a-familia-e-curte-a-vida-viajando.jpg 830w, https:\/\/osegredo.com.br\/wp-content\/uploads\/2021\/07\/2avo-nao-foi-feita-para-cuidar-de-netos-mulher-de-61-anos-deixou-a-familia-e-curte-a-vida-viajando-400x217.jpg 400w, https:\/\/osegredo.com.br\/wp-content\/uploads\/2021\/07\/2avo-nao-foi-feita-para-cuidar-de-netos-mulher-de-61-anos-deixou-a-familia-e-curte-a-vida-viajando-768x416.jpg 768w\"><\/p>\n\n\n\n<p id=\"caption-attachment-151206\">Direitos autorais: reprodu\u00e7\u00e3o Instagram\/@joviajando.<\/p>\n\n\n\n<p>Ela come\u00e7ou conhecendo alguns estados do pa\u00eds, como Par\u00e1, Amazonas, Paran\u00e1 e S\u00e3o Paulo, e depois se jogou no mundo. Desde ent\u00e3o, j\u00e1 foram mais de 40 pa\u00edses visitados, em quase todos os continentes. A av\u00f3 compartilha muitos dos seus destinos por meio do seu perfil no&nbsp;<a href=\"https:\/\/www.instagram.com\/joviajando\/\" target=\"_blank\" rel=\"noreferrer noopener\"><strong>Instagram<\/strong><\/a>, onde aparece sempre sorrindo.<\/p>\n\n\n\n<h3 class=\"wp-block-heading\">Para J\u00f4, al\u00e9m de ser uma experi\u00eancia de muito valor, que possibilita conhecer novas culturas e viver coisas que nunca seria capaz aqui, no Brasil, tamb\u00e9m \u00e9 uma grande oportunidade de \u201crecompensar\u201d a si mesma por todos os anos de luta dedicados a criar os filhos e a realizar o seu trabalho, mesmo nas situa\u00e7\u00f5es mais complicadas.<\/h3>\n\n\n\n<p>A mochileira, que tem muito orgulho das suas escolhas, afirmou que h\u00e1 muitas coisas fora de nossas casas. Apesar de ser uma m\u00e3e dedicada e presente, ela tamb\u00e9m disse que as av\u00f3s n\u00e3o foram feitas para cuidar de netos, explicando que n\u00e3o acha justo que as av\u00f3s sempre tenham de receber os filhos e os netos em casa, quando seus relacionamentos n\u00e3o d\u00e3o certo.<br><img loading=\"lazy\" decoding=\"async\" src=\"https:\/\/osegredo.com.br\/wp-content\/uploads\/2021\/07\/3avo-nao-foi-feita-para-cuidar-de-netos-mulher-de-61-anos-deixou-a-familia-e-curte-a-vida-viajando.jpg\" alt=\"\" width=\"830\" height=\"450\" srcset=\"https:\/\/osegredo.com.br\/wp-content\/uploads\/2021\/07\/3avo-nao-foi-feita-para-cuidar-de-netos-mulher-de-61-anos-deixou-a-familia-e-curte-a-vida-viajando.jpg 830w, https:\/\/osegredo.com.br\/wp-content\/uploads\/2021\/07\/3avo-nao-foi-feita-para-cuidar-de-netos-mulher-de-61-anos-deixou-a-familia-e-curte-a-vida-viajando-400x217.jpg 400w, https:\/\/osegredo.com.br\/wp-content\/uploads\/2021\/07\/3avo-nao-foi-feita-para-cuidar-de-netos-mulher-de-61-anos-deixou-a-familia-e-curte-a-vida-viajando-768x416.jpg 768w\"><\/p>\n\n\n\n<p id=\"caption-attachment-151207\">Direitos autorais: reprodu\u00e7\u00e3o Instagram\/@joviajando.<img loading=\"lazy\" decoding=\"async\" src=\"https:\/\/osegredo.com.br\/wp-content\/uploads\/2021\/07\/4avo-nao-foi-feita-para-cuidar-de-netos-mulher-de-61-anos-deixou-a-familia-e-curte-a-vida-viajando.jpg\" alt=\"\" width=\"830\" height=\"450\" srcset=\"https:\/\/osegredo.com.br\/wp-content\/uploads\/2021\/07\/4avo-nao-foi-feita-para-cuidar-de-netos-mulher-de-61-anos-deixou-a-familia-e-curte-a-vida-viajando.jpg 830w, https:\/\/osegredo.com.br\/wp-content\/uploads\/2021\/07\/4avo-nao-foi-feita-para-cuidar-de-netos-mulher-de-61-anos-deixou-a-familia-e-curte-a-vida-viajando-400x217.jpg 400w, https:\/\/osegredo.com.br\/wp-content\/uploads\/2021\/07\/4avo-nao-foi-feita-para-cuidar-de-netos-mulher-de-61-anos-deixou-a-familia-e-curte-a-vida-viajando-768x416.jpg 768w\"><\/p>\n\n\n\n<p id=\"caption-attachment-151208\">Direitos autorais: reprodu\u00e7\u00e3o Instagram\/@joviajando.<\/p>\n\n\n\n<p>Lilith Feitosa, filha ca\u00e7ula de J\u00f4, contou que foi uma grande surpresa quando soube que a m\u00e3e estava embarcando em sua aventura pelo mundo, j\u00e1 que o mais natural \u00e9 que os filhos saiam, mas que enxerga essa decis\u00e3o como uma grande reinven\u00e7\u00e3o. A hist\u00f3ria de J\u00f4 \u00e9 certamente uma inspira\u00e7\u00e3o para muitos homens e mulheres com fam\u00edlias, mostrando que eles podem sim se dedicar aos pr\u00f3prios sonhos, pois s\u00e3o muito mais do que \u201cav\u00f4s\u201d, \u201cav\u00f3s\u201d.<\/p>\n\n\n\n<p>O Segredo<\/p>\n","protected":false},"excerpt":{"rendered":"<p>O estere\u00f3tipo das av\u00f3s \u00e9 de ficar em casa, prontas para se dedicar aos filhos e aos netos sempre que precisarem, dificilmente fugindo da sua rotina. Em muitas fam\u00edlias, esse estere\u00f3tipo se confirma, mas em outras, a realidade \u00e9 completamente diferente. Josefa Feitosa, tamb\u00e9m conhecida apenas como \u201cJ\u00f4\u201d, \u00e9 uma av\u00f3 muito diferente das tradicionais. [&hellip;]<\/p>\n","protected":false},"author":2,"featured_media":34163,"comment_status":"open","ping_status":"open","sticky":false,"template":"","format":"standard","meta":{"advanced_seo_description":"","jetpack_seo_html_title":"","jetpack_seo_noindex":false,"_jetpack_memberships_contains_paid_content":false,"footnotes":""},"categories":[45],"tags":[],"class_list":{"0":"post-34162","1":"post","2":"type-post","3":"status-publish","4":"format-standard","5":"has-post-thumbnail","7":"category-qualidade-de-vida"},"jetpack_featured_media_url":"https:\/\/www.paranapraia.com.br\/wp-content\/uploads\/2021\/08\/dona-jo.jpg","jetpack_sharing_enabled":true,"_links":{"self":[{"href":"https:\/\/www.paranapraia.com.br\/index.php\/wp-json\/wp\/v2\/posts\/34162"}],"collection":[{"href":"https:\/\/www.paranapraia.com.br\/index.php\/wp-json\/wp\/v2\/posts"}],"about":[{"href":"https:\/\/www.paranapraia.com.br\/index.php\/wp-json\/wp\/v2\/types\/post"}],"author":[{"embeddable":true,"href":"https:\/\/www.paranapraia.com.br\/index.php\/wp-json\/wp\/v2\/users\/2"}],"replies":[{"embeddable":true,"href":"https:\/\/www.paranapraia.com.br\/index.php\/wp-json\/wp\/v2\/comments?post=34162"}],"version-history":[{"count":1,"href":"https:\/\/www.paranapraia.com.br\/index.php\/wp-json\/wp\/v2\/posts\/34162\/revisions"}],"predecessor-version":[{"id":34164,"href":"https:\/\/www.paranapraia.com.br\/index.php\/wp-json\/wp\/v2\/posts\/34162\/revisions\/34164"}],"wp:featuredmedia":[{"embeddable":true,"href":"https:\/\/www.paranapraia.com.br\/index.php\/wp-json\/wp\/v2\/media\/34163"}],"wp:attachment":[{"href":"https:\/\/www.paranapraia.com.br\/index.php\/wp-json\/wp\/v2\/media?parent=34162"}],"wp:term":[{"taxonomy":"category","embeddable":true,"href":"https:\/\/www.paranapraia.com.br\/index.php\/wp-json\/wp\/v2\/categories?post=34162"},{"taxonomy":"post_tag","embeddable":true,"href":"https:\/\/www.paranapraia.com.br\/index.php\/wp-json\/wp\/v2\/tags?post=34162"}],"curies":[{"name":"wp","href":"https:\/\/api.w.org\/{rel}","templated":true}]}}