{"id":33943,"date":"2021-08-24T09:33:55","date_gmt":"2021-08-24T12:33:55","guid":{"rendered":"https:\/\/www.paranapraia.com.br\/?p=33943"},"modified":"2021-08-24T09:33:57","modified_gmt":"2021-08-24T12:33:57","slug":"municipios-ja-podem-se-inscrever-para-o-pedala-parana-solidario","status":"publish","type":"post","link":"https:\/\/www.paranapraia.com.br\/index.php\/2021\/08\/24\/municipios-ja-podem-se-inscrever-para-o-pedala-parana-solidario\/","title":{"rendered":"Munic\u00edpios j\u00e1 podem se inscrever para o Pedala Paran\u00e1 Solid\u00e1rio"},"content":{"rendered":"\n<p>Solidariedade sobre duas rodas: assim ser\u00e1 marcado o dia 28 de agosto, quando ser\u00e3o inauguradas oficialmente as primeiras ciclorrotas do projeto&nbsp;<strong><a href=\"https:\/\/www.aen.pr.gov.br\/modules\/noticias\/article.php?storyid=114438&amp;tit=Estado-lanca-o-Programa-Pedala-Parana-com-80-ciclorrotas\" target=\"_blank\" rel=\"noreferrer noopener\">Pedala Paran\u00e1<\/a><\/strong>, lan\u00e7ado no in\u00edcio do m\u00eas pela Superintend\u00eancia Estadual do Esporte. Os munic\u00edpios que t\u00eam interesse em participar do evento, que busca divulgar as rotas espalhadas por todo o Estado e arrecadar alimentos para fam\u00edlias em situa\u00e7\u00e3o de vulnerabilidade social, poder\u00e3o fazer sua inscri\u00e7\u00e3o at\u00e9&nbsp;27 de agosto.<\/p>\n\n\n\n<p>A a\u00e7\u00e3o \u00e9 promovida pela Superintend\u00eancia de Esporte, em parceria com a Superintend\u00eancia da A\u00e7\u00e3o Solid\u00e1ria do Estado, a Central \u00danica das Favelas (Cufa) e as secretarias municipais de A\u00e7\u00e3o Social. Para participar&nbsp;os munic\u00edpios devem entrar em contato com os escrit\u00f3rios regionais da Superintend\u00eancia do Esporte.<\/p>\n\n\n\n<p>A participa\u00e7\u00e3o \u00e9 aberta para qualquer cidade, mesmo que&nbsp;ainda n\u00e3o tenha uma rota cadastrada. Ao aderirem \u00e0 a\u00e7\u00e3o, os munic\u00edpios ser\u00e3o respons\u00e1veis pelo cadastramento dos grupos de ciclistas que participar\u00e3o do evento, disponibilizando uma ficha cadastral nas secretarias ou diretorias municipais de Esporte.<\/p>\n\n\n\n<p><strong>COMO SER\u00c1 \u2013<\/strong>&nbsp;Ser\u00e3o disponibilizados vouchers confeccionados pela organiza\u00e7\u00e3o e entregues aos munic\u00edpios. Eles devem ser distribu\u00eddos aos grupos de ciclistas no dia 28 de agosto, data do evento, \u00e0s 9h, no local estabelecido pela cidade no Comit\u00ea Central de Organiza\u00e7\u00e3o (CCO). O controle e os registros ficar\u00e3o a cargo da CCO do munic\u00edpio, com supervis\u00e3o da Regional do Esporte.<\/p>\n\n\n\n<p>Com os vouchers em m\u00e3os, os ciclistas v\u00e3o pedalar at\u00e9 os com\u00e9rcios e resid\u00eancias locais para mobilizar a popula\u00e7\u00e3o a doarem cestas b\u00e1sicas, alimentos individuais ou uma quantia em dinheiro para adquirir uma ou mais cestas b\u00e1sicas.<\/p>\n\n\n\n<p>Cada item arrecadado ser\u00e1 inclu\u00eddo no voucher do participante, que ao fim do percurso deve entreg\u00e1-lo ao CCO. Na sequ\u00eancia, na apura\u00e7\u00e3o e contabiliza\u00e7\u00e3o dos dados, os munic\u00edpios dever\u00e3o buscar esses alimentos, que ser\u00e3o distribu\u00eddos pelos escrit\u00f3rios da Cufa ou pelas secretarias municipais de Assist\u00eancia Social.<\/p>\n\n\n\n<p><strong>Confira&nbsp;&nbsp;<a href=\"https:\/\/www.esporte.pr.gov.br\/sites\/default\/arquivos_restritos\/files\/documento\/2021-08\/pedala_parana_solidario2021.pdf\" target=\"_blank\" rel=\"noreferrer noopener\">AQUI<\/a>&nbsp;o regulamento.&nbsp;<\/strong><\/p>\n\n\n\n<p><strong>CERTIFICADOS \u2013&nbsp;<\/strong>Todos os participantes do Pedala Paran\u00e1 Solid\u00e1rio receber\u00e3o certificados digitais por prestigiarem o evento \u2013 desde o munic\u00edpio, os ciclistas, os estabelecimentos comerciais e os demais. Al\u00e9m disto, cada regional do Esporte participante ganhar\u00e1 uma ciclorrota.<\/p>\n\n\n\n<p>O munic\u00edpio campe\u00e3o ser\u00e1 escolhido atrav\u00e9s da proporcionalidade do n\u00famero de cestas b\u00e1sicas arrecadadas. Para chegar ao resultado, o n\u00famero total de cestas ser\u00e1 dividido pelo n\u00famero de habitantes da cidades, conforme o Censo de 2010. O&nbsp;vencedor ser\u00e1 aquele que alcan\u00e7ar a melhor m\u00e9dia.<\/p>\n\n\n\n<p>A listagem dos colaboradores e grupos participantes ser\u00e1 divulgada no site&nbsp;<a href=\"http:\/\/www.esporte.pr.gov.br\/\" target=\"_blank\" rel=\"noreferrer noopener\">http:\/\/www.esporte.pr.gov.br<\/a>.<\/p>\n\n\n\n<p><strong>PEDALA PARAN\u00c1 \u2013<\/strong>&nbsp;O programa Pedala Paran\u00e1 \u00e9 promovido pelo Governo do Estado, por meio da Superintend\u00eancia do Esporte, com coopera\u00e7\u00e3o t\u00e9cnica com a Universidade Federal do Paran\u00e1 (UFPR), Detran-PR, Conselho Paranaense de Ciclomobilidade (Conciclo-PR), Sesc, Senac, Paran\u00e1 Turismo e Paran\u00e1 Projetos. Conta tamb\u00e9m com o apoio da Federa\u00e7\u00e3o Paranaense de Ciclismo, Sebrae e munic\u00edpios participantes.<\/p>\n\n\n\n<p>Tiago Campos, diretor de Inova\u00e7\u00e3o e Desenvolvimento do Esporte, respons\u00e1vel pelo Pedala Paran\u00e1, explica que, al\u00e9m de promover o esporte, o programa visa fomentar o turismo com as entidades parceiras, como Sebrae, que ajudar\u00e3o na qualifica\u00e7\u00e3o da rede de restaurantes e hoteleira, entre outros estabelecimentos. A previs\u00e3o \u00e9 que sejam instaladas 80 ciclorrotas em todo o Paran\u00e1.<\/p>\n\n\n\n<p>D\u00favidas podem ser esclarecidas pelo telefone (41) 3361-7769 ou encaminhadas para o e-mail\u00a0adir.l@esporte.pr.gov.br.<\/p>\n\n\n\n<p>aen<\/p>\n","protected":false},"excerpt":{"rendered":"<p>Solidariedade sobre duas rodas: assim ser\u00e1 marcado o dia 28 de agosto, quando ser\u00e3o inauguradas oficialmente as primeiras ciclorrotas do projeto&nbsp;Pedala Paran\u00e1, lan\u00e7ado no in\u00edcio do m\u00eas pela Superintend\u00eancia Estadual do Esporte. Os munic\u00edpios que t\u00eam interesse em participar do evento, que busca divulgar as rotas espalhadas por todo o Estado e arrecadar alimentos para [&hellip;]<\/p>\n","protected":false},"author":2,"featured_media":33944,"comment_status":"open","ping_status":"open","sticky":false,"template":"","format":"standard","meta":{"advanced_seo_description":"","jetpack_seo_html_title":"","jetpack_seo_noindex":false,"_jetpack_memberships_contains_paid_content":false,"footnotes":""},"categories":[40],"tags":[],"class_list":{"0":"post-33943","1":"post","2":"type-post","3":"status-publish","4":"format-standard","5":"has-post-thumbnail","7":"category-destaques"},"jetpack_featured_media_url":"https:\/\/www.paranapraia.com.br\/wp-content\/uploads\/2021\/08\/news_interna_IMG_4357.jpg","jetpack_sharing_enabled":true,"_links":{"self":[{"href":"https:\/\/www.paranapraia.com.br\/index.php\/wp-json\/wp\/v2\/posts\/33943"}],"collection":[{"href":"https:\/\/www.paranapraia.com.br\/index.php\/wp-json\/wp\/v2\/posts"}],"about":[{"href":"https:\/\/www.paranapraia.com.br\/index.php\/wp-json\/wp\/v2\/types\/post"}],"author":[{"embeddable":true,"href":"https:\/\/www.paranapraia.com.br\/index.php\/wp-json\/wp\/v2\/users\/2"}],"replies":[{"embeddable":true,"href":"https:\/\/www.paranapraia.com.br\/index.php\/wp-json\/wp\/v2\/comments?post=33943"}],"version-history":[{"count":1,"href":"https:\/\/www.paranapraia.com.br\/index.php\/wp-json\/wp\/v2\/posts\/33943\/revisions"}],"predecessor-version":[{"id":33945,"href":"https:\/\/www.paranapraia.com.br\/index.php\/wp-json\/wp\/v2\/posts\/33943\/revisions\/33945"}],"wp:featuredmedia":[{"embeddable":true,"href":"https:\/\/www.paranapraia.com.br\/index.php\/wp-json\/wp\/v2\/media\/33944"}],"wp:attachment":[{"href":"https:\/\/www.paranapraia.com.br\/index.php\/wp-json\/wp\/v2\/media?parent=33943"}],"wp:term":[{"taxonomy":"category","embeddable":true,"href":"https:\/\/www.paranapraia.com.br\/index.php\/wp-json\/wp\/v2\/categories?post=33943"},{"taxonomy":"post_tag","embeddable":true,"href":"https:\/\/www.paranapraia.com.br\/index.php\/wp-json\/wp\/v2\/tags?post=33943"}],"curies":[{"name":"wp","href":"https:\/\/api.w.org\/{rel}","templated":true}]}}