{"id":33931,"date":"2021-08-23T12:12:38","date_gmt":"2021-08-23T15:12:38","guid":{"rendered":"https:\/\/www.paranapraia.com.br\/?p=33931"},"modified":"2021-08-23T12:12:39","modified_gmt":"2021-08-23T15:12:39","slug":"selo-alusivo-aos-50-anos-de-reconhecimento-da-uel-e-criado-por-ex-aluna","status":"publish","type":"post","link":"https:\/\/www.paranapraia.com.br\/index.php\/2021\/08\/23\/selo-alusivo-aos-50-anos-de-reconhecimento-da-uel-e-criado-por-ex-aluna\/","title":{"rendered":"Selo alusivo aos 50 anos de reconhecimento da UEL \u00e9 criado por ex-aluna"},"content":{"rendered":"\n<p>O selo comemorativo alusivo aos 50 anos de reconhecimento pelo Minist\u00e9rio da Educa\u00e7\u00e3o da Universidade Estadual de Londrina (7 de outubro de 1971) foi escolhido. A pe\u00e7a vai estampar os materiais institucionais da Universidade entre 2021 e 2022. Este \u00e9 o primeiro passo para as comemora\u00e7\u00f5es do cinquenten\u00e1rio, que ser\u00e1 marcado por uma s\u00e9rie de atividades. A proposta escolhida foi criada pela designer Camila Santos, ex-aluna do curso de Design Gr\u00e1fico, do&nbsp;Centro de Educa\u00e7\u00e3o, Comunica\u00e7\u00e3o e Artes (CECA).<\/p>\n\n\n\n<p>A iniciativa do concurso para escolha do selo foi aberta aos integrantes das comunidades interna e externa. Ao todo, foram recebidas nove propostas, produzidas tanto por grupos quanto individuais. Uma comiss\u00e3o julgadora, formada por cinco integrantes, entre professores, servidores e alunos, avaliou os trabalhos sem identifica\u00e7\u00e3o da autoria.<\/p>\n\n\n\n<p>A comiss\u00e3o julgadora foi composta pelas seguintes representantes: diretora da Gr\u00e1fica, Camila Doubek Lopes; chefe de gabinete da reitoria, Lisiane Freitas de Freitas; professora do Departamento de Design, Ana Luisa Boavista Lustosa Cavalcante; servidora da Gr\u00e1fica, Rosane Delattre; e a representante estudantil, do curso de Design Gr\u00e1fico, Gabriela Namie Komatsu Yoshida.<\/p>\n\n\n\n<p>O selo ser\u00e1 utilizado em todos os materiais impressos e digitais da Institui\u00e7\u00e3o, como papeis timbrados,&nbsp;folders, cartazes, e-books e site, entre outros. Segundo a diretora da Gr\u00e1fica da UEL, Camila Doubek Lopes, o selo escolhido representa a Universidade nos seus 50 anos de hist\u00f3ria e remete ao futuro. \u201c\u00c9 uma identidade diferente da logo, mas traz novos valores e conceitos. Fala de uma linguagem nova, de novos rumos, de uma Universidade mais moderna. Traz informa\u00e7\u00f5es de renova\u00e7\u00e3o\u201d, afirma.<\/p>\n\n\n\n<p><strong>MODERNIDADE&nbsp;<\/strong>&#8211; Nas cores verde e amarelo, a proposta escolhida re\u00fane \u00edcones que fazem refer\u00eancia ao C\u00e2mpus Universit\u00e1rio, dispostos dentro do n\u00famero 50. Al\u00e9m da logo da UEL, \u00e9 poss\u00edvel identificar com facilidade a peroba-rosa, o macaco-prego, a r\u00e9plica da Primeira Igreja Matriz de Londrina, a sinaliza\u00e7\u00e3o dos Centros de Estudos, o Cal\u00e7ad\u00e3o, a Biblioteca Central e os estudantes.<\/p>\n\n\n\n<p>Segundo Camila Santos, o objetivo foi criar uma proposta que sa\u00edsse do selo convencional, geralmente representado por n\u00fameros e folhas de louro. \u201cNos 50 anos n\u00e3o precisa ficar repetindo o que j\u00e1 existe. Fiz algo inovador&nbsp;para trazer o sentimento de modernidade, por isso tem formas geom\u00e9tricas e \u00edcones criados a partir da geometria, para conversar com o mundo atual\u201d, explica.<\/p>\n\n\n\n<p>A designer criou a tipografia dos 50 anos e aplicou os \u00edcones dentro dos n\u00fameros. As cores, segundo ela, trazem \u201cbrasilidade\u201d para o selo, como forma de mostrar o reconhecimento da UEL dentro e fora do pa\u00eds. Como ex-aluna, Camila afirma ser gratificante poder fazer parte desse momento da Universidade. \u201cA UEL me deu muitas oportunidades e faz parte da minha hist\u00f3ria. \u00c9 uma parte minha junto com ela. Esse trabalho vai fazer parte do meu portf\u00f3lio\u201d, conta.<\/p>\n\n\n\n<p><strong>PREMIA\u00c7\u00c3O\u00a0<\/strong>&#8211; A entrega do pr\u00eamio ser\u00e1 no dia 7 de outubro, durante as comemora\u00e7\u00f5es do anivers\u00e1rio de 50 anos de reconhecimento da UEL, com programa\u00e7\u00e3o ainda a ser definida. Camila Santos vai receber um kit de papelaria da UEL, al\u00e9m de trof\u00e9u e certificado.<\/p>\n\n\n\n<p>AEN<\/p>\n","protected":false},"excerpt":{"rendered":"<p>O selo comemorativo alusivo aos 50 anos de reconhecimento pelo Minist\u00e9rio da Educa\u00e7\u00e3o da Universidade Estadual de Londrina (7 de outubro de 1971) foi escolhido. A pe\u00e7a vai estampar os materiais institucionais da Universidade entre 2021 e 2022. Este \u00e9 o primeiro passo para as comemora\u00e7\u00f5es do cinquenten\u00e1rio, que ser\u00e1 marcado por uma s\u00e9rie de [&hellip;]<\/p>\n","protected":false},"author":2,"featured_media":33932,"comment_status":"open","ping_status":"open","sticky":false,"template":"","format":"standard","meta":{"advanced_seo_description":"","jetpack_seo_html_title":"","jetpack_seo_noindex":false,"_jetpack_memberships_contains_paid_content":false,"footnotes":""},"categories":[40],"tags":[],"class_list":{"0":"post-33931","1":"post","2":"type-post","3":"status-publish","4":"format-standard","5":"has-post-thumbnail","7":"category-destaques"},"jetpack_featured_media_url":"https:\/\/www.paranapraia.com.br\/wp-content\/uploads\/2021\/08\/news_interna_AnyConv.com__selouel50anos1024x684.jpg.jpg","jetpack_sharing_enabled":true,"_links":{"self":[{"href":"https:\/\/www.paranapraia.com.br\/index.php\/wp-json\/wp\/v2\/posts\/33931"}],"collection":[{"href":"https:\/\/www.paranapraia.com.br\/index.php\/wp-json\/wp\/v2\/posts"}],"about":[{"href":"https:\/\/www.paranapraia.com.br\/index.php\/wp-json\/wp\/v2\/types\/post"}],"author":[{"embeddable":true,"href":"https:\/\/www.paranapraia.com.br\/index.php\/wp-json\/wp\/v2\/users\/2"}],"replies":[{"embeddable":true,"href":"https:\/\/www.paranapraia.com.br\/index.php\/wp-json\/wp\/v2\/comments?post=33931"}],"version-history":[{"count":1,"href":"https:\/\/www.paranapraia.com.br\/index.php\/wp-json\/wp\/v2\/posts\/33931\/revisions"}],"predecessor-version":[{"id":33933,"href":"https:\/\/www.paranapraia.com.br\/index.php\/wp-json\/wp\/v2\/posts\/33931\/revisions\/33933"}],"wp:featuredmedia":[{"embeddable":true,"href":"https:\/\/www.paranapraia.com.br\/index.php\/wp-json\/wp\/v2\/media\/33932"}],"wp:attachment":[{"href":"https:\/\/www.paranapraia.com.br\/index.php\/wp-json\/wp\/v2\/media?parent=33931"}],"wp:term":[{"taxonomy":"category","embeddable":true,"href":"https:\/\/www.paranapraia.com.br\/index.php\/wp-json\/wp\/v2\/categories?post=33931"},{"taxonomy":"post_tag","embeddable":true,"href":"https:\/\/www.paranapraia.com.br\/index.php\/wp-json\/wp\/v2\/tags?post=33931"}],"curies":[{"name":"wp","href":"https:\/\/api.w.org\/{rel}","templated":true}]}}