{"id":33925,"date":"2021-08-23T10:56:44","date_gmt":"2021-08-23T13:56:44","guid":{"rendered":"https:\/\/www.paranapraia.com.br\/?p=33925"},"modified":"2021-08-23T10:56:46","modified_gmt":"2021-08-23T13:56:46","slug":"museu-paranaense-promove-evento-que-celebra-a-cultura-e-a-memoria-da-capoeira-no-estado","status":"publish","type":"post","link":"https:\/\/www.paranapraia.com.br\/index.php\/2021\/08\/23\/museu-paranaense-promove-evento-que-celebra-a-cultura-e-a-memoria-da-capoeira-no-estado\/","title":{"rendered":"Museu Paranaense promove evento que celebra a cultura e a mem\u00f3ria da capoeira no Estado"},"content":{"rendered":"\n<p>O Museu Paranaense vai promover a partir desta ter\u00e7a-feira (24) o evento \u201cQue mem\u00f3ria \u00e9 essa da capoeira no Paran\u00e1?\u201d, formado por tr\u00eas mesas virtuais que acontecem at\u00e9 quinta&nbsp;no canal do Mupa&nbsp;no YouTube. A ideia \u00e9 pensar coletivamente a cultura material e imaterial da capoeira, tradi\u00e7\u00e3o brasileira de origem africana e muito presente tamb\u00e9m em terras paranaenses.<\/p>\n\n\n\n<p>As mesas ter\u00e3o participa\u00e7\u00e3o de mestres, praticantes e estudiosos da capoeira. A&nbsp;atividade integra as celebra\u00e7\u00f5es dos 145 anos do Mupa \u2013 um museu centen\u00e1rio que busca a reinven\u00e7\u00e3o constante e \u00e9 atento \u00e0 sua hist\u00f3ria e ao compromisso com a popula\u00e7\u00e3o brasileira, sobretudo a paranaense. \u201cFestejamos um museu que se abre para novas possibilidades a partir de sua pr\u00f3pria hist\u00f3ria, e com esse evento pretendemos abrir espa\u00e7o para uma das mais fortes e reconhecidas tradi\u00e7\u00f5es afro-brasileiras:&nbsp;a capoeira\u201d, afirma Gabriela Bettega, diretora do museu.<\/p>\n\n\n\n<p><strong>MESAS E CONVIDADOS<\/strong>&nbsp;&#8211;&nbsp;Compreendendo a import\u00e2ncia dessa pauta em um momento de efervesc\u00eancia das discuss\u00f5es sobre racismo estrutural e institucional, o evento \u201cQue mem\u00f3ria \u00e9 essa da capoeira no Paran\u00e1?\u201d re\u00fane para trocas e debates estudiosos da capoeira e das materialidades diversas que comp\u00f5em esse universo, lado a lado com mestres e praticantes da arte, que \u00e9 intensamente difundida pelo Estado.<\/p>\n\n\n\n<p>Todas as mesas ser\u00e3o transmitidas ao vivo gratuita e abertamente a todos os p\u00fablicos, com tradu\u00e7\u00e3o simult\u00e2nea em Libras. Haver\u00e1 tamb\u00e9m emiss\u00e3o de declara\u00e7\u00e3o aos participantes que acompanharem todas as atividades.<\/p>\n\n\n\n<p><strong>DIA 24, 18H30 &#8211;<\/strong>&nbsp;\u201cAcervos pessoais dos mestres e dos espa\u00e7os de pr\u00e1tica\u201d. O que s\u00e3o as coisas que os mestres da capoeira guardam em suas casas ou nas academias de capoeira? Por que guardam? Quais s\u00e3o os significados desses materiais? Como contribuem para a mem\u00f3ria pessoal e tamb\u00e9m social da capoeira?<\/p>\n\n\n\n<p>Com Mestre Sergipe, Mestre Bacico e professora Cleo Sheirosa.<\/p>\n\n\n\n<p><strong>Dia 25, 18h30<\/strong>&nbsp;&#8211; \u201cCapoeira vivida e hist\u00f3rias da capoeira angola no Paran\u00e1\u201d. O jogo, a dan\u00e7a, a m\u00edmica, a luta e a ancestralidade, a capoeira angola compreende e desenvolve estes aspectos de forma integrada e marcada pela solidariedade. Di\u00e1logo, troca, desafio, brincadeira, aprendizado, abertura e fechamento, agentividade que se leva de dentro para fora da roda, pois o angoleiro leva a \u00e9tica da capoeira para sua vida.<\/p>\n\n\n\n<p>Com Mestre Lito, Caroline Blum e Andr\u00e9 Boquinha.<\/p>\n\n\n\n<p><strong>DIA 26, 18H30&nbsp;<\/strong>&#8211; \u201cRela\u00e7\u00e3o entre humanos e objetos na capoeira\u201d. O que os estudos sociais sobre capoeira dizem a respeito dos seus objetos? Existe uma dicotomia r\u00edgida entre sujeitos e objetos? Quais as aten\u00e7\u00f5es especiais que os materiais da capoeira requerem e em quais circunst\u00e2ncias? Como ocorrem as rela\u00e7\u00f5es entre humanos e n\u00e3o humanos na capoeira?<\/p>\n\n\n\n<p>Com S\u00e9rgio Gonz\u00e1lez Varela e Ant\u00f4nio Liberac.<\/p>\n\n\n\n<p><strong>EXIBI\u00c7\u00c3O DE DOCUMENT\u00c1RIO&nbsp;<\/strong>\u2013 Complementando a programa\u00e7\u00e3o das mesas, durante os dias 20 a 26 de agosto, o Mupa disponibilizar\u00e1 o document\u00e1rio \u201cMestre Sergipe \u2013 Um Homem, uma For\u00e7a, um Cora\u00e7\u00e3o\u201d, realizado por umas das convidadas do evento, Cleo Sheirosa. O material estar\u00e1 dispon\u00edvel gratuitamente para os interessados assistirem nesse per\u00edodo.<\/p>\n\n\n\n<p>Assista&nbsp;<a href=\"https:\/\/drive.google.com\/file\/d\/1UHZetsL4V59x9dBThJAZkn9g-i3FZNQ-%20%20\/view?usp=drivesdk%A0\" target=\"_blank\" rel=\"noreferrer noopener\">AQUI.<\/a>&nbsp;Link<\/p>\n\n\n\n<p><strong>Servi\u00e7o:<\/strong><br>\u201cQue mem\u00f3ria \u00e9 essa da capoeira no Paran\u00e1?\u201d<br>24, 25 e 26 de agosto<br>Sempre ao vivo, a partir das 18h30, no canal do Museu Paranaense no\u00a0<strong><a rel=\"noreferrer noopener\" href=\"https:\/\/www.youtube.com\/c\/MuseuParanaense2021\" target=\"_blank\">YouTube.<\/a><\/strong><br>Evento gratuito com tradu\u00e7\u00e3o simult\u00e2nea em Libras.<br>Emiss\u00e3o de declara\u00e7\u00e3o aos participantes por meio de preenchimento de formul\u00e1rio online, fornecido pela produ\u00e7\u00e3o ao longo das transmiss\u00f5es.<\/p>\n\n\n\n<p>AEN<\/p>\n","protected":false},"excerpt":{"rendered":"<p>O Museu Paranaense vai promover a partir desta ter\u00e7a-feira (24) o evento \u201cQue mem\u00f3ria \u00e9 essa da capoeira no Paran\u00e1?\u201d, formado por tr\u00eas mesas virtuais que acontecem at\u00e9 quinta&nbsp;no canal do Mupa&nbsp;no YouTube. A ideia \u00e9 pensar coletivamente a cultura material e imaterial da capoeira, tradi\u00e7\u00e3o brasileira de origem africana e muito presente tamb\u00e9m em [&hellip;]<\/p>\n","protected":false},"author":2,"featured_media":33926,"comment_status":"open","ping_status":"open","sticky":false,"template":"","format":"standard","meta":{"advanced_seo_description":"","jetpack_seo_html_title":"","jetpack_seo_noindex":false,"_jetpack_memberships_contains_paid_content":false,"footnotes":""},"categories":[40],"tags":[],"class_list":{"0":"post-33925","1":"post","2":"type-post","3":"status-publish","4":"format-standard","5":"has-post-thumbnail","7":"category-destaques"},"jetpack_featured_media_url":"https:\/\/www.paranapraia.com.br\/wp-content\/uploads\/2021\/08\/news_interna_Mestre_Maiky_integrante_do_Grupo_Internacional_Capoeira_Aliance_municipio_de_Maringa_Parana._Berimbau_Gunga_2020.Acervo_MUPA.jpg","jetpack_sharing_enabled":true,"_links":{"self":[{"href":"https:\/\/www.paranapraia.com.br\/index.php\/wp-json\/wp\/v2\/posts\/33925"}],"collection":[{"href":"https:\/\/www.paranapraia.com.br\/index.php\/wp-json\/wp\/v2\/posts"}],"about":[{"href":"https:\/\/www.paranapraia.com.br\/index.php\/wp-json\/wp\/v2\/types\/post"}],"author":[{"embeddable":true,"href":"https:\/\/www.paranapraia.com.br\/index.php\/wp-json\/wp\/v2\/users\/2"}],"replies":[{"embeddable":true,"href":"https:\/\/www.paranapraia.com.br\/index.php\/wp-json\/wp\/v2\/comments?post=33925"}],"version-history":[{"count":1,"href":"https:\/\/www.paranapraia.com.br\/index.php\/wp-json\/wp\/v2\/posts\/33925\/revisions"}],"predecessor-version":[{"id":33927,"href":"https:\/\/www.paranapraia.com.br\/index.php\/wp-json\/wp\/v2\/posts\/33925\/revisions\/33927"}],"wp:featuredmedia":[{"embeddable":true,"href":"https:\/\/www.paranapraia.com.br\/index.php\/wp-json\/wp\/v2\/media\/33926"}],"wp:attachment":[{"href":"https:\/\/www.paranapraia.com.br\/index.php\/wp-json\/wp\/v2\/media?parent=33925"}],"wp:term":[{"taxonomy":"category","embeddable":true,"href":"https:\/\/www.paranapraia.com.br\/index.php\/wp-json\/wp\/v2\/categories?post=33925"},{"taxonomy":"post_tag","embeddable":true,"href":"https:\/\/www.paranapraia.com.br\/index.php\/wp-json\/wp\/v2\/tags?post=33925"}],"curies":[{"name":"wp","href":"https:\/\/api.w.org\/{rel}","templated":true}]}}