{"id":33921,"date":"2021-08-23T10:00:29","date_gmt":"2021-08-23T13:00:29","guid":{"rendered":"https:\/\/www.paranapraia.com.br\/?p=33921"},"modified":"2021-08-23T10:00:30","modified_gmt":"2021-08-23T13:00:30","slug":"camara-municipal-de-pontal-do-parana-adere-ao-programa-nacional-de-prevencao-a-corrupcao","status":"publish","type":"post","link":"https:\/\/www.paranapraia.com.br\/index.php\/2021\/08\/23\/camara-municipal-de-pontal-do-parana-adere-ao-programa-nacional-de-prevencao-a-corrupcao\/","title":{"rendered":"C\u00e2mara Municipal de Pontal do Paran\u00e1 adere ao Programa Nacional de Preven\u00e7\u00e3o \u00e0 Corrup\u00e7\u00e3o"},"content":{"rendered":"\n<p>A C\u00e2mara Municipal de Pontal do Paran\u00e1, aderiu em maio de 2021 ao Programa Nacional de Preven\u00e7\u00e3o \u00e0 Corrup\u00e7\u00e3o, momento em que por determina\u00e7\u00e3o da Presidente da Casa, vereadora Nega, participou do projeto piloto \u201ce-Preven\u00e7\u00e3o\u201d.<\/p>\n\n\n\n<p>A plataforma foi desenvolvida pela STI em parceria com a antiga Seccor e a Secretaria do TCU no Estado do Mato Grosso do Sul (SEC-MS) e est\u00e1 dispon\u00edvel para todos os \u00f3rg\u00e3os p\u00fablicos do pa\u00eds, em todas as esferas de poder, para que possam instituir&nbsp;boas pr\u00e1ticas de preven\u00e7\u00e3o a corrup\u00e7\u00e3o&nbsp;internacionalmente adotadas.<\/p>\n\n\n\n<p>Para receber o selo, o C\u00e2mara Municipal de Pontal do Paran\u00e1 passou por um processo de autoavalia\u00e7\u00e3o de acordo com os par\u00e2metros do Programa para descobrir pontos vulner\u00e1veis e suscet\u00edveis a falhas dentro da institui\u00e7\u00e3o.<\/p>\n\n\n\n<p>Entre as diretrizes do PNPC, que foi lan\u00e7ado no Estado de S\u00e3o Paulo em maio de 2021, est\u00e3o fortalecer das estruturas de preven\u00e7\u00e3o \u00e0 corrup\u00e7\u00e3o das organiza\u00e7\u00f5es p\u00fablicas; induzir a melhoria do perfil dos gestores p\u00fablicos e manter sob controle a corrup\u00e7\u00e3o no Pa\u00eds.<\/p>\n\n\n\n<figure class=\"wp-block-image size-large\"><img loading=\"lazy\" decoding=\"async\" width=\"660\" height=\"584\" src=\"https:\/\/www.paranapraia.com.br\/wp-content\/uploads\/2021\/08\/WhatsApp-Image-2021-08-20-at-14.01.50.jpeg\" alt=\"\" class=\"wp-image-33923\" srcset=\"https:\/\/www.paranapraia.com.br\/wp-content\/uploads\/2021\/08\/WhatsApp-Image-2021-08-20-at-14.01.50.jpeg 660w, https:\/\/www.paranapraia.com.br\/wp-content\/uploads\/2021\/08\/WhatsApp-Image-2021-08-20-at-14.01.50-300x265.jpeg 300w, https:\/\/www.paranapraia.com.br\/wp-content\/uploads\/2021\/08\/WhatsApp-Image-2021-08-20-at-14.01.50-475x420.jpeg 475w\" sizes=\"(max-width: 660px) 100vw, 660px\" \/><\/figure>\n\n\n\n<p>Segundo o titular da Secretaria de Orienta\u00e7\u00e3o, M\u00e9todos, Informa\u00e7\u00f5es e Intelig\u00eancia para o Controle Externo e o Combate \u00e0 Corrup\u00e7\u00e3o (Soma), Tiago Modesto, com o \u201ce-Preven\u00e7\u00e3o\u201d, as entidades poder\u00e3o ter um auditor on-line.<\/p>\n\n\n\n<p>\u201cAs pessoas poder\u00e3o fazer auditoria, coletar evid\u00eancias, auto avaliar-se e executar um plano de a\u00e7\u00e3o para implementa\u00e7\u00e3o das boas pr\u00e1ticas em sua organiza\u00e7\u00e3o\u201d,completou.<\/p>\n\n\n\n<p>A plataforma \u00e9 parte do Programa Nacional de Preven\u00e7\u00e3o \u00e0 Corrup\u00e7\u00e3o, uma iniciativa das Redes de Controle nos estados e permite mapear e diagnosticar a suscetibilidade \u00e0 corrup\u00e7\u00e3o em sua organiza\u00e7\u00e3o, por meio de question\u00e1rio auto avaliativo.<\/p>\n\n\n\n<p><br>A C\u00e2mara Municipal indicou um servidor respons\u00e1vel pelo preenchimento das quest\u00f5es e ap\u00f3s o envio das respostas foi poss\u00edvel identificar o retrato atual da institui\u00e7\u00e3o que aguarda pelas sugest\u00f5es de a\u00e7\u00f5es corretivas.<\/p>\n\n\n\n<p>A presidente da Casa de Leis, vereadora Nega, falou sobre a import\u00e2ncia do programa que promove ainda mais transpar\u00eancia e combate a corrup\u00e7\u00e3o.<\/p>\n\n\n\n<p>\u201cAo aderirmos ao programa nacional de preven\u00e7\u00e3o a corrup\u00e7\u00e3o estamos reafirmando o nosso compromisso com a popula\u00e7\u00e3o, que \u00e9 de transpar\u00eancia em nossa gest\u00e3o, aprovar projetos que beneficiem a comunidade e fiscalizar\u201d, finalizou a presidente da C\u00e2mara, vereadora Nega.<\/p>\n\n\n\n<p><br>Al\u00e9m do TCU e TCE-PR, integram o colegiado da Rede de Controle: a Advocacia-Geral da Uni\u00e3o (AGU); a Assembleia Legislativa do Estado (Alep); a Companhia de Tecnologia da Informa\u00e7\u00e3o e Comunica\u00e7\u00e3o do Paran\u00e1 (Celepar); a Controladoria-Geral do Estado (CGE); a CGU; a Superintend\u00eancia Regional de Policia Federal no Paran\u00e1 (DPF-PR); o Minist\u00e9rio P\u00fablico Estadual (MP-PR); o Minist\u00e9rio P\u00fablico Federal (MPF); o Minist\u00e9rio P\u00fablico de Contas (MPC-PR); o Minist\u00e9rio P\u00fablico do Trabalho (MPT); o Observat\u00f3rio Social do Brasil (OSB); a Procuradoria-Geral do Estado (PGE); a Receita Federal do Brasil (RFB); a Secretaria de Estado da Fazenda (Sefa); a Secretaria de Estado da Justi\u00e7a, Fam\u00edlia e Trabalho (Sejuf) e a Secretaria de Estado da Seguran\u00e7a P\u00fablica (Sesp).<\/p>\n\n\n\n<p>Assessoria<\/p>\n","protected":false},"excerpt":{"rendered":"<p>A C\u00e2mara Municipal de Pontal do Paran\u00e1, aderiu em maio de 2021 ao Programa Nacional de Preven\u00e7\u00e3o \u00e0 Corrup\u00e7\u00e3o, momento em que por determina\u00e7\u00e3o da Presidente da Casa, vereadora Nega, participou do projeto piloto \u201ce-Preven\u00e7\u00e3o\u201d. A plataforma foi desenvolvida pela STI em parceria com a antiga Seccor e a Secretaria do TCU no Estado do [&hellip;]<\/p>\n","protected":false},"author":2,"featured_media":33922,"comment_status":"open","ping_status":"open","sticky":false,"template":"","format":"standard","meta":{"advanced_seo_description":"","jetpack_seo_html_title":"","jetpack_seo_noindex":false,"_jetpack_memberships_contains_paid_content":false,"footnotes":""},"categories":[65],"tags":[],"class_list":{"0":"post-33921","1":"post","2":"type-post","3":"status-publish","4":"format-standard","5":"has-post-thumbnail","7":"category-pontal-do-parana"},"jetpack_featured_media_url":"https:\/\/www.paranapraia.com.br\/wp-content\/uploads\/2021\/08\/IMG_9760-scaled.jpg","jetpack_sharing_enabled":true,"_links":{"self":[{"href":"https:\/\/www.paranapraia.com.br\/index.php\/wp-json\/wp\/v2\/posts\/33921"}],"collection":[{"href":"https:\/\/www.paranapraia.com.br\/index.php\/wp-json\/wp\/v2\/posts"}],"about":[{"href":"https:\/\/www.paranapraia.com.br\/index.php\/wp-json\/wp\/v2\/types\/post"}],"author":[{"embeddable":true,"href":"https:\/\/www.paranapraia.com.br\/index.php\/wp-json\/wp\/v2\/users\/2"}],"replies":[{"embeddable":true,"href":"https:\/\/www.paranapraia.com.br\/index.php\/wp-json\/wp\/v2\/comments?post=33921"}],"version-history":[{"count":1,"href":"https:\/\/www.paranapraia.com.br\/index.php\/wp-json\/wp\/v2\/posts\/33921\/revisions"}],"predecessor-version":[{"id":33924,"href":"https:\/\/www.paranapraia.com.br\/index.php\/wp-json\/wp\/v2\/posts\/33921\/revisions\/33924"}],"wp:featuredmedia":[{"embeddable":true,"href":"https:\/\/www.paranapraia.com.br\/index.php\/wp-json\/wp\/v2\/media\/33922"}],"wp:attachment":[{"href":"https:\/\/www.paranapraia.com.br\/index.php\/wp-json\/wp\/v2\/media?parent=33921"}],"wp:term":[{"taxonomy":"category","embeddable":true,"href":"https:\/\/www.paranapraia.com.br\/index.php\/wp-json\/wp\/v2\/categories?post=33921"},{"taxonomy":"post_tag","embeddable":true,"href":"https:\/\/www.paranapraia.com.br\/index.php\/wp-json\/wp\/v2\/tags?post=33921"}],"curies":[{"name":"wp","href":"https:\/\/api.w.org\/{rel}","templated":true}]}}