{"id":33918,"date":"2021-08-23T09:48:30","date_gmt":"2021-08-23T12:48:30","guid":{"rendered":"https:\/\/www.paranapraia.com.br\/?p=33918"},"modified":"2021-08-23T09:48:31","modified_gmt":"2021-08-23T12:48:31","slug":"covid-19-recusa-a-imunizacao-lota-hospitais-e-cria-risco-de-avanco-da-variante-delta","status":"publish","type":"post","link":"https:\/\/www.paranapraia.com.br\/index.php\/2021\/08\/23\/covid-19-recusa-a-imunizacao-lota-hospitais-e-cria-risco-de-avanco-da-variante-delta\/","title":{"rendered":"Covid-19: recusa \u00e0 imuniza\u00e7\u00e3o lota hospitais e cria risco de avan\u00e7o da variante Delta"},"content":{"rendered":"\n<p>Com uma s\u00e9rie de problemas na distribui\u00e7\u00e3o de vacinas, quase 70% da\u00a0popula\u00e7\u00e3o\u00a0do pa\u00eds sem\u00a0imuniza\u00e7\u00e3o\u00a0\u2013 seja com duas doses ou dose \u00fanica da Janssen \u2013 e assim, contribui para o avan\u00e7o da supertransmiss\u00edvel variante Delta, colocando o Brasil em uma situa\u00e7\u00e3o de alerta. S\u00e3o as pessoas que se recusam a se vacinar e, com isso, exp\u00f5em a si mesmas e \u00e0 sociedade a um risco que poderia ser evitado, lotando os hospitais.<\/p>\n\n\n\n<p>\u201c\u00c9 muito desgastante. A gente n\u00e3o aguenta mais ver gente morrer. Estamos exaustos. A Covid-19 pode ser controlada com vacinas. E h\u00e1 quem se recuse a ser imunizado, essas pessoas prolongam a pandemia, perpetuam a desgra\u00e7a\u201d, afirma Ana Helena Barbosa da Silva, coordenadora m\u00e9dica da Terapia Intensiva do Hospital Municipal Ronaldo Gazolla, a maior UTI de Covid-19 do Brasil, no Rio.<\/p>\n\n\n\n<p>Na semana passada, o secret\u00e1rio municipal de Sa\u00fade do Rio de Janeiro, Daniel Soranz, disse que 95% dos internados no munic\u00edpio s\u00e3o pessoas que n\u00e3o se vacinaram e apenas cerca de 5% dos internados tomaram ao menos a primeira dose.<\/p>\n\n\n\n<p>Soranz se mostra convicto que a maioria dos cariocas quer se vacinar. Ele diz que 90% dos cariocas acima dos 40 anos tomaram a primeira dose. Por outro lado, lamenta que uma minoria continue a prejudicar o combate da pandemia: \u201cOnde h\u00e1 pessoas que n\u00e3o se vacinam, h\u00e1 interna\u00e7\u00e3o e morte.\u201d<\/p>\n\n\n\n<p>A coordenadora das UTIs do Hospital Gazolla argumenta que o Rio de Janeiro est\u00e1 no epicentro da propaga\u00e7\u00e3o da Delta. De acordo com ela, 70% dos internados t\u00eam menos de 60 anos e a maioria n\u00e3o foi vacinada. A cepa em ascens\u00e3o \u00e9 cerca de 60% mais transmiss\u00edvel.<\/p>\n\n\n\n<p>\u201c\u00c9 de rasgar o peito ver jovens morrendo. Pelo amor de Deus, se vacinem. Precisamos tamb\u00e9m que alguns l\u00edderes religiosos se conscientizem sobre as consequ\u00eancias tr\u00e1gicas de sua nega\u00e7\u00e3o deliberada da ci\u00eancia\u201d, acrescenta Silva.<\/p>\n\n\n\n<p>Com isso, Gazolla est\u00e1 abrindo mais leitos de UTI. H\u00e1 casos de jovens com menos de 18 anos que ainda n\u00e3o puderam ser vacinados ou de outros um pouco mais velhos que se infectaram antes de chegar a vez deles. \u201cD\u00e1 uma indigna\u00e7\u00e3o muito grande saber que pessoas que poderiam j\u00e1 ter se vacinado se recusaram e, com isso, prolongam a pandemia\u201d, diz a coordenadora.<\/p>\n\n\n\n<p>Casos de nega\u00e7\u00e3o da vacina est\u00e3o pelas UTIs de diversas regi\u00f5es do Brasil, segundo a chefe da Unidade de Doen\u00e7as Infecciosas Parasit\u00e1rias do Hospital Universit\u00e1rio Pedro Ernesto (Hupe-Uerj), Anna Caryna Cabral. Para ela, a pandemia amplificou um problema que j\u00e1 ocorria com outras doen\u00e7as, alimentado pela ignor\u00e2ncia.<\/p>\n\n\n\n<p>Ludhmila Hajjar, chefe da UTI Covid do Hospital das Cl\u00ednicas da Universidade de S\u00e3o Paulo, lamenta que uma minoria de pessoas prejudique o combate \u00e0\u00a0pandemia: \u201cInfelizmente, ainda h\u00e1 quem continue a tomar ivermectina, na ilus\u00e3o do tratamento precoce.\u201d<\/p>\n\n\n\n<p>\u201cA Covid-19 \u00e9 uma amea\u00e7a real e urgente, um risco infinitamente maior do que a possibilidade de efeitos adversos que qualquer vacina possa ter\u201d, alerta o&nbsp;infectologista Rafael Galliez, professor da UFRJ. Ele est\u00e1&nbsp;preocupado com a vacina\u00e7\u00e3o de gestantes, pois s\u00e3o grupo de risco para a Covid-19 e h\u00e1 uma percep\u00e7\u00e3o de que a Delta tem levado a um aumento de casos mais graves entre elas.<\/p>\n\n\n\n<p>De acordo com as\u00a0estat\u00edsticas di\u00e1rias de mortos e doentes graves\u00a0de Covid-19 est\u00e3o as trag\u00e9dias de brasileiros n\u00e3o imunizados por vontade pr\u00f3pria. Ou seja, s\u00e3o casos que se repetem a cada dia nas UTIs.<\/p>\n\n\n\n<p><em>Fonte:\u00a0<a rel=\"noreferrer noopener\" href=\"https:\/\/oglobo.globo.com\/saude\/medicina\/recusa-imunizacao-contra-covid-19-lota-hospitais-cria-brecha-para-delta-25165207\" target=\"_blank\">O Globo<\/a><\/em><\/p>\n","protected":false},"excerpt":{"rendered":"<p>Com uma s\u00e9rie de problemas na distribui\u00e7\u00e3o de vacinas, quase 70% da\u00a0popula\u00e7\u00e3o\u00a0do pa\u00eds sem\u00a0imuniza\u00e7\u00e3o\u00a0\u2013 seja com duas doses ou dose \u00fanica da Janssen \u2013 e assim, contribui para o avan\u00e7o da supertransmiss\u00edvel variante Delta, colocando o Brasil em uma situa\u00e7\u00e3o de alerta. S\u00e3o as pessoas que se recusam a se vacinar e, com isso, exp\u00f5em [&hellip;]<\/p>\n","protected":false},"author":2,"featured_media":33919,"comment_status":"open","ping_status":"open","sticky":false,"template":"","format":"standard","meta":{"advanced_seo_description":"","jetpack_seo_html_title":"","jetpack_seo_noindex":false,"_jetpack_memberships_contains_paid_content":false,"footnotes":""},"categories":[50],"tags":[],"class_list":{"0":"post-33918","1":"post","2":"type-post","3":"status-publish","4":"format-standard","5":"has-post-thumbnail","7":"category-saude"},"jetpack_featured_media_url":"https:\/\/www.paranapraia.com.br\/wp-content\/uploads\/2021\/08\/bom-dia-galerinha-3.png","jetpack_sharing_enabled":true,"_links":{"self":[{"href":"https:\/\/www.paranapraia.com.br\/index.php\/wp-json\/wp\/v2\/posts\/33918"}],"collection":[{"href":"https:\/\/www.paranapraia.com.br\/index.php\/wp-json\/wp\/v2\/posts"}],"about":[{"href":"https:\/\/www.paranapraia.com.br\/index.php\/wp-json\/wp\/v2\/types\/post"}],"author":[{"embeddable":true,"href":"https:\/\/www.paranapraia.com.br\/index.php\/wp-json\/wp\/v2\/users\/2"}],"replies":[{"embeddable":true,"href":"https:\/\/www.paranapraia.com.br\/index.php\/wp-json\/wp\/v2\/comments?post=33918"}],"version-history":[{"count":1,"href":"https:\/\/www.paranapraia.com.br\/index.php\/wp-json\/wp\/v2\/posts\/33918\/revisions"}],"predecessor-version":[{"id":33920,"href":"https:\/\/www.paranapraia.com.br\/index.php\/wp-json\/wp\/v2\/posts\/33918\/revisions\/33920"}],"wp:featuredmedia":[{"embeddable":true,"href":"https:\/\/www.paranapraia.com.br\/index.php\/wp-json\/wp\/v2\/media\/33919"}],"wp:attachment":[{"href":"https:\/\/www.paranapraia.com.br\/index.php\/wp-json\/wp\/v2\/media?parent=33918"}],"wp:term":[{"taxonomy":"category","embeddable":true,"href":"https:\/\/www.paranapraia.com.br\/index.php\/wp-json\/wp\/v2\/categories?post=33918"},{"taxonomy":"post_tag","embeddable":true,"href":"https:\/\/www.paranapraia.com.br\/index.php\/wp-json\/wp\/v2\/tags?post=33918"}],"curies":[{"name":"wp","href":"https:\/\/api.w.org\/{rel}","templated":true}]}}