{"id":33659,"date":"2021-08-12T15:41:40","date_gmt":"2021-08-12T18:41:40","guid":{"rendered":"https:\/\/www.paranapraia.com.br\/?p=33659"},"modified":"2021-08-12T15:41:41","modified_gmt":"2021-08-12T18:41:41","slug":"menor-bebe-prematuro-do-mundo-recebe-alta-apos-13-meses-na-uti","status":"publish","type":"post","link":"https:\/\/www.paranapraia.com.br\/index.php\/2021\/08\/12\/menor-bebe-prematuro-do-mundo-recebe-alta-apos-13-meses-na-uti\/","title":{"rendered":"Menor beb\u00ea prematuro do mundo recebe alta ap\u00f3s 13 meses na UTI"},"content":{"rendered":"\n<p>A pequena Kwek Yu Xuan tinha apenas 212g \u2014 o peso de uma ma\u00e7\u00e3 \u2014 quando nasceu. Ela media apenas 24 cm de comprimento e foi considerada o menor beb\u00ea prematuro do mundo.<\/p>\n\n\n\n<p>Essa semana, ap\u00f3s 13 meses internada na UTI, a menina recebeu alta e p\u00f4de ir para casa com os pais. A equipe m\u00e9dica do hospital comemorou muito a vit\u00f3ria da Kwek Yu!<\/p>\n\n\n\n<p>A garotinha nasceu com apenas 25 semanas, ap\u00f3s a m\u00e3e dela ter complica\u00e7\u00f5es associadas \u00e0\u00a0hipertens\u00e3o arterial.<\/p>\n\n\n\n<p><strong>Desafiou as probabilidades<\/strong><\/p>\n\n\n\n<p>Kwek Yu Xuan veio ao mundo por cesariana, quatro meses antes do previsto. Ela foi internada imediatamente e recebeu acompanhamento m\u00e9dico desde ent\u00e3o.<\/p>\n\n\n\n<p>A equipe do National University Hospital (NUH) de Singapura, onde a beb\u00ea nasceu, contou que ela\u00a0desafiou todas as probabilidades\u00a0de recupera\u00e7\u00e3o. Por isso a equipe vibrou tanto com a alta hospitalar.<\/p>\n\n\n\n<p>\u201cContra todas as probabilidades, com complica\u00e7\u00f5es de sa\u00fade presentes no nascimento, ela inspirou as pessoas ao seu redor com sua perseveran\u00e7a e crescimento, o que a torna uma beb\u00ea \u2018covid-19\u2019 extraordin\u00e1rio \u2014 um raio de esperan\u00e7a em meio \u00e0 turbul\u00eancia\u201d, disse o hospital em um comunicado.<\/p>\n\n\n\n<p><strong>Sa\u00fade delicada<\/strong><\/p>\n\n\n\n<p>Apesar de ter conseguido alcan\u00e7ar os 6,3 quilos, Kwek Yu ainda tem a sa\u00fade um pouco delicada e precisar\u00e1 de acompanhamento m\u00e9dico nos pr\u00f3ximos anos.<\/p>\n\n\n\n<p>A beb\u00ea tem doen\u00e7a pulmonar cr\u00f4nica e vai precisar de ajuda para respirar em casa. No entanto, os m\u00e9dicos do NUH dizem que ela deve melhorar com o tempo. Viva!<\/p>\n\n\n\n<figure class=\"wp-block-image\" id=\"attachment_162606\"><img decoding=\"async\" src=\"https:\/\/d281e75zdqqlon.cloudfront.net\/wp-content\/uploads\/2021\/08\/bebe-capa3-e1628760601888.jpg\" alt=\"Ap\u00f3s 13 meses internada, a garotinha recebeu alta e segue com tratamentos em casa - Foto: arquivo pessoal\" class=\"wp-image-162606\"\/><figcaption>Ap\u00f3s 13 meses internada, a garotinha recebeu alta e segue com tratamentos em casa \u2013 Foto: arquivo pessoal<\/figcaption><\/figure>\n\n\n\n<p><em>&nbsp;Com informa\u00e7\u00f5es de&nbsp;<a href=\"https:\/\/www.em.com.br\/app\/noticia\/bem-viver\/2021\/08\/09\/interna_bem_viver,1294062\/menor-bebe-prematuro-do-mundo-nascida-com-peso-de-uma-maca-tem-alta-apos.shtml\">Estado de Minas<\/a><\/em><\/p>\n","protected":false},"excerpt":{"rendered":"<p>A pequena Kwek Yu Xuan tinha apenas 212g \u2014 o peso de uma ma\u00e7\u00e3 \u2014 quando nasceu. Ela media apenas 24 cm de comprimento e foi considerada o menor beb\u00ea prematuro do mundo. Essa semana, ap\u00f3s 13 meses internada na UTI, a menina recebeu alta e p\u00f4de ir para casa com os pais. A equipe [&hellip;]<\/p>\n","protected":false},"author":2,"featured_media":33660,"comment_status":"open","ping_status":"open","sticky":false,"template":"","format":"standard","meta":{"advanced_seo_description":"","jetpack_seo_html_title":"","jetpack_seo_noindex":false,"_jetpack_memberships_contains_paid_content":false,"footnotes":""},"categories":[126],"tags":[],"class_list":{"0":"post-33659","1":"post","2":"type-post","3":"status-publish","4":"format-standard","5":"has-post-thumbnail","7":"category-mundo"},"jetpack_featured_media_url":"https:\/\/www.paranapraia.com.br\/wp-content\/uploads\/2021\/08\/menorbebe_principal-696x487-1.jpg","jetpack_sharing_enabled":true,"_links":{"self":[{"href":"https:\/\/www.paranapraia.com.br\/index.php\/wp-json\/wp\/v2\/posts\/33659"}],"collection":[{"href":"https:\/\/www.paranapraia.com.br\/index.php\/wp-json\/wp\/v2\/posts"}],"about":[{"href":"https:\/\/www.paranapraia.com.br\/index.php\/wp-json\/wp\/v2\/types\/post"}],"author":[{"embeddable":true,"href":"https:\/\/www.paranapraia.com.br\/index.php\/wp-json\/wp\/v2\/users\/2"}],"replies":[{"embeddable":true,"href":"https:\/\/www.paranapraia.com.br\/index.php\/wp-json\/wp\/v2\/comments?post=33659"}],"version-history":[{"count":1,"href":"https:\/\/www.paranapraia.com.br\/index.php\/wp-json\/wp\/v2\/posts\/33659\/revisions"}],"predecessor-version":[{"id":33661,"href":"https:\/\/www.paranapraia.com.br\/index.php\/wp-json\/wp\/v2\/posts\/33659\/revisions\/33661"}],"wp:featuredmedia":[{"embeddable":true,"href":"https:\/\/www.paranapraia.com.br\/index.php\/wp-json\/wp\/v2\/media\/33660"}],"wp:attachment":[{"href":"https:\/\/www.paranapraia.com.br\/index.php\/wp-json\/wp\/v2\/media?parent=33659"}],"wp:term":[{"taxonomy":"category","embeddable":true,"href":"https:\/\/www.paranapraia.com.br\/index.php\/wp-json\/wp\/v2\/categories?post=33659"},{"taxonomy":"post_tag","embeddable":true,"href":"https:\/\/www.paranapraia.com.br\/index.php\/wp-json\/wp\/v2\/tags?post=33659"}],"curies":[{"name":"wp","href":"https:\/\/api.w.org\/{rel}","templated":true}]}}