{"id":33641,"date":"2021-08-12T15:13:06","date_gmt":"2021-08-12T18:13:06","guid":{"rendered":"https:\/\/www.paranapraia.com.br\/?p=33641"},"modified":"2021-08-12T15:13:07","modified_gmt":"2021-08-12T18:13:07","slug":"ambulantes-que-querem-atuar-em-matinhos-na-temporada-tem-ate-30-de-agosto-para-se-cadastrar","status":"publish","type":"post","link":"https:\/\/www.paranapraia.com.br\/index.php\/2021\/08\/12\/ambulantes-que-querem-atuar-em-matinhos-na-temporada-tem-ate-30-de-agosto-para-se-cadastrar\/","title":{"rendered":"Ambulantes que querem atuar em Matinhos na temporada t\u00eam at\u00e9 30 de agosto para se cadastrar"},"content":{"rendered":"\n<p>Est\u00e1 aberto desde o dia 1.\u00ba de agosto o prazo para o cadastramento obrigat\u00f3rio de ambulantes que querem atuar em Matinhos na temporada 2021\/2022. <\/p>\n\n\n\n<p>Para a retirada do requerimento pr\u00e9vio, os interessados devem comparecer ao setor de Fiscaliza\u00e7\u00e3o da Prefeitura com os seguintes documentos: C\u00f3pia do documento oficial de identidade; C\u00f3pia do cart\u00e3o do CPF ou CNPJ; C\u00f3pia do t\u00edtulo de eleitor com domic\u00edlio eleitoral em Matinhos h\u00e1 mais de um ano; C\u00f3pia do comprovante de domic\u00edlio no munic\u00edpio que ateste tempo m\u00ednimo de um ano; Certid\u00e3o negativa de antecedentes criminais expedida pela Comarca de Matinhos.<\/p>\n\n\n\n<p>O cadastramento pode ser feito at\u00e9 o dia 30 de agosto. Ap\u00f3s a entrega dos documentos e do requerimento preenchido, ser\u00e1 feita an\u00e1lise das solicita\u00e7\u00f5es de cadastro pela Secretaria de Turismo e Desenvolvimento Econ\u00f4mico. A conclus\u00e3o das an\u00e1lises ir\u00e1 acontecer no per\u00edodo m\u00e1ximo de 60 dias ap\u00f3s o fim do prazo para apresenta\u00e7\u00e3o do pedido de cadastro.<\/p>\n\n\n\n<p>Departamento de Comunica\u00e7\u00e3o<\/p>\n","protected":false},"excerpt":{"rendered":"<p>Est\u00e1 aberto desde o dia 1.\u00ba de agosto o prazo para o cadastramento obrigat\u00f3rio de ambulantes que querem atuar em Matinhos na temporada 2021\/2022. Para a retirada do requerimento pr\u00e9vio, os interessados devem comparecer ao setor de Fiscaliza\u00e7\u00e3o da Prefeitura com os seguintes documentos: C\u00f3pia do documento oficial de identidade; C\u00f3pia do cart\u00e3o do CPF [&hellip;]<\/p>\n","protected":false},"author":2,"featured_media":33642,"comment_status":"open","ping_status":"open","sticky":false,"template":"","format":"standard","meta":{"advanced_seo_description":"","jetpack_seo_html_title":"","jetpack_seo_noindex":false,"_jetpack_memberships_contains_paid_content":false,"footnotes":""},"categories":[40],"tags":[],"class_list":{"0":"post-33641","1":"post","2":"type-post","3":"status-publish","4":"format-standard","5":"has-post-thumbnail","7":"category-destaques"},"jetpack_featured_media_url":"https:\/\/www.paranapraia.com.br\/wp-content\/uploads\/2021\/08\/233767439_1513621832313719_5933589034213395774_n.jpg","jetpack_sharing_enabled":true,"_links":{"self":[{"href":"https:\/\/www.paranapraia.com.br\/index.php\/wp-json\/wp\/v2\/posts\/33641"}],"collection":[{"href":"https:\/\/www.paranapraia.com.br\/index.php\/wp-json\/wp\/v2\/posts"}],"about":[{"href":"https:\/\/www.paranapraia.com.br\/index.php\/wp-json\/wp\/v2\/types\/post"}],"author":[{"embeddable":true,"href":"https:\/\/www.paranapraia.com.br\/index.php\/wp-json\/wp\/v2\/users\/2"}],"replies":[{"embeddable":true,"href":"https:\/\/www.paranapraia.com.br\/index.php\/wp-json\/wp\/v2\/comments?post=33641"}],"version-history":[{"count":1,"href":"https:\/\/www.paranapraia.com.br\/index.php\/wp-json\/wp\/v2\/posts\/33641\/revisions"}],"predecessor-version":[{"id":33643,"href":"https:\/\/www.paranapraia.com.br\/index.php\/wp-json\/wp\/v2\/posts\/33641\/revisions\/33643"}],"wp:featuredmedia":[{"embeddable":true,"href":"https:\/\/www.paranapraia.com.br\/index.php\/wp-json\/wp\/v2\/media\/33642"}],"wp:attachment":[{"href":"https:\/\/www.paranapraia.com.br\/index.php\/wp-json\/wp\/v2\/media?parent=33641"}],"wp:term":[{"taxonomy":"category","embeddable":true,"href":"https:\/\/www.paranapraia.com.br\/index.php\/wp-json\/wp\/v2\/categories?post=33641"},{"taxonomy":"post_tag","embeddable":true,"href":"https:\/\/www.paranapraia.com.br\/index.php\/wp-json\/wp\/v2\/tags?post=33641"}],"curies":[{"name":"wp","href":"https:\/\/api.w.org\/{rel}","templated":true}]}}