{"id":33640,"date":"2021-08-12T15:23:40","date_gmt":"2021-08-12T18:23:40","guid":{"rendered":"https:\/\/www.paranapraia.com.br\/?p=33640"},"modified":"2021-08-12T15:23:41","modified_gmt":"2021-08-12T18:23:41","slug":"comercio-paranaense-cresce-8-no-primeiro-semestre-de-2021-aponta-ibge","status":"publish","type":"post","link":"https:\/\/www.paranapraia.com.br\/index.php\/2021\/08\/12\/comercio-paranaense-cresce-8-no-primeiro-semestre-de-2021-aponta-ibge\/","title":{"rendered":"Com\u00e9rcio paranaense cresce 8% no primeiro semestre de 2021, aponta IBGE"},"content":{"rendered":"\n<p>O volume do com\u00e9rcio varejista ampliado paranaense cresceu 8% no primeiro semestre de 2021 e 5% no acumulado dos \u00faltimos doze meses, segundo a Pesquisa Mensal do Com\u00e9rcio (PMC), do Instituto Brasileiro de Geografia e Estat\u00edstica (IBGE), divulgada na quarta-feira (11). Com esse resultado, que engloba todos os segmentos, inclusive autom\u00f3veis e materiais de constru\u00e7\u00e3o, o setor, um dos mais afetados pela pandemia, aponta sinais mais consolidados de recupera\u00e7\u00e3o.<\/p>\n\n\n\n<p>Na passagem do m\u00eas (maio a junho) houve um pequeno recuo de 3,3%, depois de duas altas consecutivas nos meses anteriores, de 3% (abril) e 4,4% (maio). Na varia\u00e7\u00e3o mensal (junho de 2020 e junho de 2021), a evolu\u00e7\u00e3o foi de 3,5%.<\/p>\n\n\n\n<p>Os principais condutores do setor no semestre foram as vendas de artigos farmac\u00eauticos, m\u00e9dicos, ortop\u00e9dicos, de perfumaria e cosm\u00e9ticos (22,9%), material de constru\u00e7\u00e3o (22%), ve\u00edculos, motocicletas, partes e pe\u00e7as (19,9%), materiais de uso dom\u00e9stico (15,4%), tecido, vestu\u00e1rios e cal\u00e7ados (11,4%), m\u00f3veis (9,9%), combust\u00edveis e lubrificantes (2,4%) e equipamentos para escrit\u00f3rio (2,3%).<\/p>\n\n\n\n<p>No recorte sem materiais de constru\u00e7\u00e3o e ve\u00edculos, que t\u00eam muito peso no setor, o crescimento foi de 1,5% no semestre e 1,6% nos \u00faltimos doze meses. No primeiro segmento, al\u00e9m do crescimento semestral, houve evolu\u00e7\u00e3o mensal em junho de 12,5% e nos \u00faltimos doze meses, de 17,2%. No segmento de autom\u00f3veis, motocicletas, partes e pe\u00e7as, o aumento foi de 7,2% na varia\u00e7\u00e3o mensal e de 8,5% no acumulado do \u00faltimo ano (julho de 2020 a junho de 2021).<\/p>\n\n\n\n<p>Segundo a Pesquisa Conjuntural da Federa\u00e7\u00e3o do Com\u00e9rcio de Bens, Servi\u00e7os e Turismo do Paran\u00e1 (Fecom\u00e9rcio PR), 2021 tem sido marcado pela retomada nos setores de \u00f3ticas, cine-foto-som, concession\u00e1rias de ve\u00edculos, m\u00f3veis, decora\u00e7\u00f5es e utilidades dom\u00e9sticas, materiais de constru\u00e7\u00e3o, autope\u00e7as, farm\u00e1cias e combust\u00edveis.<\/p>\n\n\n\n<p><strong>SERVI\u00c7OS\u00a0<\/strong>\u2013 Na Pesquisa Mensal de Servi\u00e7os (PMS), divulgada nesta quinta-feira (12) pelo IBGE, o volume da atividade cresceu 5,2% no primeiro semestre e 17,3% no comparativo mensal de junho\u00a0com o mesmo m\u00eas de 2020. Os indicadores foram puxados nos primeiros seis meses por servi\u00e7os prestados \u00e0s fam\u00edlias (1,2%), informa\u00e7\u00e3o e comunica\u00e7\u00e3o (2,7%), profissionais, administrativos e complementares (5%) e transporte, servi\u00e7os auxiliares aos transportes e correio (8%).<\/p>\n\n\n\n<p>O turismo, uma das principais atividades do setor de servi\u00e7os, tamb\u00e9m mostrou recupera\u00e7\u00e3o no semestre, com crescimento de 1%. A rela\u00e7\u00e3o \u00e9 com o primeiro semestre de 2020, momento da chegada do coronav\u00edrus ao Paran\u00e1 e da decreta\u00e7\u00e3o das primeiras medidas restritivas no Estado e nos munic\u00edpios. Em paralelo, dentro desse novo contexto, com aumento da vacina\u00e7\u00e3o, houve aumento de 10,4% no setor na passagem do m\u00eas (maio a junho) e de 67,1% em rela\u00e7\u00e3o a junho de 2020.<\/p>\n\n\n\n<p>Governo do Estado<\/p>\n","protected":false},"excerpt":{"rendered":"<p>O volume do com\u00e9rcio varejista ampliado paranaense cresceu 8% no primeiro semestre de 2021 e 5% no acumulado dos \u00faltimos doze meses, segundo a Pesquisa Mensal do Com\u00e9rcio (PMC), do Instituto Brasileiro de Geografia e Estat\u00edstica (IBGE), divulgada na quarta-feira (11). Com esse resultado, que engloba todos os segmentos, inclusive autom\u00f3veis e materiais de constru\u00e7\u00e3o, [&hellip;]<\/p>\n","protected":false},"author":2,"featured_media":33644,"comment_status":"open","ping_status":"open","sticky":false,"template":"","format":"standard","meta":{"advanced_seo_description":"","jetpack_seo_html_title":"","jetpack_seo_noindex":false,"_jetpack_memberships_contains_paid_content":false,"footnotes":""},"categories":[35],"tags":[],"class_list":{"0":"post-33640","1":"post","2":"type-post","3":"status-publish","4":"format-standard","5":"has-post-thumbnail","7":"category-economia"},"jetpack_featured_media_url":"https:\/\/www.paranapraia.com.br\/wp-content\/uploads\/2021\/08\/news_interna_RUA_XVPESSOAS130721_41.jpg","jetpack_sharing_enabled":true,"_links":{"self":[{"href":"https:\/\/www.paranapraia.com.br\/index.php\/wp-json\/wp\/v2\/posts\/33640"}],"collection":[{"href":"https:\/\/www.paranapraia.com.br\/index.php\/wp-json\/wp\/v2\/posts"}],"about":[{"href":"https:\/\/www.paranapraia.com.br\/index.php\/wp-json\/wp\/v2\/types\/post"}],"author":[{"embeddable":true,"href":"https:\/\/www.paranapraia.com.br\/index.php\/wp-json\/wp\/v2\/users\/2"}],"replies":[{"embeddable":true,"href":"https:\/\/www.paranapraia.com.br\/index.php\/wp-json\/wp\/v2\/comments?post=33640"}],"version-history":[{"count":1,"href":"https:\/\/www.paranapraia.com.br\/index.php\/wp-json\/wp\/v2\/posts\/33640\/revisions"}],"predecessor-version":[{"id":33645,"href":"https:\/\/www.paranapraia.com.br\/index.php\/wp-json\/wp\/v2\/posts\/33640\/revisions\/33645"}],"wp:featuredmedia":[{"embeddable":true,"href":"https:\/\/www.paranapraia.com.br\/index.php\/wp-json\/wp\/v2\/media\/33644"}],"wp:attachment":[{"href":"https:\/\/www.paranapraia.com.br\/index.php\/wp-json\/wp\/v2\/media?parent=33640"}],"wp:term":[{"taxonomy":"category","embeddable":true,"href":"https:\/\/www.paranapraia.com.br\/index.php\/wp-json\/wp\/v2\/categories?post=33640"},{"taxonomy":"post_tag","embeddable":true,"href":"https:\/\/www.paranapraia.com.br\/index.php\/wp-json\/wp\/v2\/tags?post=33640"}],"curies":[{"name":"wp","href":"https:\/\/api.w.org\/{rel}","templated":true}]}}