{"id":33637,"date":"2021-08-12T14:00:50","date_gmt":"2021-08-12T17:00:50","guid":{"rendered":"https:\/\/www.paranapraia.com.br\/?p=33637"},"modified":"2021-08-12T14:00:51","modified_gmt":"2021-08-12T17:00:51","slug":"iat-promove-reunioes-para-retomada-das-atividades-do-comite-de-bacias-do-medio-iguacu","status":"publish","type":"post","link":"https:\/\/www.paranapraia.com.br\/index.php\/2021\/08\/12\/iat-promove-reunioes-para-retomada-das-atividades-do-comite-de-bacias-do-medio-iguacu\/","title":{"rendered":"IAT promove reuni\u00f5es para retomada das atividades do Comit\u00ea de Bacias do M\u00e9dio Igua\u00e7u"},"content":{"rendered":"\n<p>O Instituto \u00c1gua e Terra (IAT), por meio da Ger\u00eancia de Bacias Hidrogr\u00e1ficas, vai promover reuni\u00f5es setoriais para a retomada das atividades e atualiza\u00e7\u00e3o da composi\u00e7\u00e3o do Comit\u00ea de Bacias Hidrogr\u00e1fica do M\u00e9dio Igua\u00e7u. O objetivo \u00e9 constituir um comit\u00ea diverso e com grande representatividade.<\/p>\n\n\n\n<p>Com uma \u00e1rea composta, total ou parcialmente, por 22 munic\u00edpios na regi\u00e3o Centro-Sul e Sudeste do Estado, a Unidade Hidrogr\u00e1fica est\u00e1 localizada entre o segundo e o terceiro planaltos paranaenses. Tem in\u00edcio no munic\u00edpio de Porto Amazonas e termina na divisa entre S\u00e3o Jo\u00e3o do Triunfo e Lapa.<\/p>\n\n\n\n<p>De acordo com o diretor-presidente do IAT, Everton Souza, os Comit\u00eas de Bacias Hidrogr\u00e1ficas s\u00e3o importantes para debater pol\u00edticas p\u00fablicas a respeito da gest\u00e3o dos recursos h\u00eddricos, tendo em vista que o uso de \u00e1gua nas bacias \u00e9 destinado para abastecimento p\u00fablico, abastecimento industrial e hidroeletricidade.<\/p>\n\n\n\n<p>Ele destaca, ainda, que \u00e9 nas reuni\u00f5es dos comit\u00eas que ocorrem debates acerca da gest\u00e3o dos reservat\u00f3rios. \u201cEstamos enfrentando problemas com rela\u00e7\u00e3o ao n\u00edvel dos reservat\u00f3rios por conta da falta de chuvas. Discutimos todas as a\u00e7\u00f5es que desenvolvemos no Estado para ter \u00e1gua em quantidade e qualidade suficiente para atender as demandas da popula\u00e7\u00e3o\u201d, disse.<\/p>\n\n\n\n<p>A gerente de Gest\u00e3o de Bacias Hidrogr\u00e1ficas do Instituto \u00c1gua e Terra, Danielle Tortato, explica que as reuni\u00f5es setoriais ser\u00e3o por videoconfer\u00eancia. \u201cAs reuni\u00f5es ser\u00e3o abertas para os representantes das institui\u00e7\u00f5es atuantes na Bacia, de acordo com o segmento em que se encaixam. Os participantes discutir\u00e3o e definir\u00e3o quais entidades ir\u00e3o representar cada segmento no Comit\u00ea\u201d, afirmou.<\/p>\n\n\n\n<p><strong>COMIT\u00caS<\/strong>\u00a0\u2013\u00a0Os Comit\u00eas de Bacias Hidrogr\u00e1ficas s\u00e3o organismos colegiados com atribui\u00e7\u00f5es normativas, consultivas e deliberativas no \u00e2mbito da bacia hidrogr\u00e1fica de sua jurisdi\u00e7\u00e3o, e fazem parte do Sistema Estadual de Gerenciamento de Recursos H\u00eddricos. Eles s\u00e3o formados por membros do poder p\u00fablico, usu\u00e1rios de \u00e1gua e organiza\u00e7\u00f5es da sociedade civil.<\/p>\n\n\n\n<p><strong>REUNI\u00d5ES<\/strong>&nbsp;\u2013 A reuni\u00e3o para a retomada das atividades da Bacia Hidrogr\u00e1fica do M\u00e9dio Igua\u00e7u aberta aos usu\u00e1rios da bacia acontece no dia 25 deste m\u00eas, \u00e0s 15 horas. Para o poder p\u00fablico, o encontro ocorre em 30 de agosto, \u00e0s 15 horas. J\u00e1 para com a sociedade civil, ser\u00e1 em 1\u00ba de setembro, \u00e0s 15 horas.<\/p>\n\n\n\n<p>Para mais informa\u00e7\u00f5es e\/ou manifesta\u00e7\u00e3o de interesse em participar, basta entrar em contato pelo telefone (41) 3213-4752 ou pelo e-mail&nbsp;cbhmedioiguacu@iat.pr.gov.br.&nbsp;O link da reuni\u00e3o ser\u00e1 enviado aos interessados.<\/p>\n\n\n\n<p><strong>Servi\u00e7o<\/strong><\/p>\n\n\n\n<p>Reuni\u00f5es &#8211; Comit\u00ea das Bacias Hidrogr\u00e1ficas do M\u00e9dio Igua\u00e7u<br>Inscri\u00e7\u00e3o: (41) 3213-4752 ou cbhmedioiguacu@iat.pr.gov.br<\/p>\n\n\n\n<p>Para usu\u00e1rios<br>Data: 25 de agosto<br>Hor\u00e1rio: 15 horas<\/p>\n\n\n\n<p>Para o Poder p\u00fablico<br>Data: 30 de agosto<br>Hor\u00e1rio: 15 horas<\/p>\n\n\n\n<p>Para a Sociedade Civil Organizada<br>Data: 01 de setembro<br>Hor\u00e1rio: 15 horas<\/p>\n\n\n\n<p>Governo do Estado<\/p>\n","protected":false},"excerpt":{"rendered":"<p>O Instituto \u00c1gua e Terra (IAT), por meio da Ger\u00eancia de Bacias Hidrogr\u00e1ficas, vai promover reuni\u00f5es setoriais para a retomada das atividades e atualiza\u00e7\u00e3o da composi\u00e7\u00e3o do Comit\u00ea de Bacias Hidrogr\u00e1fica do M\u00e9dio Igua\u00e7u. O objetivo \u00e9 constituir um comit\u00ea diverso e com grande representatividade. Com uma \u00e1rea composta, total ou parcialmente, por 22 munic\u00edpios [&hellip;]<\/p>\n","protected":false},"author":2,"featured_media":33638,"comment_status":"open","ping_status":"open","sticky":false,"template":"","format":"standard","meta":{"advanced_seo_description":"","jetpack_seo_html_title":"","jetpack_seo_noindex":false,"_jetpack_memberships_contains_paid_content":false,"footnotes":""},"categories":[1],"tags":[],"class_list":{"0":"post-33637","1":"post","2":"type-post","3":"status-publish","4":"format-standard","5":"has-post-thumbnail","7":"category-sem-categoria"},"jetpack_featured_media_url":"https:\/\/www.paranapraia.com.br\/wp-content\/uploads\/2021\/08\/news_interna_ponte_jose_richa002.jpg","jetpack_sharing_enabled":true,"_links":{"self":[{"href":"https:\/\/www.paranapraia.com.br\/index.php\/wp-json\/wp\/v2\/posts\/33637"}],"collection":[{"href":"https:\/\/www.paranapraia.com.br\/index.php\/wp-json\/wp\/v2\/posts"}],"about":[{"href":"https:\/\/www.paranapraia.com.br\/index.php\/wp-json\/wp\/v2\/types\/post"}],"author":[{"embeddable":true,"href":"https:\/\/www.paranapraia.com.br\/index.php\/wp-json\/wp\/v2\/users\/2"}],"replies":[{"embeddable":true,"href":"https:\/\/www.paranapraia.com.br\/index.php\/wp-json\/wp\/v2\/comments?post=33637"}],"version-history":[{"count":1,"href":"https:\/\/www.paranapraia.com.br\/index.php\/wp-json\/wp\/v2\/posts\/33637\/revisions"}],"predecessor-version":[{"id":33639,"href":"https:\/\/www.paranapraia.com.br\/index.php\/wp-json\/wp\/v2\/posts\/33637\/revisions\/33639"}],"wp:featuredmedia":[{"embeddable":true,"href":"https:\/\/www.paranapraia.com.br\/index.php\/wp-json\/wp\/v2\/media\/33638"}],"wp:attachment":[{"href":"https:\/\/www.paranapraia.com.br\/index.php\/wp-json\/wp\/v2\/media?parent=33637"}],"wp:term":[{"taxonomy":"category","embeddable":true,"href":"https:\/\/www.paranapraia.com.br\/index.php\/wp-json\/wp\/v2\/categories?post=33637"},{"taxonomy":"post_tag","embeddable":true,"href":"https:\/\/www.paranapraia.com.br\/index.php\/wp-json\/wp\/v2\/tags?post=33637"}],"curies":[{"name":"wp","href":"https:\/\/api.w.org\/{rel}","templated":true}]}}