{"id":33627,"date":"2021-08-12T11:56:42","date_gmt":"2021-08-12T14:56:42","guid":{"rendered":"https:\/\/www.paranapraia.com.br\/?p=33627"},"modified":"2021-08-12T11:56:43","modified_gmt":"2021-08-12T14:56:43","slug":"80-das-cidades-do-parana-ja-imunizam-pessoas-ate-30-anos","status":"publish","type":"post","link":"https:\/\/www.paranapraia.com.br\/index.php\/2021\/08\/12\/80-das-cidades-do-parana-ja-imunizam-pessoas-ate-30-anos\/","title":{"rendered":"80% das cidades do Paran\u00e1 j\u00e1 imunizam pessoas at\u00e9 30 anos"},"content":{"rendered":"\n<p>A vacina\u00e7\u00e3o contra a Covid-19 avan\u00e7a cada vez mais no Paran\u00e1&nbsp;e a previs\u00e3o do Governo do Estado de imunizar 80% dos adultos com ao menos uma dose (D1) ou dose \u00fanica (DN) at\u00e9 o fim deste m\u00eas est\u00e1 cada vez mais pr\u00f3xima de se confirmar. Atualmente, de acordo com levantamento realizado na ter\u00e7a-feira (10) pela&nbsp;Secretaria de Estado da Sa\u00fade (Sesa), todos os 399 munic\u00edpios paranaenses est\u00e3o vacinando pessoas com menos de 40 anos. Desses, 320 j\u00e1 baixaram para a casa dos 30 anos (80%)&nbsp;e, dentro desses, 125 j\u00e1 entraram no grupo dos 25 anos \u2013 quase um ter\u00e7o do Estado (31%).<\/p>\n\n\n\n<p>Com um total de 6.655.689 aplica\u00e7\u00f5es entre D1 (6.347.549) e DN (308.140), o Paran\u00e1 j\u00e1 alcan\u00e7ou 76,3% da popula\u00e7\u00e3o vacin\u00e1vel, parcela formada por pessoas com mais de 18 anos (8.720.953 paranaenses). Um avan\u00e7o de 5,3 pontos percentuais&nbsp;em um intervalo de uma semana. O levantamento \u00e9 do Sistema \u00danico de Sa\u00fade (SUS), vinculado ao governo federal \u2013 o Minist\u00e9rio da Sa\u00fade informou que os adolescentes de 12 a 17 anos ser\u00e3o inclu\u00eddos na vacina\u00e7\u00e3o contra a Covid-19, com prioridade para comorbidades, ap\u00f3s a conclus\u00e3o do envio de ao menos a primeira dose para a popula\u00e7\u00e3o adulta.<\/p>\n\n\n\n<p>\u201cTemos muitas quest\u00f5es importantes para administrar ao mesmo tempo no Estado, como o novo modelo de ped\u00e1gio e a crise h\u00eddrica, mas vencer a pandemia \u00e9 a nossa prioridade n\u00famero 1. E s\u00f3 vamos conseguir isso com a vacina\u00e7\u00e3o, fazendo com que as vacinas&nbsp;cheguem cada vez mais r\u00e1pido ao bra\u00e7o dos paranaenses\u201d, afirmou o governador Carlos Massa Ratinho Junior.<\/p>\n\n\n\n<p>A pesquisa da Sesa revelou tamb\u00e9m que 14 cidades j\u00e1 est\u00e3o no \u00faltimo&nbsp;ciclo (3,5%), imunizando&nbsp;pessoas com mais de 18 anos com a D1 ou DN \u2013 Guaraque\u00e7aba, Adrian\u00f3polis, Doutor Ulysses, Tunas do Paran\u00e1, Barrac\u00e3o, Bela Vista do Caroba, Bom Jesus do Sul, Flor da Serra do Sul, Santa Izabel do Oeste, Santo Ant\u00f4nio do Sudoeste, Marilena, Santa Cec\u00edlia do Pav\u00e3o, Gua\u00edra e Ventania.<\/p>\n\n\n\n<p>Na outra ponta, apenas 79 seguem vacinando na faixa entre 31 e 39 anos, mas com perspectivas de avan\u00e7ar dos 30 anos j\u00e1 nesta semana, com as tr\u00eas remessas enviadas entre s\u00e1bado (7) e esta quinta-feira (12).<\/p>\n\n\n\n<p>A agilidade na aplica\u00e7\u00e3o por parte dos munic\u00edpios derrubou a m\u00e9dia de idade dos vacin\u00e1veis, atualmente em 27,1 anos no Estado.<\/p>\n\n\n\n<p>\u201cA vacina\u00e7\u00e3o dos paranaenses n\u00e3o pode parar no s\u00e1bado, no domingo, ou \u00e0 noite. Por isso, as campanhas De Domingo a Domingo e Coruj\u00e3o da Vacina\u00e7\u00e3o s\u00e3o iniciativas exemplares\u201d, destacou o secret\u00e1rio de Estado da Sa\u00fade, Beto Preto. \u201cMesmo que seja s\u00e1bado ou domingo n\u00e3o podemos deixar vacina na geladeira. Queremos vacina no bra\u00e7o dos paranaenses\u201d.<\/p>\n\n\n\n<p><strong>CIDADES&nbsp;<\/strong>\u2013 O Paran\u00e1 \u00e9, em n\u00fameros absolutos, o quinto estado que mais vacinou no somat\u00f3rio de todas as doses. Foram, at\u00e9 o momento, 8.936.942 aplica\u00e7\u00f5es, atr\u00e1s apenas de S\u00e3o Paulo, Minas Gerais, Rio de Janeiro e Rio Grande do Sul. As cidades que mais vacinaram, tamb\u00e9m em n\u00fameros absolutos, foram Curitiba (1.592.007), Londrina (440.117), Maring\u00e1 (406.605), Cascavel (252.835), Ponta Grossa (234.196), Foz do Igua\u00e7u (217.184), S\u00e3o Jos\u00e9 dos Pinhais (315.824) e Colombo (163.997).<\/p>\n\n\n\n<p>J\u00e1 em rela\u00e7\u00e3o \u00e0 proporcionalidade do n\u00famero de habitantes, os destaques s\u00e3o Pontal do Paran\u00e1 (84,20%), Floresta (82,70%), Maring\u00e1 (81,17%), Arapongas (78,91%), Nova Santa B\u00e1rbara (76,87%) e Esperan\u00e7a Nova (76,65%) na primeira dose; e Pontal do Paran\u00e1 (37,24%), S\u00e3o Manoel do Paran\u00e1 (35,32%), Kalor\u00e9 (34,64%), Bom Jesus do Sul (34,09%), Flora\u00ed (33,76%) e Santo Ant\u00f4nio do Caiu\u00e1 (32,27%) na segunda dose.<\/p>\n\n\n\n<p><strong>Confira o levantamento completo\u00a0<a rel=\"noreferrer noopener\" href=\"https:\/\/www.aen.pr.gov.br\/arquivos\/1208VACINACAO_POP_GERAL_7.pdf\" target=\"_blank\">AQUI<\/a>. O levantamento foi realizado na ter\u00e7a-feira.<\/strong><\/p>\n\n\n\n<p>AEN<\/p>\n","protected":false},"excerpt":{"rendered":"<p>A vacina\u00e7\u00e3o contra a Covid-19 avan\u00e7a cada vez mais no Paran\u00e1&nbsp;e a previs\u00e3o do Governo do Estado de imunizar 80% dos adultos com ao menos uma dose (D1) ou dose \u00fanica (DN) at\u00e9 o fim deste m\u00eas est\u00e1 cada vez mais pr\u00f3xima de se confirmar. Atualmente, de acordo com levantamento realizado na ter\u00e7a-feira (10) pela&nbsp;Secretaria [&hellip;]<\/p>\n","protected":false},"author":2,"featured_media":33628,"comment_status":"open","ping_status":"open","sticky":false,"template":"","format":"standard","meta":{"advanced_seo_description":"","jetpack_seo_html_title":"","jetpack_seo_noindex":false,"_jetpack_memberships_contains_paid_content":false,"footnotes":""},"categories":[40],"tags":[],"class_list":{"0":"post-33627","1":"post","2":"type-post","3":"status-publish","4":"format-standard","5":"has-post-thumbnail","7":"category-destaques"},"jetpack_featured_media_url":"https:\/\/www.paranapraia.com.br\/wp-content\/uploads\/2021\/08\/news_interna_vacinacao_ogura49.jpg","jetpack_sharing_enabled":true,"_links":{"self":[{"href":"https:\/\/www.paranapraia.com.br\/index.php\/wp-json\/wp\/v2\/posts\/33627"}],"collection":[{"href":"https:\/\/www.paranapraia.com.br\/index.php\/wp-json\/wp\/v2\/posts"}],"about":[{"href":"https:\/\/www.paranapraia.com.br\/index.php\/wp-json\/wp\/v2\/types\/post"}],"author":[{"embeddable":true,"href":"https:\/\/www.paranapraia.com.br\/index.php\/wp-json\/wp\/v2\/users\/2"}],"replies":[{"embeddable":true,"href":"https:\/\/www.paranapraia.com.br\/index.php\/wp-json\/wp\/v2\/comments?post=33627"}],"version-history":[{"count":1,"href":"https:\/\/www.paranapraia.com.br\/index.php\/wp-json\/wp\/v2\/posts\/33627\/revisions"}],"predecessor-version":[{"id":33629,"href":"https:\/\/www.paranapraia.com.br\/index.php\/wp-json\/wp\/v2\/posts\/33627\/revisions\/33629"}],"wp:featuredmedia":[{"embeddable":true,"href":"https:\/\/www.paranapraia.com.br\/index.php\/wp-json\/wp\/v2\/media\/33628"}],"wp:attachment":[{"href":"https:\/\/www.paranapraia.com.br\/index.php\/wp-json\/wp\/v2\/media?parent=33627"}],"wp:term":[{"taxonomy":"category","embeddable":true,"href":"https:\/\/www.paranapraia.com.br\/index.php\/wp-json\/wp\/v2\/categories?post=33627"},{"taxonomy":"post_tag","embeddable":true,"href":"https:\/\/www.paranapraia.com.br\/index.php\/wp-json\/wp\/v2\/tags?post=33627"}],"curies":[{"name":"wp","href":"https:\/\/api.w.org\/{rel}","templated":true}]}}