{"id":33624,"date":"2021-08-12T11:54:30","date_gmt":"2021-08-12T14:54:30","guid":{"rendered":"https:\/\/www.paranapraia.com.br\/?p=33624"},"modified":"2021-08-12T11:54:31","modified_gmt":"2021-08-12T14:54:31","slug":"morre-aos-85-o-ator-tarcisio-meira-por-complicacoes-da-covid-19","status":"publish","type":"post","link":"https:\/\/www.paranapraia.com.br\/index.php\/2021\/08\/12\/morre-aos-85-o-ator-tarcisio-meira-por-complicacoes-da-covid-19\/","title":{"rendered":"Morre aos 85 o ator Tarc\u00edsio Meira, por complica\u00e7\u00f5es da covid-19"},"content":{"rendered":"\n<p>Morreu nesta quinta-feira (12) o ator brasileiro&nbsp;<strong>Tarc\u00edsio Meira<\/strong>, aos 85 anos de idade. Ele estava internado desde o dia 6 de agosto no Hospital Albert Einstein, em S\u00e3o Paulo, por conta de complica\u00e7\u00f5es vindas da covid-19. A esposa do artista, a atriz Gl\u00f3ria Menezes, 86, tamb\u00e9m foi infectada pelo coronavirus, mas segue internada com \u201cboa recupera\u00e7\u00e3o\u201d, de acordo com boletim m\u00e9dico recente.<\/p>\n\n\n\n<p>Meira \u00e9 considerado dos mais importantes atores do Pa\u00eds e fez hist\u00f3ria tanto na TV quanto no cinema, sendo inclusive o protagonista da primeira novela di\u00e1ria nacional, \u20182-5499 Ocupado\u2019, transmitida pela TV Excelsior, em 1963.<\/p>\n\n\n\n<p>Olhar Digital<\/p>\n","protected":false},"excerpt":{"rendered":"<p>Morreu nesta quinta-feira (12) o ator brasileiro&nbsp;Tarc\u00edsio Meira, aos 85 anos de idade. Ele estava internado desde o dia 6 de agosto no Hospital Albert Einstein, em S\u00e3o Paulo, por conta de complica\u00e7\u00f5es vindas da covid-19. A esposa do artista, a atriz Gl\u00f3ria Menezes, 86, tamb\u00e9m foi infectada pelo coronavirus, mas segue internada com \u201cboa [&hellip;]<\/p>\n","protected":false},"author":2,"featured_media":33625,"comment_status":"open","ping_status":"open","sticky":false,"template":"","format":"standard","meta":{"advanced_seo_description":"","jetpack_seo_html_title":"","jetpack_seo_noindex":false,"_jetpack_memberships_contains_paid_content":false,"footnotes":""},"categories":[40],"tags":[],"class_list":{"0":"post-33624","1":"post","2":"type-post","3":"status-publish","4":"format-standard","5":"has-post-thumbnail","7":"category-destaques"},"jetpack_featured_media_url":"https:\/\/www.paranapraia.com.br\/wp-content\/uploads\/2021\/08\/tarcisio-meira-2019.jpg","jetpack_sharing_enabled":true,"_links":{"self":[{"href":"https:\/\/www.paranapraia.com.br\/index.php\/wp-json\/wp\/v2\/posts\/33624"}],"collection":[{"href":"https:\/\/www.paranapraia.com.br\/index.php\/wp-json\/wp\/v2\/posts"}],"about":[{"href":"https:\/\/www.paranapraia.com.br\/index.php\/wp-json\/wp\/v2\/types\/post"}],"author":[{"embeddable":true,"href":"https:\/\/www.paranapraia.com.br\/index.php\/wp-json\/wp\/v2\/users\/2"}],"replies":[{"embeddable":true,"href":"https:\/\/www.paranapraia.com.br\/index.php\/wp-json\/wp\/v2\/comments?post=33624"}],"version-history":[{"count":1,"href":"https:\/\/www.paranapraia.com.br\/index.php\/wp-json\/wp\/v2\/posts\/33624\/revisions"}],"predecessor-version":[{"id":33626,"href":"https:\/\/www.paranapraia.com.br\/index.php\/wp-json\/wp\/v2\/posts\/33624\/revisions\/33626"}],"wp:featuredmedia":[{"embeddable":true,"href":"https:\/\/www.paranapraia.com.br\/index.php\/wp-json\/wp\/v2\/media\/33625"}],"wp:attachment":[{"href":"https:\/\/www.paranapraia.com.br\/index.php\/wp-json\/wp\/v2\/media?parent=33624"}],"wp:term":[{"taxonomy":"category","embeddable":true,"href":"https:\/\/www.paranapraia.com.br\/index.php\/wp-json\/wp\/v2\/categories?post=33624"},{"taxonomy":"post_tag","embeddable":true,"href":"https:\/\/www.paranapraia.com.br\/index.php\/wp-json\/wp\/v2\/tags?post=33624"}],"curies":[{"name":"wp","href":"https:\/\/api.w.org\/{rel}","templated":true}]}}