{"id":33621,"date":"2021-08-12T10:37:20","date_gmt":"2021-08-12T13:37:20","guid":{"rendered":"https:\/\/www.paranapraia.com.br\/?p=33621"},"modified":"2021-08-12T10:37:21","modified_gmt":"2021-08-12T13:37:21","slug":"apos-40-anos-panasonic-encerra-a-producao-de-televisores-no-brasil","status":"publish","type":"post","link":"https:\/\/www.paranapraia.com.br\/index.php\/2021\/08\/12\/apos-40-anos-panasonic-encerra-a-producao-de-televisores-no-brasil\/","title":{"rendered":"Ap\u00f3s 40 anos, Panasonic encerra a produ\u00e7\u00e3o de televisores no Brasil"},"content":{"rendered":"\n<p>A fabricante japonesa de eletroeletr\u00f4nicos Panasonic anunciou na quarta-feira (11.ago), que vai encerrar a produ\u00e7\u00e3o de televisores e de produtos de \u00e1udio no Brasil, uma linha que existe na f\u00e1brica de Manaus desde 1981. O grupo de funcion\u00e1rios, que s\u00e3o dedicados \u00e0 produ\u00e7\u00e3o e engenharia de TVs representa cerca de 5% (130) dos 2,4 mil funcion\u00e1rios da Panasonic no pa\u00eds, ser\u00e3o demitidos.<\/p>\n\n\n\n<p>Em nota divulgada ao mercado, a Panasonic afirma ainda que acredita no potencial e no mercado brasileiro, e que continuar\u00e1 investindo e fomentando novas linhas e novos produtos.<\/p>\n\n\n\n<p>A fabricante japonesa alega que a unidade de Manaus manter\u00e1 suas atividades produzindo micro-ondas, produtos automotivos e componentes eletr\u00f4nicos, \u00e1reas tamb\u00e9m de grande representatividade.&nbsp;<\/p>\n\n\n\n<p>S\u00e3o previstas 130 demiss\u00f5es at\u00e9 dezembro, ou seja, 5% do n\u00famero total de colaboradores.&nbsp;<\/p>\n\n\n\n<p>Al\u00e9m de Manaus, a marca tem f\u00e1brica de Geladeiras e M\u00e1quinas de Lavar Roupa em Extrema (MG) e Pilhas em S\u00e3o Jos\u00e9 dos Campos (SP), al\u00e9m do escrit\u00f3rio administrativo em S\u00e3o Paulo (SP).<\/p>\n\n\n\n<p>&#8220;Essa decis\u00e3o criar\u00e1 uma oportunidade para as outras frentes de neg\u00f3cio nas quais a Panasonic continua a crescer. A Panasonic acredita no potencial e no mercado Brasileiro, e continuar\u00e1 investindo e fomentando novas linhas e novos produtos&#8221;, disse em nota a assessoria de imprensa da empesa.<\/p>\n\n\n\n<p><strong>Canon tamb\u00e9m interrompeu a fabrica\u00e7\u00e3o de produtos no Brasil<\/strong><\/p>\n\n\n\n<figure class=\"wp-block-image\"><img decoding=\"async\" src=\"https:\/\/static.sbt.com.br\/noticias\/images\/169703.jpg\" alt=\"F\u00e1brica em Manaus era a \u00fanica opera\u00e7\u00e3o da Canon fora da \u00c1sia; Opera\u00e7\u00f5es comerciais continuam no Brasil | Google Street View\"\/><\/figure>\n\n\n\n<p>F\u00e1brica em Manaus era a \u00fanica opera\u00e7\u00e3o da Canon fora da \u00c1sia; Opera\u00e7\u00f5es comerciais continuam no Brasil | Google Street View<\/p>\n\n\n\n<p>A fabricante japonesa de c\u00e2meras, acess\u00f3rios para fotografia e impress\u00e3o, Canon, decidiu fechar sua f\u00e1brica na Zona Franca de Manaus. O an\u00fancio foi feito pela pr\u00f3pria empresa e confirmado ao\u00a0pela sua assessoria de imprensa. As opera\u00e7\u00f5es continuam no pa\u00eds.<\/p>\n\n\n\n<p>&#8220;Informamos que o fechamento da f\u00e1brica n\u00e3o afetar\u00e1 nenhum servi\u00e7o ou estrat\u00e9gias de vendas da multinacional. \u00c9 uma decis\u00e3o tomada pela Canon Jap\u00e3o que respondia pela f\u00e1brica&#8221;, diz a nota oficial.<\/p>\n\n\n\n<p>A unidade fabril foi inaugurada em 2012, em Manaus, como estrat\u00e9gia para ampliar as vendas de c\u00e2meras e acess\u00f3rios em mercados emergentes, sendo que o Brasil era o quarto maior mercado da empresa japonesa &#8212; seguido por Estados Unidos, China e Jap\u00e3o.<\/p>\n\n\n\n<p><strong>Sony tamb\u00e9m anunciou fechamento de f\u00e1brica em 2020&nbsp;<\/strong><\/p>\n\n\n\n<p>Em setembro de 2020, ap\u00f3s 48 anos, a Sony, uma das maiores empresas de eletr\u00f4nicos do mundo, anunciou o fechamento da f\u00e1brica no Polo Industrial de Manaus para este ano, capital do Amazonas.&nbsp;<\/p>\n\n\n\n<p>A decis\u00e3o foi tomada ap\u00f3s a revis\u00e3o dos seus neg\u00f3cios no pa\u00eds. Diz o comunicado que &#8220;a decis\u00e3o visa fortalecer a estrutura e a sustentabilidade de seus neg\u00f3cios, para responder \u00e0s r\u00e1pidas mudan\u00e7as no ambiente externo&#8221;.&nbsp;<\/p>\n\n\n\n<p>A empresa japonesa falou ao SBT News na \u00e9poca que os outros neg\u00f3cios da Sony no pa\u00eds como Games, da linha de consoles e jogos PlayStation, Solu\u00e7\u00f5es Profissionais, Music e Pictures Entretenimento v\u00e3o permanecer normalmente. Os servi\u00e7os de garantia e suporte t\u00e9cnico tamb\u00e9m ser\u00e3o mantidos no Brasil.&nbsp;<\/p>\n\n\n\n<p>O governador do Amazonas, Wilson Lima, lamentou na \u00e9poca. &#8220;A gente lamenta a sa\u00edda da empresa porque isso significa uma menor circula\u00e7\u00e3o de recursos na nossa economia e tamb\u00e9m a perda de empregos&#8221;. A estrutura foi vendida para a fabricante de eletr\u00f4nicos Brit\u00e2nia.<\/p>\n\n\n\n<p><strong>LG anunciou fechamento de f\u00e1brica em abril e 700 perderam seus empregos<\/strong><\/p>\n\n\n\n<p>Em abril, a empresa coreana de eletr\u00f4nicos LG, tamb\u00e9m anunciou que finalizaria o parque fabril de smartphones em Taubat\u00e9, no interior de S\u00e3o Paulo. 700 pessoas perderam seus empregos. O motivo do fechamento foi devido aos preju\u00edzos acumulados por 23 trimestres consecutivos e perdas operacionais, provocando assim, a produ\u00e7\u00e3o global de celulares.&nbsp;<\/p>\n\n\n\n<p>&#8220;No entanto, com a crescente competitividade global, bem como em raz\u00e3o dos preju\u00edzos acumulados no segmento de smartphones de 23 trimestres consecutivos e perdas operacionais acumuladas, a empresa decidiu encerrar suas atividades de celulares globalmente, o que resultar\u00e1 no encerramento desta produ\u00e7\u00e3o na unidade de Taubat\u00e9\/SP.&#8221;, diz trecho da nota oficial.&nbsp;<\/p>\n\n\n\n<p>No entanto, mesmo com o fechamento da f\u00e1brica em SP, a empresa diz que segue investindo em outras unidades no Brasil, principalmente em Manaus, capital do Amazonas.<br>&nbsp;<\/p>\n\n\n\n<p><em>*estagi\u00e1rio de Jornalismo do SBT sob supervis\u00e3o<\/em><\/p>\n","protected":false},"excerpt":{"rendered":"<p>A fabricante japonesa de eletroeletr\u00f4nicos Panasonic anunciou na quarta-feira (11.ago), que vai encerrar a produ\u00e7\u00e3o de televisores e de produtos de \u00e1udio no Brasil, uma linha que existe na f\u00e1brica de Manaus desde 1981. O grupo de funcion\u00e1rios, que s\u00e3o dedicados \u00e0 produ\u00e7\u00e3o e engenharia de TVs representa cerca de 5% (130) dos 2,4 mil [&hellip;]<\/p>\n","protected":false},"author":2,"featured_media":33622,"comment_status":"open","ping_status":"open","sticky":false,"template":"","format":"standard","meta":{"advanced_seo_description":"","jetpack_seo_html_title":"","jetpack_seo_noindex":false,"_jetpack_memberships_contains_paid_content":false,"footnotes":""},"categories":[35],"tags":[],"class_list":{"0":"post-33621","1":"post","2":"type-post","3":"status-publish","4":"format-standard","5":"has-post-thumbnail","7":"category-economia"},"jetpack_featured_media_url":"https:\/\/www.paranapraia.com.br\/wp-content\/uploads\/2021\/08\/176777.jpg","jetpack_sharing_enabled":true,"_links":{"self":[{"href":"https:\/\/www.paranapraia.com.br\/index.php\/wp-json\/wp\/v2\/posts\/33621"}],"collection":[{"href":"https:\/\/www.paranapraia.com.br\/index.php\/wp-json\/wp\/v2\/posts"}],"about":[{"href":"https:\/\/www.paranapraia.com.br\/index.php\/wp-json\/wp\/v2\/types\/post"}],"author":[{"embeddable":true,"href":"https:\/\/www.paranapraia.com.br\/index.php\/wp-json\/wp\/v2\/users\/2"}],"replies":[{"embeddable":true,"href":"https:\/\/www.paranapraia.com.br\/index.php\/wp-json\/wp\/v2\/comments?post=33621"}],"version-history":[{"count":1,"href":"https:\/\/www.paranapraia.com.br\/index.php\/wp-json\/wp\/v2\/posts\/33621\/revisions"}],"predecessor-version":[{"id":33623,"href":"https:\/\/www.paranapraia.com.br\/index.php\/wp-json\/wp\/v2\/posts\/33621\/revisions\/33623"}],"wp:featuredmedia":[{"embeddable":true,"href":"https:\/\/www.paranapraia.com.br\/index.php\/wp-json\/wp\/v2\/media\/33622"}],"wp:attachment":[{"href":"https:\/\/www.paranapraia.com.br\/index.php\/wp-json\/wp\/v2\/media?parent=33621"}],"wp:term":[{"taxonomy":"category","embeddable":true,"href":"https:\/\/www.paranapraia.com.br\/index.php\/wp-json\/wp\/v2\/categories?post=33621"},{"taxonomy":"post_tag","embeddable":true,"href":"https:\/\/www.paranapraia.com.br\/index.php\/wp-json\/wp\/v2\/tags?post=33621"}],"curies":[{"name":"wp","href":"https:\/\/api.w.org\/{rel}","templated":true}]}}