{"id":33543,"date":"2021-08-09T18:04:53","date_gmt":"2021-08-09T21:04:53","guid":{"rendered":"https:\/\/www.paranapraia.com.br\/?p=33543"},"modified":"2021-08-09T18:07:14","modified_gmt":"2021-08-09T21:07:14","slug":"sensor-pode-detectar-cancer-de-mama-antes-de-formacao-de-tumor","status":"publish","type":"post","link":"https:\/\/www.paranapraia.com.br\/index.php\/2021\/08\/09\/sensor-pode-detectar-cancer-de-mama-antes-de-formacao-de-tumor\/","title":{"rendered":"Sensor pode detectar c\u00e2ncer de mama antes de forma\u00e7\u00e3o de tumor"},"content":{"rendered":"\n<p>De acordo com o Instituto Nacional do C\u00e2ncer (Inca), depois do c\u00e2ncer de pele, n\u00e3o melanoma, o c\u00e2ncer de mama \u00e9 o tipo de c\u00e2ncer mais comum entre as mulheres no mundo e no Brasil, respondendo por cerca de 25% dos casos novos a cada ano. Estat\u00edsticas indicam aumento da sua incid\u00eancia tanto nos pa\u00edses desenvolvidos quanto nos em desenvolvimento. O Instituto estima 57.960 novos casos, no ano de 2016.<\/p>\n\n\n\n<p>O diagn\u00f3stico precoce aumenta significativamente as chances de cura, durante o tratamento.<\/p>\n\n\n\n<p>A professora e pesquisadora do Centro de Pesquisas Avan\u00e7adas em Grafeno e Nanomateriais (MackGraphe) e colaboradora da Universidade Estadual de Campinas (Unicamp), , criou um dispositivo, em parceria o professor e pesquisador Lauro Tatsuo Kubota, capaz de identificar, precocemente, o c\u00e2ncer de mama.<\/p>\n\n\n\n<p>O dispositivo \u00e9 altamente sens\u00edvel, do tamanho de uma moeda de cinquenta centavos, com 64 sensores integrados, capaz de identificar precocemente o c\u00e2ncer de mama.<\/p>\n\n\n\n<p>Segundo a pesquisadora, o dispositivo ou sensor monitora uma prote\u00edna, chamada de HER2 (Human Epidermal Growth Factor Receptor 2, na sigla em ingl\u00eas), que, em quantidades anormais, se expressa em 25% a 30% dos casos de c\u00e2ncer de mama, tornando-se desta forma, um importante biomarcador para o c\u00e2ncer mam\u00e1rio: \u201cQuando uma pessoa inicia um processo de desenvolvimento de uma doen\u00e7a, a presen\u00e7a dessa prote\u00edna ou biomarcador \u00e9 aumentada no sangue humano e esse dispositivo consegue detectar a prote\u00edna, 6 meses antes do tumor ter sido formado. Os estudos mostraram que o aumento da concentra\u00e7\u00e3o da prote\u00edna est\u00e1 relacionado com a forma\u00e7\u00e3o do tumor\u201d, disse a pesquisadora.<\/p>\n\n\n\n<p>Cec\u00edlia explica que o dispositivo poder\u00e1 ser usado para diversos casos: \u201cSe conseguirmos detectar a prote\u00edna em uma concentra\u00e7\u00e3o baixa, conseguiremos indicar esse dispositivo para mulheres que tem hist\u00f3rico de c\u00e2ncer de mama na fam\u00edlia e para mulheres que est\u00e3o fazendo tratamento, para acompanhar a efic\u00e1cia da quimioterapia, pois durante o tratamento, se a concentra\u00e7\u00e3o de prote\u00edna diminuir, indica que o tratamento est\u00e1 sendo efetivo\u201d, explica a pesquisadora.<\/p>\n\n\n\n<p>O dispositivo est\u00e1 em fase 2, envolvendo amostras reais, para que se possa coloc\u00e1-lo no mercado. De acordo com a professora, esse ano, com uma parceria com o Hospital da Sa\u00fade da Mulher, ser\u00e1 poss\u00edvel fazer por meio de volunt\u00e1rias, consideradas HER2 positivas, testes diretamente com o sangue bruto delas, com apenas uma gota de sangue, como em um exame para medir o n\u00edvel de glicose no sangue.<\/p>\n\n\n\n<p>Nos m\u00e9todos tradicionais utilizam-se o exame do toque da mama e a mamografia. No exame do toque, a mulher s\u00f3 consegue identificar o c\u00e2ncer quando o n\u00f3dulo j\u00e1 est\u00e1 com um cent\u00edmetro ou mais. Na mamografia \u00e9 poss\u00edvel detectar n\u00f3dulos de at\u00e9 quatro mil\u00edmetros. Nestes casos o c\u00e2ncer j\u00e1 est\u00e1 instalado e, muitas vezes, pode ser tarde. Devido a isso, esse biomarcador ser\u00e1 muito importante, pois poder\u00e1 detectar, em alguns casos, o c\u00e2ncer de mama, antes da forma\u00e7\u00e3o do n\u00f3dulo.<\/p>\n\n\n\n<p>O feito de Cec\u00edlia e do professor Lauro est\u00e1 sendo muito festejado.<\/p>\n\n\n\n<p>A internauta Viviam Helena Freitas usou suas redes sociais para comemorar: \u201cHoje, todos os holofotes deveriam estar apontados para essa mulher, mas n\u00e3o est\u00e3o. Talvez porque ela n\u00e3o seja casada com algum funkeiro pol\u00eamico, ela n\u00e3o \u00e9 modelo, dan\u00e7arina e nem garota de programa, ela n\u00e3o \u00e9 alguma deputada envolvida em esc\u00e2ndalos de roubo e tamb\u00e9m n\u00e3o \u00e9 nenhuma Youtuber que viralizou postando conte\u00fado in\u00fatil.<\/p>\n\n\n\n<p>CECILIA DE CARVALHO E SILVA \u00e9 uma cientista e pesquisadora da Unicamp que desenvolveu um pequeno equipamento que pode detectar a forma\u00e7\u00e3o de c\u00e2ncer de mama 6 meses antes de algum n\u00f3dulo aparecer. O aparelho possui 64 sensores, que com apenas uma gota de sangue faz a an\u00e1lise, transformando a rea\u00e7\u00e3o qu\u00edmica em corrente el\u00e9trica. Parab\u00e9ns CECILIA!!!<\/p>\n\n\n\n<h2 class=\"wp-block-heading\">Perfil<\/h2>\n\n\n\n<p>Doutora em qu\u00edmica pela Universidade Estadual de Campinas. Cec\u00edlia \u00e9 professora assistente da Universidade Presbiteriana Mackenzie e pesquisadora do MackGraphe- Centro de Pesquisas Avan\u00e7adas em Grafeno, Nanomateriais e Nanotecnologias. Tem experi\u00eancia na \u00e1rea de s\u00edntese de grafeno via processo CVD, \u00f3xido de grafeno e esfolia\u00e7\u00e3o de dicalcogenetos de metais de transi\u00e7\u00e3o TMDs, funcionaliza\u00e7\u00e3o de materiais uni e bi-dimensionais, desenvolvimento de biossensores do tipo transistores de efeito de campo (FETs), microfabrica\u00e7\u00e3o e processos em sala limpa.<\/p>\n\n\n\n<p>Correio Comunit\u00e1rio\/Curriculu Lates<\/p>\n","protected":false},"excerpt":{"rendered":"<p>De acordo com o Instituto Nacional do C\u00e2ncer (Inca), depois do c\u00e2ncer de pele, n\u00e3o melanoma, o c\u00e2ncer de mama \u00e9 o tipo de c\u00e2ncer mais comum entre as mulheres no mundo e no Brasil, respondendo por cerca de 25% dos casos novos a cada ano. Estat\u00edsticas indicam aumento da sua incid\u00eancia tanto nos pa\u00edses [&hellip;]<\/p>\n","protected":false},"author":2,"featured_media":33547,"comment_status":"open","ping_status":"open","sticky":false,"template":"","format":"standard","meta":{"advanced_seo_description":"","jetpack_seo_html_title":"","jetpack_seo_noindex":false,"_jetpack_memberships_contains_paid_content":false,"footnotes":""},"categories":[50],"tags":[],"class_list":{"0":"post-33543","1":"post","2":"type-post","3":"status-publish","4":"format-standard","5":"has-post-thumbnail","7":"category-saude"},"jetpack_featured_media_url":"https:\/\/www.paranapraia.com.br\/wp-content\/uploads\/2021\/08\/maxresdefault.jpg","jetpack_sharing_enabled":true,"_links":{"self":[{"href":"https:\/\/www.paranapraia.com.br\/index.php\/wp-json\/wp\/v2\/posts\/33543"}],"collection":[{"href":"https:\/\/www.paranapraia.com.br\/index.php\/wp-json\/wp\/v2\/posts"}],"about":[{"href":"https:\/\/www.paranapraia.com.br\/index.php\/wp-json\/wp\/v2\/types\/post"}],"author":[{"embeddable":true,"href":"https:\/\/www.paranapraia.com.br\/index.php\/wp-json\/wp\/v2\/users\/2"}],"replies":[{"embeddable":true,"href":"https:\/\/www.paranapraia.com.br\/index.php\/wp-json\/wp\/v2\/comments?post=33543"}],"version-history":[{"count":2,"href":"https:\/\/www.paranapraia.com.br\/index.php\/wp-json\/wp\/v2\/posts\/33543\/revisions"}],"predecessor-version":[{"id":33548,"href":"https:\/\/www.paranapraia.com.br\/index.php\/wp-json\/wp\/v2\/posts\/33543\/revisions\/33548"}],"wp:featuredmedia":[{"embeddable":true,"href":"https:\/\/www.paranapraia.com.br\/index.php\/wp-json\/wp\/v2\/media\/33547"}],"wp:attachment":[{"href":"https:\/\/www.paranapraia.com.br\/index.php\/wp-json\/wp\/v2\/media?parent=33543"}],"wp:term":[{"taxonomy":"category","embeddable":true,"href":"https:\/\/www.paranapraia.com.br\/index.php\/wp-json\/wp\/v2\/categories?post=33543"},{"taxonomy":"post_tag","embeddable":true,"href":"https:\/\/www.paranapraia.com.br\/index.php\/wp-json\/wp\/v2\/tags?post=33543"}],"curies":[{"name":"wp","href":"https:\/\/api.w.org\/{rel}","templated":true}]}}