{"id":33540,"date":"2021-08-09T17:57:21","date_gmt":"2021-08-09T20:57:21","guid":{"rendered":"https:\/\/www.paranapraia.com.br\/?p=33540"},"modified":"2021-08-09T17:57:23","modified_gmt":"2021-08-09T20:57:23","slug":"portos-do-parana-apresenta-resultados-e-desafios-em-conferencia-estadual-de-advocacia","status":"publish","type":"post","link":"https:\/\/www.paranapraia.com.br\/index.php\/2021\/08\/09\/portos-do-parana-apresenta-resultados-e-desafios-em-conferencia-estadual-de-advocacia\/","title":{"rendered":"Portos do Paran\u00e1 apresenta resultados e desafios em confer\u00eancia estadual de advocacia"},"content":{"rendered":"\n<p>A Portos do Paran\u00e1 participa nesta quarta-feira (11) da 7\u00aa&nbsp;Confer\u00eancia da Advocacia Paranaense, promovida pela Se\u00e7\u00e3o paranaense da Ordem dos Advogados do Brasil (OAB). Com mais de 7&nbsp;mil inscritos&nbsp;este j\u00e1 \u00e9 o maior encontro da hist\u00f3ria, na \u00e1rea, no Estado.<\/p>\n\n\n\n<p>O evento, que ocorre entre 11 e 13 de agosto, ser\u00e1 online, por uma plataforma virtual exclusiva com cen\u00e1rios em 3D. A empresa p\u00fablica estar\u00e1 representada pelo diretor jur\u00eddico Marcus Freitas, que tratar\u00e1 do tema \u201cPortos do Paran\u00e1, concep\u00e7\u00e3o jur\u00eddica e novos sistemas de tecnologia\u201d, a ser abordado na Comiss\u00e3o de Direito Mar\u00edtimo, Portu\u00e1rio e Aduaneiro. A participa\u00e7\u00e3o de Freitas ser\u00e1 nesta quarta-feira, na Comiss\u00e3o de Direito Mar\u00edtimo, Portu\u00e1rio e Aduaneiro entre 13h30 e 15h.<\/p>\n\n\n\n<p>\u201cTrata-se do maior evento da hist\u00f3ria da advocacia paranaense e a participa\u00e7\u00e3o da Portos do Paran\u00e1 \u00e9 importante porque oportuniza \u00e0 empresa&nbsp;compartilhar com os profissionais da \u00e1rea todo o trabalho desenvolvido nos \u00faltimos anos, os desafios do dia a dia e, principalmente, o que a Portos do Paran\u00e1 representa para economia do Estado\u201d, explica o diretor.<\/p>\n\n\n\n<p>De acordo com ele, a apresenta\u00e7\u00e3o far\u00e1 uma contextualiza\u00e7\u00e3o de toda a legisla\u00e7\u00e3o espec\u00edfica que envolve o setor portu\u00e1rio. Al\u00e9m de abordar os processos judicializados nos quais a Diretoria Jur\u00eddica atua, Freitas apresentar\u00e1 o trabalho preventivo que a equipe faz para que novas demandas n\u00e3o sejam judicializadas, com o objetivo de diminuir&nbsp;o estoque do contencioso.<\/p>\n\n\n\n<p>\u201cVamos falar tamb\u00e9m do conv\u00eanio de delega\u00e7\u00e3o de compet\u00eancia, que permite licitar novas \u00e1reas para arrendamento; da natureza jur\u00eddica dos portos paranaenses; da proje\u00e7\u00e3o do Plano Nacional de Log\u00edstica Portu\u00e1ria\u201d, destaca Freitas.<\/p>\n\n\n\n<p>Ele ainda abordar\u00e1 a parceria com Fundaci\u00f3n Valencia Port no desenvolvimento do Port Community System (Sistema Comunit\u00e1rio Portu\u00e1rio). \u201cEssa tecnologia proporcionar\u00e1 a tomada de decis\u00f5es de forma compartilhada, acesso a todos os servi\u00e7os que os atores portu\u00e1rios possam demandar, integra\u00e7\u00e3o autom\u00e1tica com o parque de sistema existente e com o sistema do Governo Federal\u201d, diz o dirigente.<\/p>\n\n\n\n<p>Para ele, \u00e9 importante que a popula\u00e7\u00e3o conhe\u00e7a a import\u00e2ncia dos portos de Paranagu\u00e1 e Antonina para a economia e o desenvolvimento do Estado. \u201cAqui est\u00e1 a porta de entrada e sa\u00edda das mercadorias. Mais de 90% das mercadorias s\u00e3o movimentadas pelo setor mar\u00edtimo\u201d, afirma Freitas.<\/p>\n\n\n\n<p>Al\u00e9m desse tema, ser\u00e3o\u00a023 pain\u00e9is que somam 60 subtemas relativos \u00e0s transforma\u00e7\u00f5es e aos desafios da advocacia.\u00a0A participa\u00e7\u00e3o no evento \u00e9 gratuita e aberta a todos. A programa\u00e7\u00e3o, o acompanhamento e as inscri\u00e7\u00f5es devem ser feitos pelo site\u00a0<strong><a rel=\"noreferrer noopener\" href=\"http:\/\/conferenciapr.org\/\" target=\"_blank\">conferenciapr.org\/.<\/a><\/strong><\/p>\n\n\n\n<p>AEN<\/p>\n","protected":false},"excerpt":{"rendered":"<p>A Portos do Paran\u00e1 participa nesta quarta-feira (11) da 7\u00aa&nbsp;Confer\u00eancia da Advocacia Paranaense, promovida pela Se\u00e7\u00e3o paranaense da Ordem dos Advogados do Brasil (OAB). Com mais de 7&nbsp;mil inscritos&nbsp;este j\u00e1 \u00e9 o maior encontro da hist\u00f3ria, na \u00e1rea, no Estado. O evento, que ocorre entre 11 e 13 de agosto, ser\u00e1 online, por uma plataforma [&hellip;]<\/p>\n","protected":false},"author":2,"featured_media":33541,"comment_status":"open","ping_status":"open","sticky":false,"template":"","format":"standard","meta":{"advanced_seo_description":"","jetpack_seo_html_title":"","jetpack_seo_noindex":false,"_jetpack_memberships_contains_paid_content":false,"footnotes":""},"categories":[40],"tags":[],"class_list":{"0":"post-33540","1":"post","2":"type-post","3":"status-publish","4":"format-standard","5":"has-post-thumbnail","7":"category-destaques"},"jetpack_featured_media_url":"https:\/\/www.paranapraia.com.br\/wp-content\/uploads\/2021\/08\/news_interna_image00050.jpga_.jpg","jetpack_sharing_enabled":true,"_links":{"self":[{"href":"https:\/\/www.paranapraia.com.br\/index.php\/wp-json\/wp\/v2\/posts\/33540"}],"collection":[{"href":"https:\/\/www.paranapraia.com.br\/index.php\/wp-json\/wp\/v2\/posts"}],"about":[{"href":"https:\/\/www.paranapraia.com.br\/index.php\/wp-json\/wp\/v2\/types\/post"}],"author":[{"embeddable":true,"href":"https:\/\/www.paranapraia.com.br\/index.php\/wp-json\/wp\/v2\/users\/2"}],"replies":[{"embeddable":true,"href":"https:\/\/www.paranapraia.com.br\/index.php\/wp-json\/wp\/v2\/comments?post=33540"}],"version-history":[{"count":1,"href":"https:\/\/www.paranapraia.com.br\/index.php\/wp-json\/wp\/v2\/posts\/33540\/revisions"}],"predecessor-version":[{"id":33542,"href":"https:\/\/www.paranapraia.com.br\/index.php\/wp-json\/wp\/v2\/posts\/33540\/revisions\/33542"}],"wp:featuredmedia":[{"embeddable":true,"href":"https:\/\/www.paranapraia.com.br\/index.php\/wp-json\/wp\/v2\/media\/33541"}],"wp:attachment":[{"href":"https:\/\/www.paranapraia.com.br\/index.php\/wp-json\/wp\/v2\/media?parent=33540"}],"wp:term":[{"taxonomy":"category","embeddable":true,"href":"https:\/\/www.paranapraia.com.br\/index.php\/wp-json\/wp\/v2\/categories?post=33540"},{"taxonomy":"post_tag","embeddable":true,"href":"https:\/\/www.paranapraia.com.br\/index.php\/wp-json\/wp\/v2\/tags?post=33540"}],"curies":[{"name":"wp","href":"https:\/\/api.w.org\/{rel}","templated":true}]}}