{"id":33531,"date":"2021-08-09T17:22:43","date_gmt":"2021-08-09T20:22:43","guid":{"rendered":"https:\/\/www.paranapraia.com.br\/?p=33531"},"modified":"2021-08-09T17:22:44","modified_gmt":"2021-08-09T20:22:44","slug":"estado-retoma-jogos-escolares-com-competicoes-de-tenis-de-mesa-e-ciclismo-veja-os-campeoes","status":"publish","type":"post","link":"https:\/\/www.paranapraia.com.br\/index.php\/2021\/08\/09\/estado-retoma-jogos-escolares-com-competicoes-de-tenis-de-mesa-e-ciclismo-veja-os-campeoes\/","title":{"rendered":"Estado retoma Jogos Escolares com competi\u00e7\u00f5es de t\u00eanis de mesa e ciclismo; veja os campe\u00f5es"},"content":{"rendered":"\n<p>O Paran\u00e1 retomou&nbsp;as competi\u00e7\u00f5es escolares&nbsp;com a realiza\u00e7\u00e3o da&nbsp;67\u00aa edi\u00e7\u00e3o dos Jogos Escolares do Paran\u00e1 (JEPS) neste final de semana.&nbsp;Os \u00faltimos dias foram marcados pelas disputas presenciais do ciclismo, em Arauc\u00e1ria, na Regi\u00e3o Metropolitana de Curitiba,&nbsp;e do t\u00eanis de mesa, em Toledo, no Oeste. Somando as duas modalidades, 152 alunos-atletas participaram das provas.<\/p>\n\n\n\n<p>As modalidades ter\u00e3o suas respectivas federa\u00e7\u00f5es atuando com o apoio do Governo do Paran\u00e1 na organiza\u00e7\u00e3o. A Federa\u00e7\u00e3o do Desporto Escolar do Paran\u00e1 (FDE-PR) tamb\u00e9m \u00e9 parceira.&nbsp;<\/p>\n\n\n\n<p>Nos esportes individuais, as competi\u00e7\u00f5es ocorrem em apenas um dia, sem necessidade de uso de alojamentos. J\u00e1 nas coletivas, que duram dois dias, apenas as equipes classificadas para as semifinais ficar\u00e3o alojadas. As desclassificadas voltam para&nbsp;seus munic\u00edpios de origem&nbsp;no mesmo dia.<\/p>\n\n\n\n<p>\u201cEntendemos que o cen\u00e1rio n\u00e3o f\u00e1cil e o desafio \u00e9 enorme. Mas como o Paran\u00e1, pioneiro este ano na retomada dos eventos, seguimos acreditando que \u00e9 poss\u00edvel nos adaptarmos \u00e0s novas diretrizes, adotando os protocolos de seguran\u00e7a necess\u00e1rios para continuarmos proporcionando aos atletas os benef\u00edcios do esporte&#8221;, disse Kenji Saito, gerente executivo de desenvolvimento esportivo do Comit\u00ea Ol\u00edmpico do Brasil (COB).<\/p>\n\n\n\n<p>A retomada segue todos os&nbsp;<a href=\"https:\/\/www.aen.pr.gov.br\/modules\/noticias\/article.php?storyid=114309&amp;tit=Esporte-divulga-protocolos-sanitarios-dos-jogos-oficiais-do-Parana-\" target=\"_blank\" rel=\"noreferrer noopener\">protocolos de medidas sanit\u00e1rias<\/a>&nbsp;e decretos vigentes, tanto estadual como os&nbsp;municipais.<\/p>\n\n\n\n<p>M\u00e1rcia Tomadon, coordenadora do Esporte Escolar no Paran\u00e1, comentou a respeito da seguran\u00e7a na preven\u00e7\u00e3o \u00e0 pandemia da Covid-19. Ela tamb\u00e9m refor\u00e7ou a import\u00e2ncia do retorno das atividades.<\/p>\n\n\n\n<p>\u201cO Governo do Estado, por meio da Secretaria da Educa\u00e7\u00e3o e do Esporte, com o suporte da Secretaria da Sa\u00fade, iniciou a realiza\u00e7\u00e3o dos JEPS seguindo os protocolos \u00e0 risca. Todos os envolvidos no evento receberam m\u00e1scaras e foram testados antecipadamente. Tivemos um n\u00famero surpreendente de atletas que aderiram e se inscreveram para competir. Estamos a um ano e meio sem nenhum tipo de atividade esportiva. Tivemos uma gama de atletas que n\u00e3o puderam competir e acabaram perdendo a idade para representar sua escola e seu munic\u00edpio\u201d, pontuou M\u00e1rcia.<\/p>\n\n\n\n<ul class=\"wp-block-list\"><li><strong><a href=\"https:\/\/www.aen.pr.gov.br\/modules\/noticias\/article.php?storyid=114311&amp;tit=Conheca-Joyce-Batista-atleta-que-inaugurou-o-basquete-brasileiro-nas-Olimpiadas-\" target=\"_blank\" rel=\"noreferrer noopener\">Conhe\u00e7a Joyce Batista, atleta que inaugurou o basquete&nbsp;nas Olimp\u00edadas<\/a><\/strong><\/li><\/ul>\n\n\n\n<p><strong>CICLISMO&nbsp;<\/strong>\u2013&nbsp;As competi\u00e7\u00f5es do ciclismo foram realizadas em Arauc\u00e1ria neste domingo (8), com in\u00edcio \u00e0s 9h, e contaram com as provas de velocidade e de estrada em circuito. Foram 55 alunos-atletas inscritos na modalidade, que ainda contou com 20 dirigentes e 14 \u00e1rbitros no evento. Na classifica\u00e7\u00e3o geral, o Col\u00e9gio Estadual Souza Naves, de Rol\u00e2ndia, foi o grande vencedor, levando o primeiro lugar em tr\u00eas categorias: 12 a 14 anos masculino e feminino, e 15 a 17 feminino.<\/p>\n\n\n\n<p>Na categoria 15 a 17 anos masculino, vit\u00f3ria na classifica\u00e7\u00e3o geral do Col\u00e9gio Estadual Darcy Jos\u00e9 Costa, de Campo Mour\u00e3o.<\/p>\n\n\n\n<p>Nas disputas de velocidade, Laura Zenovelo (CE Souza Naves\/Rol\u00e2ndia) e Gustavo Felipe dos Santos (CE Souza Naves\/Rol\u00e2ndia) venceram a competi\u00e7\u00e3o entre 12 a 14 anos. Ana J\u00falia Santos (CE Souza Naves\/Rol\u00e2ndia) e Jaisson Bresolin (CE Jos\u00e9 Angelo Baggio Orso\/Cascavel) levaram as disputas de 15 a 17 anos.<\/p>\n\n\n\n<p>Nas provas de circuito, vit\u00f3rias para Laura Zenovelo (CE Souza Naves\/Rol\u00e2ndia) e Miguel Bessani (C Alfa Jr.\/Cascavel) nos 12 a 14 anos e t\u00edtulo para Ana J\u00falia Santos (CE Souza Naves\/Rol\u00e2ndia) e Jo\u00e3o Roberto da Silva (CE Jos\u00e9 Darcy Costa\/Campo Mour\u00e3o) nos 15 a 17 anos.<\/p>\n\n\n\n<p>M\u00f4nica Braga, diretora t\u00e9cnica da Federa\u00e7\u00e3o Paranaense de Ciclismo, deu cr\u00e9dito \u00e0 parceria com a Superintend\u00eancia do Esporte.&nbsp;\u201cA gente n\u00e3o via a hora de recome\u00e7ar. A parceria com o Estado \u00e9 important\u00edssima na busca de levar atletas de alto rendimento para n\u00edveis maiores. Precisamos fazer o esporte acontecer da base at\u00e9 a elite\u201d, afirmou.<\/p>\n\n\n\n<ul class=\"wp-block-list\"><li><strong><a href=\"https:\/\/www.aen.pr.gov.br\/modules\/noticias\/article.php?storyid=114188&amp;tit=Incentivo-do-Proesporte-abre-oportunidade-para-modalidades-emergentes\" target=\"_blank\" rel=\"noreferrer noopener\">Incentivo do Proesporte abre oportunidade para modalidades emergentes<\/a><\/strong><\/li><\/ul>\n\n\n\n<figure class=\"wp-block-image\"><img decoding=\"async\" src=\"https:\/\/www.aen.pr.gov.br\/modules\/galeria\/uploads\/68121\/61117c71e79b7img_3281.jpeg\" alt=\"\"\/><figcaption>As competi\u00e7\u00f5es do ciclismo foram realizadas em Arauc\u00e1ria neste domingo (8). Foto: Beto Pacheco\/Paran\u00e1 Esporte<\/figcaption><\/figure>\n\n\n\n<p><strong>T\u00caNIS DE MESA<\/strong>&nbsp;\u2013&nbsp;As disputas do t\u00eanis de mesa foram em Toledo, no Oeste no \u00faltimo s\u00e1bado (7)&nbsp;e contaram com 97 alunos atletas inscritos. Na classifica\u00e7\u00e3o geral final, 12 a 14 anos masculino, vit\u00f3ria do Col\u00e9gio Tradi\u00e7\u00e3o, de S\u00e3o Jos\u00e9 dos Pinhais (14 pontos), seguido do Col\u00e9gio Sagrada Fam\u00edlia, de Ponta Grossa (12 pontos) e Col\u00e9gio Bom Jesus Centro, de Curitiba (7 pontos).<\/p>\n\n\n\n<p>No feminino 12 a 14, o Col\u00e9gio Bom Jesus Nossa Senhora de Lourdes, de Curitiba, ficou em primeiro (14 pontos), com segundo lugar para a Escola Helena Saint, de Maring\u00e1 (9 pontos), e Col\u00e9gio Medianeira (7 pontos), de Curitiba.<\/p>\n\n\n\n<p>Na categoria de 15 a 17 anos, a institui\u00e7\u00e3o campe\u00e3 foi o Col\u00e9gio Objetivo, de Ivaipor\u00e3 (14 pontos), Col\u00e9gio Estadial Carmelo Perrone, de Cascavel, em segundo (9 pontos), e Col\u00e9gio Bom Jesus Nossa Senhora de Lourdes, de Curitiba (7 pontos), em terceiro.<\/p>\n\n\n\n<ul class=\"wp-block-list\"><li><strong><a href=\"https:\/\/www.aen.pr.gov.br\/modules\/noticias\/article.php?storyid=113974&amp;tit=Incentivo-ao-paradesporto-e-um-dos-destaques-nos-dez-anos-do-Geracao-Olimpica\" target=\"_blank\" rel=\"noreferrer noopener\">Incentivo ao paradesporto \u00e9 um dos destaques do Gera\u00e7\u00e3o Ol\u00edmpica<\/a><\/strong><\/li><\/ul>\n\n\n\n<p>No masculino, 15 a 17 anos, a classifica\u00e7\u00e3o final ficou com PGD de Londrina em primeiro, Col\u00e9gio Estadual Mendes Gon\u00e7alves, de Gua\u00edra, em segundo (9 pontos), e Col\u00e9gio Estadual Xavier da Silva, de Curitiba, em tervceiro (8 pontos).<\/p>\n\n\n\n<p>Nas categorias individuais, Maria Alice Fukubara (Col\u00e9gio Bom Jesus N. Sra. Lourdes\/Curitiba) e Felipe Faustino (Col\u00e9gio Tradi\u00e7\u00e3o\/S\u00e3o Jos\u00e9 dos Pinhais) venceram nos 12 a 14 anos, enquanto Renata Alves (Col\u00e9gio Objetivo\/Ivaipor\u00e3) e Joom Shim (Col\u00e9gio PGD) faturaram nos 15 a 17 anos.&nbsp;<\/p>\n\n\n\n<p><strong>Confira abaixo o p\u00f3dio completo do ciclismo e t\u00eanis de mesa no primeiro fim de semana com eventos presenciais dos Jogos Escolares do Paran\u00e1:<\/strong><\/p>\n\n\n\n<p><strong>CICLISMO: PROVA DE VELOCIDADE (12 a 14 anos) &#8211; Feminino<\/strong><\/p>\n\n\n\n<p>1\u00b0 Laura Zenovelo &#8211; CE Souza Naves (Rol\u00e2ndia)<\/p>\n\n\n\n<p>2\u00b0 Carolina Augusto &#8211; CE Sagrada Fam\u00edlia (Campo Largo)<\/p>\n\n\n\n<p>3\u00b0 Ana Clara Delmonico &#8211; CE Souza Naves (Rol\u00e2ndia)<\/p>\n\n\n\n<p><strong>CICLISMO: PROVA DE VELOCIDADE (12 a 14 anos) &#8211; Masculino<\/strong><\/p>\n\n\n\n<p>1\u00b0 Gustavo Felipe dos Santos &#8211; CE Souza Naves (Rol\u00e2ndia)<\/p>\n\n\n\n<p>2\u00b0 Miguel Bessani &#8211; CE Alfa Jr (Cascavel)<\/p>\n\n\n\n<p>3\u00b0 Bruno Eduardo dos Santos &#8211; CE Marqu\u00eas de Caravela (Arapongas)<\/p>\n\n\n\n<p><strong>CICLISMO: PROVA DE VELOCIDADE (15 a 17 anos) &#8211; Feminino<\/strong><\/p>\n\n\n\n<p>1\u00ba Ana J\u00falia Santos &#8211; CE Souza Naves (Rol\u00e2ndia)<\/p>\n\n\n\n<p>2\u00ba Isabela Let\u00edcia Schuster &#8211; CE Souza Naves (Rol\u00e2ndia)<\/p>\n\n\n\n<p>3\u00ba Catharine Ehrmann&nbsp; &#8211; CE Francisco Villanueva&nbsp; (Rol\u00e2ndia)<\/p>\n\n\n\n<p><strong>CICLISMO: PROVA DE VELOCIDADE (15 a 17 anos) &#8211; Masculino<\/strong><\/p>\n\n\n\n<p>1\u00ba Jaisson Bresolin &#8211; CE Jos\u00e9 Angelo Baggio Orso (Cascavel)<\/p>\n\n\n\n<p>2\u00ba Jo\u00e3o Roberto da Silva &#8211; CE Darcy Jos\u00e9 Costa (Campo Mour\u00e3o)<\/p>\n\n\n\n<p>3\u00b0 Gustavo Batista&nbsp; &#8211; CE Acquilino Massochin (Cascavel)<\/p>\n\n\n\n<p><strong>CICLISMO: PROVA DE ESTRADA EM CIRCUITO (12 a 14 anos) &#8211; Feminino<\/strong><\/p>\n\n\n\n<p>1\u00b0 Laura Zenovelo &#8211; CE Souza Naves (Rol\u00e2ndia)<\/p>\n\n\n\n<p>2\u00b0 Carolina Augusto &#8211; CE Sagrada Fam\u00edlia (Campo Largo)<\/p>\n\n\n\n<p>3\u00b0 Ana Clara Delmonico &#8211; CE Souza Naves (Rol\u00e2ndia)<\/p>\n\n\n\n<p><strong>CICLISMO: PROVA DE ESTRADA EM CIRCUITO (12 a 14 anos) &#8211; Masculino<\/strong><\/p>\n\n\n\n<p>1\u00ba Miguel Bessani &#8211; CE Alfa Jr (Cascavel)<\/p>\n\n\n\n<p>2\u00b0 Bruno Eduardo dos Santos &#8211; CE Marqu\u00eas de Caravela (Arapongas)<\/p>\n\n\n\n<p>3\u00b0 Ryan Murari &#8211; CE Souza Naves (Rol\u00e2ndia)<\/p>\n\n\n\n<p><strong>CICLISMO: PROVA DE ESTRADA EM CIRCUITO (15 a 17 anos) &#8211; Feminino<\/strong><\/p>\n\n\n\n<p>1\u00ba Ana J\u00falia Santos &#8211; CE Souza Naves (Rol\u00e2ndia)<\/p>\n\n\n\n<p>2\u00b0 Luana Ferreira &#8211; CE Souza Naves (Rol\u00e2ndia)<\/p>\n\n\n\n<p>3\u00b0 Isabela Let\u00edcia Schuster &#8211; CE Souza Naves (Rol\u00e2ndia)<\/p>\n\n\n\n<p><strong>CICLISMO: PROVA DE ESTRADA EM CIRCUITO (15 a 17 anos) &#8211; Masculino<\/strong><\/p>\n\n\n\n<p>1\u00ba Jo\u00e3o Roberto da Silva &#8211; CE Jos\u00e9 Darcy Costa (Campo Mour\u00e3o)<\/p>\n\n\n\n<p>2\u00b0 Gustavo Vinicius Mazurek &#8211; CE Acquilino Massochin (Cascavel)<\/p>\n\n\n\n<p>3\u00b0 Victor Muraro Pereira &#8211; C Francisco Zardo (Curitiba)<\/p>\n\n\n\n<p><strong>T\u00caNIS DE MESA (12 a 14 anos) &#8211; Feminino<\/strong><\/p>\n\n\n\n<p>1\u00ba Maria Alice Fukubara &#8211; C Bom Jesus N. Sra. Lourdes (Curitiba)<\/p>\n\n\n\n<p>2\u00b0 Maria Beatriz Herek &#8211; E Santa Helena (Maring\u00e1)<\/p>\n\n\n\n<p>3\u00b0 Yumi Assahi &#8211; C Medianeira (Curitiba)<\/p>\n\n\n\n<p><strong>T\u00caNIS DE MESA (12 a 14 anos) &#8211; Masculino<\/strong><\/p>\n\n\n\n<p>1\u00b0 Felipe Faustino &#8211; C Tradi\u00e7\u00e3o (S\u00e3o Jos\u00e9 dos Pinhais)<\/p>\n\n\n\n<p>2\u00b0 Guilherme Dalcorte &#8211; C Sagrada Fam\u00edlia (Ponta Grossa)<\/p>\n\n\n\n<p>3\u00b0 Jo\u00e3o Gabriel Avelar C Bom Jesus Centro (Curitiba)<\/p>\n\n\n\n<p><strong>T\u00caNIS DE MESA (15 a 17 anos) &#8211; Feminino<\/strong><\/p>\n\n\n\n<p>1\u00b0 Renata Alves &#8211; C Objetivo (Ivaipora)<\/p>\n\n\n\n<p>2\u00b0 Laura Maria Zantut &#8211; CE Carmelo Perrone (Cascavel)<\/p>\n\n\n\n<p>3\u00b0 Maria Fernanda Fokubara &#8211; C Bom Jesus N. Sra. Lourdes (Curitiba)<\/p>\n\n\n\n<p><strong>T\u00caNIS DE MESA (15 a 17 anos) &#8211; Masculino<\/strong><\/p>\n\n\n\n<p>1\u00b0 Joom Shim &#8211; C PGD (Londrina)<\/p>\n\n\n\n<p>2\u00b0 Vinicius Lima &#8211; CE Mendes Gon\u00e7alves (Gua\u00edra)<\/p>\n\n\n\n<p>3\u00b0 Matheus Henrique Martins &#8211; CE Xavier da Silva (Curitiba)<\/p>\n\n\n\n<p>AEN<\/p>\n","protected":false},"excerpt":{"rendered":"<p>O Paran\u00e1 retomou&nbsp;as competi\u00e7\u00f5es escolares&nbsp;com a realiza\u00e7\u00e3o da&nbsp;67\u00aa edi\u00e7\u00e3o dos Jogos Escolares do Paran\u00e1 (JEPS) neste final de semana.&nbsp;Os \u00faltimos dias foram marcados pelas disputas presenciais do ciclismo, em Arauc\u00e1ria, na Regi\u00e3o Metropolitana de Curitiba,&nbsp;e do t\u00eanis de mesa, em Toledo, no Oeste. Somando as duas modalidades, 152 alunos-atletas participaram das provas. As modalidades ter\u00e3o [&hellip;]<\/p>\n","protected":false},"author":2,"featured_media":33532,"comment_status":"open","ping_status":"open","sticky":false,"template":"","format":"standard","meta":{"advanced_seo_description":"","jetpack_seo_html_title":"","jetpack_seo_noindex":false,"_jetpack_memberships_contains_paid_content":false,"footnotes":""},"categories":[40],"tags":[],"class_list":{"0":"post-33531","1":"post","2":"type-post","3":"status-publish","4":"format-standard","5":"has-post-thumbnail","7":"category-destaques"},"jetpack_featured_media_url":"https:\/\/www.paranapraia.com.br\/wp-content\/uploads\/2021\/08\/news_interna_61117c71e2144capa.jpeg","jetpack_sharing_enabled":true,"_links":{"self":[{"href":"https:\/\/www.paranapraia.com.br\/index.php\/wp-json\/wp\/v2\/posts\/33531"}],"collection":[{"href":"https:\/\/www.paranapraia.com.br\/index.php\/wp-json\/wp\/v2\/posts"}],"about":[{"href":"https:\/\/www.paranapraia.com.br\/index.php\/wp-json\/wp\/v2\/types\/post"}],"author":[{"embeddable":true,"href":"https:\/\/www.paranapraia.com.br\/index.php\/wp-json\/wp\/v2\/users\/2"}],"replies":[{"embeddable":true,"href":"https:\/\/www.paranapraia.com.br\/index.php\/wp-json\/wp\/v2\/comments?post=33531"}],"version-history":[{"count":1,"href":"https:\/\/www.paranapraia.com.br\/index.php\/wp-json\/wp\/v2\/posts\/33531\/revisions"}],"predecessor-version":[{"id":33533,"href":"https:\/\/www.paranapraia.com.br\/index.php\/wp-json\/wp\/v2\/posts\/33531\/revisions\/33533"}],"wp:featuredmedia":[{"embeddable":true,"href":"https:\/\/www.paranapraia.com.br\/index.php\/wp-json\/wp\/v2\/media\/33532"}],"wp:attachment":[{"href":"https:\/\/www.paranapraia.com.br\/index.php\/wp-json\/wp\/v2\/media?parent=33531"}],"wp:term":[{"taxonomy":"category","embeddable":true,"href":"https:\/\/www.paranapraia.com.br\/index.php\/wp-json\/wp\/v2\/categories?post=33531"},{"taxonomy":"post_tag","embeddable":true,"href":"https:\/\/www.paranapraia.com.br\/index.php\/wp-json\/wp\/v2\/tags?post=33531"}],"curies":[{"name":"wp","href":"https:\/\/api.w.org\/{rel}","templated":true}]}}