{"id":33528,"date":"2021-08-09T17:14:50","date_gmt":"2021-08-09T20:14:50","guid":{"rendered":"https:\/\/www.paranapraia.com.br\/?p=33528"},"modified":"2021-08-09T17:14:52","modified_gmt":"2021-08-09T20:14:52","slug":"pesquisa-da-uel-vai-avaliar-influencia-da-pandemia-na-alimentacao-de-mulheres-profissionais-da-saude","status":"publish","type":"post","link":"https:\/\/www.paranapraia.com.br\/index.php\/2021\/08\/09\/pesquisa-da-uel-vai-avaliar-influencia-da-pandemia-na-alimentacao-de-mulheres-profissionais-da-saude\/","title":{"rendered":"Pesquisa da UEL vai avaliar influ\u00eancia da pandemia na alimenta\u00e7\u00e3o de mulheres profissionais da sa\u00fade"},"content":{"rendered":"\n<p>A m\u00e9dica residente em Sa\u00fade da Mulher Kamila Medeiro dos Santos busca volunt\u00e1rios para responder \u00e0 pesquisa \u201cAvalia\u00e7\u00e3o de altera\u00e7\u00f5es nos h\u00e1bitos alimentares de mulheres profissionais de sa\u00fade em decorr\u00eancia da pandemia de Covid-19\u201d. A pesquisa \u00e9 parte do Trabalho de Conclus\u00e3o de&nbsp;Resid\u00eancia Multiprofissional em Sa\u00fade da Mulher, orientado pelas professoras Fl\u00e1via Troncon Rosa, do Departamento de Enfermagem, do Centro de Ci\u00eancias da Sa\u00fade (CCS), da Universidade Estadual de Londrina (UEL), e busca entender as mudan\u00e7as de h\u00e1bitos de alimenta\u00e7\u00e3o na pandemia.<\/p>\n\n\n\n<p>A pesquisadora disponibiliza um formul\u00e1rio online, no&nbsp;<strong><a href=\"https:\/\/docs.google.com\/forms\/d\/e\/1FAIpQLSerxqyFZUSDnz44r_NyP8b8gU6gbwk3kw26se3uI1v-7pkdcg\/viewform\" target=\"_blank\" rel=\"noreferrer noopener\">Google Meet \u2013&nbsp;Aqui<\/a><\/strong>.&nbsp;Antes de come\u00e7ar, as participantes t\u00eam acesso a um Termo de Consentimento Livre e Esclarecido sobre a participa\u00e7\u00e3o na pesquisa.<\/p>\n\n\n\n<p>O formul\u00e1rio tem cerca de 40 quest\u00f5es e leva em torno&nbsp;de 15 minutos para ser preenchido. Podem participar mulheres com mais de&nbsp;18 anos que&nbsp;trabalhem&nbsp;em alguma institui\u00e7\u00e3o de Sa\u00fade municipal \u2013 em postos ou UBSs, unidades de atendimento especializado ou hospitais.<\/p>\n\n\n\n<p>No formul\u00e1rio, que fica dispon\u00edvel at\u00e9 21 de agosto,&nbsp;as profissionais da Sa\u00fade encontrar\u00e3o quest\u00f5es dissertativas e de m\u00faltipla escolha sobre alimenta\u00e7\u00e3o na pandemia, rotina de atividades f\u00edsicas e lazer, entre outras. Ap\u00f3s a coleta, a m\u00e9dica far\u00e1 uma an\u00e1lise estat\u00edstica para conferir a relev\u00e2ncia dos dados. \u201cDepois, discutimos, com as evid\u00eancias que temos e entre orientadora e as co-orientadoras, o que podemos fazer a respeito\u201d.<\/p>\n\n\n\n<p><strong>MUDAN\u00c7A DE H\u00c1BITOS<\/strong>&nbsp;&#8211; Segundo Kamila, a ideia da pesquisa surgiu do cotidiano da m\u00e9dica, que trabalha no Posto de Sa\u00fade do Conjunto Habitacional Aquilles Stenghel, Zona Norte. \u201cPude notar que houve uma altera\u00e7\u00e3o de ritmo com a pandemia, devido \u00e0 sobrecarga de trabalho, quest\u00f5es emocionais, luto, v\u00e1rios motivos. Isso fez com que muitas mulheres, que j\u00e1 s\u00e3o muito cobradas pela apar\u00eancia no dia a dia, descontassem na comida\u201d, afirmou.<\/p>\n\n\n\n<p>A descompensa\u00e7\u00e3o alimentar atingiu, al\u00e9m das profissionais de Sa\u00fade, objeto da pesquisa, tamb\u00e9m os pacientes. \u201cDe modo geral, a pandemia trouxe uma s\u00e9rie de mudan\u00e7as no cotidiano. Acesso \u00e0 comida pronta, que ficou muito mais f\u00e1cil, o isolamento social e a redu\u00e7\u00e3o do tempo livre para fazer atividades f\u00edsicas s\u00e3o fatores que pesaram muito\u201d, acrescentou.<\/p>\n\n\n\n<p>O aumento da preocupa\u00e7\u00e3o geral com a sa\u00fade do paciente esconde, para a pesquisadora, um problema central: a sa\u00fade do profissional de Sa\u00fade. Devido a esses fatores, o profissional com alimenta\u00e7\u00e3o deficit\u00e1ria pode passar por um processo de queda de imunidade, o que contribui para contrair a doen\u00e7a. \u201cMuito se fala na sa\u00fade do paciente, mas o m\u00e9dico, a enfermeira precisam dessa aten\u00e7\u00e3o tanto quanto\u201d.<\/p>\n\n\n\n<p>AEN<\/p>\n","protected":false},"excerpt":{"rendered":"<p>A m\u00e9dica residente em Sa\u00fade da Mulher Kamila Medeiro dos Santos busca volunt\u00e1rios para responder \u00e0 pesquisa \u201cAvalia\u00e7\u00e3o de altera\u00e7\u00f5es nos h\u00e1bitos alimentares de mulheres profissionais de sa\u00fade em decorr\u00eancia da pandemia de Covid-19\u201d. A pesquisa \u00e9 parte do Trabalho de Conclus\u00e3o de&nbsp;Resid\u00eancia Multiprofissional em Sa\u00fade da Mulher, orientado pelas professoras Fl\u00e1via Troncon Rosa, do [&hellip;]<\/p>\n","protected":false},"author":2,"featured_media":33529,"comment_status":"open","ping_status":"open","sticky":false,"template":"","format":"standard","meta":{"advanced_seo_description":"","jetpack_seo_html_title":"","jetpack_seo_noindex":false,"_jetpack_memberships_contains_paid_content":false,"footnotes":""},"categories":[40],"tags":[],"class_list":{"0":"post-33528","1":"post","2":"type-post","3":"status-publish","4":"format-standard","5":"has-post-thumbnail","7":"category-destaques"},"jetpack_featured_media_url":"https:\/\/www.paranapraia.com.br\/wp-content\/uploads\/2021\/08\/news_interna_image00021.jpg","jetpack_sharing_enabled":true,"_links":{"self":[{"href":"https:\/\/www.paranapraia.com.br\/index.php\/wp-json\/wp\/v2\/posts\/33528"}],"collection":[{"href":"https:\/\/www.paranapraia.com.br\/index.php\/wp-json\/wp\/v2\/posts"}],"about":[{"href":"https:\/\/www.paranapraia.com.br\/index.php\/wp-json\/wp\/v2\/types\/post"}],"author":[{"embeddable":true,"href":"https:\/\/www.paranapraia.com.br\/index.php\/wp-json\/wp\/v2\/users\/2"}],"replies":[{"embeddable":true,"href":"https:\/\/www.paranapraia.com.br\/index.php\/wp-json\/wp\/v2\/comments?post=33528"}],"version-history":[{"count":1,"href":"https:\/\/www.paranapraia.com.br\/index.php\/wp-json\/wp\/v2\/posts\/33528\/revisions"}],"predecessor-version":[{"id":33530,"href":"https:\/\/www.paranapraia.com.br\/index.php\/wp-json\/wp\/v2\/posts\/33528\/revisions\/33530"}],"wp:featuredmedia":[{"embeddable":true,"href":"https:\/\/www.paranapraia.com.br\/index.php\/wp-json\/wp\/v2\/media\/33529"}],"wp:attachment":[{"href":"https:\/\/www.paranapraia.com.br\/index.php\/wp-json\/wp\/v2\/media?parent=33528"}],"wp:term":[{"taxonomy":"category","embeddable":true,"href":"https:\/\/www.paranapraia.com.br\/index.php\/wp-json\/wp\/v2\/categories?post=33528"},{"taxonomy":"post_tag","embeddable":true,"href":"https:\/\/www.paranapraia.com.br\/index.php\/wp-json\/wp\/v2\/tags?post=33528"}],"curies":[{"name":"wp","href":"https:\/\/api.w.org\/{rel}","templated":true}]}}