{"id":33512,"date":"2021-08-06T16:35:53","date_gmt":"2021-08-06T19:35:53","guid":{"rendered":"https:\/\/www.paranapraia.com.br\/?p=33512"},"modified":"2021-08-06T16:35:55","modified_gmt":"2021-08-06T19:35:55","slug":"darci-piana-recebe-a-comenda-barao-do-serro-azul-da-associacao-comercial-do-parana","status":"publish","type":"post","link":"https:\/\/www.paranapraia.com.br\/index.php\/2021\/08\/06\/darci-piana-recebe-a-comenda-barao-do-serro-azul-da-associacao-comercial-do-parana\/","title":{"rendered":"Darci Piana recebe a Comenda Bar\u00e3o do Serro Azul, da Associa\u00e7\u00e3o Comercial do Paran\u00e1"},"content":{"rendered":"\n<p>Um dos principais nomes do setor comercial paranaense, o vice-governador Darci Piana recebeu nesta sexta-feira (6) a Comenda Bar\u00e3o do Serro Azul, ins\u00edgnia entregue pela Associa\u00e7\u00e3o Comercial do Paran\u00e1 (ACP) a paranaenses ilustres, com destaque na vida social, econ\u00f4mica e pol\u00edtica do Estado. O governador Carlos Massa Ratinho Junior acompanhou a cerim\u00f4nia de homenagem, que aconteceu no Pal\u00e1cio Garibaldi, em Curitiba.<\/p>\n\n\n\n<p>Piana come\u00e7ou a carreira como representante comercial e, logo em seguida, virou empres\u00e1rio do segmento de autope\u00e7as. Ele participa do sistema sindical empresarial desde a d\u00e9cada de 1990 e, em 2004, assumiu a presid\u00eancia da Federa\u00e7\u00e3o do Com\u00e9rcio de Bens, Servi\u00e7os e Turismo do Paran\u00e1 (Fecom\u00e9rcio-PR).<\/p>\n\n\n\n<p>Junto ao trabalho na vice-governadoria, tamb\u00e9m desempenha o papel de interlocu\u00e7\u00e3o do governo com o setor produtivo e esteve \u00e0 frente do Grupo de Trabalho para Coordena\u00e7\u00e3o de A\u00e7\u00f5es Estruturantes e Estrat\u00e9gicas para Recupera\u00e7\u00e3o, Crescimento e Desenvolvimento do Estado do Paran\u00e1, criado para buscar alternativas aos setores impactados pela pandemia de Covid-19.<\/p>\n\n\n\n<p>\u201cA pandemia exigiu muito equil\u00edbrio e di\u00e1logo, porque foi uma situa\u00e7\u00e3o que trouxe muitas dificuldades tanto na sa\u00fade como na economia, com grande impacto no com\u00e9rcio de ruas e nos shoppings\u201d, disse. \u201cA interlocu\u00e7\u00e3o que existe aqui no Paran\u00e1 entre as entidades do setor produtivo e o Governo do Estado \u00e9 permeada pelo di\u00e1logo, o que foi fundamental para manter nossas empresas abertas ao mesmo tempo em que se tratava da quest\u00e3o da sa\u00fade\u201d.<\/p>\n\n\n\n<p><strong>PARCERIA<\/strong>&nbsp;\u2013 Ratinho Junior destacou a grande parceria com Piana no Governo do Paran\u00e1, salientando sua trajet\u00f3ria no com\u00e9rcio, nas entidades de classe e seu trabalho de ponte entre o governo e a sociedade civil, com o setor produtivo em especial. \u201cTenho a grande honra de t\u00ea-lo como meu vice-governador, uma pessoa que tem uma trajet\u00f3ria de vida fant\u00e1stica, uma experi\u00eancia profissional e \u00e9 um cidad\u00e3o que sempre ajudou muito o Estado, trabalhando para fortalecer o com\u00e9rcio e, consequentemente, a economia paranaense\u201d, afirmou.<\/p>\n\n\n\n<p>Ele citou o trabalho de planejamento da retomada da economia e suporte aos setores mais afetados pela pandemia, que j\u00e1 tem alcan\u00e7ado bons resultados. \u201cCom essa experi\u00eancia, ele tem capacidade de atender e buscar solu\u00e7\u00f5es de forma muito serena. Por conhecer bem o setor comercial, foi um colaborador neste momento de crise e construiu a interlocu\u00e7\u00e3o do poder p\u00fablico com o setor\u201d, disse. \u201cMesmo com a propor\u00e7\u00e3o que a pandemia atingiu, conseguimos achar solu\u00e7\u00f5es equilibradas para preservar a vida e a sa\u00fade e tamb\u00e9m preservar nossas empresas\u201d.<\/p>\n\n\n\n<p>O presidente da ACP, Camilo Turmina, afirmou que esse di\u00e1logo foi essencial para que muitos neg\u00f3cios se mantivessem em p\u00e9, mesmo com todas as restri\u00e7\u00f5es impostas pela emerg\u00eancia sanit\u00e1ria. \u201cO Piana faz um trabalho fant\u00e1stico pela Fecom\u00e9rcio, na forma\u00e7\u00e3o de trabalhadores e in\u00fameras benefic\u00eancias. Mas, fundamentalmente, foi o grande articulador e pacificador na reabertura econ\u00f4mica\u201d, disse.<\/p>\n\n\n\n<p>\u201cEm um momento que faltou lucidez a muitas institui\u00e7\u00f5es, o Piana teve discernimento ao sugerir um abre e fecha, para harmonizar e criar condi\u00e7\u00f5es para que sa\u00fade e economia pudessem andar juntos\u201d, destacou Turmina. \u201cCom essa comenda homenageamos sempre o nosso patrono do Com\u00e9rcio, o Bar\u00e3o do Serro Azul, e aqueles que se espelham em sua figura. Darci Piana \u00e9 hoje o nosso Bar\u00e3o do Serro Azul\u201d.<\/p>\n\n\n\n<figure class=\"wp-block-image\"><img decoding=\"async\" src=\"https:\/\/www.aen.pr.gov.br\/modules\/galeria\/uploads\/68075\/VICEGOVERNADOR_DARCI_PIANA_RECEBE_COMENDA_BARO_DE_SERRO_AZUL060821_179.jpg\" alt=\"\"\/><figcaption>Piana come\u00e7ou a carreira como representante comercial e hoje \u00e9 vice-governador do Paran\u00e1. Foto: Ari Dias\/AEN<\/figcaption><\/figure>\n\n\n\n<p><strong>COMENDA&nbsp;<\/strong>\u2013 A Comenda Bar\u00e3o do Serro Azul \u00e9 concedida anualmente pela ACP a personalidades de destaque nos meios econ\u00f4micos, pol\u00edticos e sociais que tenham contribu\u00eddo para o crescimento e valoriza\u00e7\u00e3o empresarial do Estado.<\/p>\n\n\n\n<p>Ela \u00e9 entregue sempre em 6 de agosto, anivers\u00e1rio de Ildefonso Pereira Correia, o Bar\u00e3o do Serro Azul, patrono do Com\u00e9rcio de Curitiba e do Estado e o \u00fanico paranaense no Pante\u00e3o dos Her\u00f3is da P\u00e1tria. Ele foi o fundador da Associa\u00e7\u00e3o Comercial do Paran\u00e1, em 1890, e de outras entidades da Capital.<\/p>\n\n\n\n<p>\u201cReceber uma homenagem que leva o nome do Bar\u00e3o do Serro Azul, um homem que representou o com\u00e9rcio e tem uma hist\u00f3ria maravilhosa na nossa Capital, \u00e9 um grande orgulho. Ainda mais vindo de uma entidade centen\u00e1ria como a Associa\u00e7\u00e3o Comercial do Paran\u00e1, que tem prestado grandes servi\u00e7os a Curitiba e ao Estado\u201d, acrescentou Piana.<\/p>\n\n\n\n<p><strong>PRESEN\u00c7AS\u00a0<\/strong>\u2013 Participaram da solenidade os presidentes do Tribunal de Justi\u00e7a do Paran\u00e1, desembargador Jos\u00e9 Laurindo de Souza Netto; da Sanepar, Cl\u00e1udio St\u00e1bile; da Ocepar, Jos\u00e9 Roberto Ricken; da Faciap, Fernando Morais; o diretor-geral do Detran, Wagner Mesquita de Oliveira; o reitor da UFPR, Ricardo Marcelo Fonseca; o comandante da 5\u00aa Divis\u00e3o do Ex\u00e9rcito, general F\u00e1bio Benvenutti Castro; o superintendente do Sebrae-PR, V\u00edtor Tioqueta; o vice-prefeito de Curitiba, Eduardo Pimentel Slaviero; e os ex-governadores Orlando Pessuti e Cida Borghetti.<\/p>\n\n\n\n<p>Governo do Estado<\/p>\n","protected":false},"excerpt":{"rendered":"<p>Um dos principais nomes do setor comercial paranaense, o vice-governador Darci Piana recebeu nesta sexta-feira (6) a Comenda Bar\u00e3o do Serro Azul, ins\u00edgnia entregue pela Associa\u00e7\u00e3o Comercial do Paran\u00e1 (ACP) a paranaenses ilustres, com destaque na vida social, econ\u00f4mica e pol\u00edtica do Estado. O governador Carlos Massa Ratinho Junior acompanhou a cerim\u00f4nia de homenagem, que [&hellip;]<\/p>\n","protected":false},"author":2,"featured_media":33513,"comment_status":"open","ping_status":"open","sticky":false,"template":"","format":"standard","meta":{"advanced_seo_description":"","jetpack_seo_html_title":"","jetpack_seo_noindex":false,"_jetpack_memberships_contains_paid_content":false,"footnotes":""},"categories":[32],"tags":[],"class_list":{"0":"post-33512","1":"post","2":"type-post","3":"status-publish","4":"format-standard","5":"has-post-thumbnail","7":"category-politica"},"jetpack_featured_media_url":"https:\/\/www.paranapraia.com.br\/wp-content\/uploads\/2021\/08\/news_interna_VICEGOVERNADOR_DARCI_PIANA_RECEBE_COMENDA_BARO_DE_SERRO_AZUL060821_150.jpg","jetpack_sharing_enabled":true,"_links":{"self":[{"href":"https:\/\/www.paranapraia.com.br\/index.php\/wp-json\/wp\/v2\/posts\/33512"}],"collection":[{"href":"https:\/\/www.paranapraia.com.br\/index.php\/wp-json\/wp\/v2\/posts"}],"about":[{"href":"https:\/\/www.paranapraia.com.br\/index.php\/wp-json\/wp\/v2\/types\/post"}],"author":[{"embeddable":true,"href":"https:\/\/www.paranapraia.com.br\/index.php\/wp-json\/wp\/v2\/users\/2"}],"replies":[{"embeddable":true,"href":"https:\/\/www.paranapraia.com.br\/index.php\/wp-json\/wp\/v2\/comments?post=33512"}],"version-history":[{"count":1,"href":"https:\/\/www.paranapraia.com.br\/index.php\/wp-json\/wp\/v2\/posts\/33512\/revisions"}],"predecessor-version":[{"id":33514,"href":"https:\/\/www.paranapraia.com.br\/index.php\/wp-json\/wp\/v2\/posts\/33512\/revisions\/33514"}],"wp:featuredmedia":[{"embeddable":true,"href":"https:\/\/www.paranapraia.com.br\/index.php\/wp-json\/wp\/v2\/media\/33513"}],"wp:attachment":[{"href":"https:\/\/www.paranapraia.com.br\/index.php\/wp-json\/wp\/v2\/media?parent=33512"}],"wp:term":[{"taxonomy":"category","embeddable":true,"href":"https:\/\/www.paranapraia.com.br\/index.php\/wp-json\/wp\/v2\/categories?post=33512"},{"taxonomy":"post_tag","embeddable":true,"href":"https:\/\/www.paranapraia.com.br\/index.php\/wp-json\/wp\/v2\/tags?post=33512"}],"curies":[{"name":"wp","href":"https:\/\/api.w.org\/{rel}","templated":true}]}}