{"id":32802,"date":"2021-07-01T08:52:37","date_gmt":"2021-07-01T11:52:37","guid":{"rendered":"https:\/\/www.paranapraia.com.br\/?p=32802"},"modified":"2021-07-01T08:56:18","modified_gmt":"2021-07-01T11:56:18","slug":"hoje-e-dia-da-vacina-bcg-e-essa-marquinha-aqui-no-meu-braco","status":"publish","type":"post","link":"https:\/\/www.paranapraia.com.br\/index.php\/2021\/07\/01\/hoje-e-dia-da-vacina-bcg-e-essa-marquinha-aqui-no-meu-braco\/","title":{"rendered":"Hoje \u00e9 Dia da vacina BCG: E essa marquinha aqui no meu bra\u00e7o?"},"content":{"rendered":"\n<p>\u00c9 bastante prov\u00e1vel que voc\u00ea j\u00e1 tenha reparado em uma pequena cicatriz que a maioria das pessoas tem no bra\u00e7o direito. Essa cicatriz \u00e9 a prova que ao nascer, ou em algum outro momento, voc\u00ea recebeu uma dose da vacina BCG.<\/p>\n\n\n\n<p>A BCG \u00e9 indicada para prevenir formas graves da tuberculose, atualmente o esquema de vacina\u00e7\u00e3o corresponde \u00e0 dose \u00fanica o mais precocemente poss\u00edvel, preferencialmente nas primeiras 12 horas ap\u00f3s o nascimento, ainda na maternidade. Se ap\u00f3s seis meses n\u00e3o houver cicatriz, a crian\u00e7a deve ser revacinada apenas uma vez, mesmo que n\u00e3o apresente cicatriz novamente.<\/p>\n\n\n\n<p>Essa marca \u00e9 proveniente de um processo inflamat\u00f3rio que evolui da seguinte forma:<\/p>\n\n\n\n<ul class=\"wp-block-list\"><li>ap\u00f3s a administra\u00e7\u00e3o, de 3 a 4 semanas, surge um n\u00f3dulo (caro\u00e7o) no local;<\/li><li>entre 4 a 5 semanas, o n\u00f3dulo evolui para uma p\u00fastula (ferida com pus);<\/li><li>em seguida, evolui para uma \u00falcera (ferida aberta) de 4 a 10 mm de di\u00e2metro;<\/li><li>e, entre 6 a 12 semanas, finalmente, forma-se uma crosta (ferida com casca em processo de cicatriza\u00e7\u00e3o).<\/li><\/ul>\n\n\n\n<p>N\u00e3o \u00e9 recomendado o uso de curativos, medicamentos e\/ou compressas. O \u00fanico cuidado que se deve ter \u00e9 manter o local limpo. \u00c9 assim que a vacina BCG deixa essa marquinha no seu bra\u00e7o!<\/p>\n\n\n\n<p><em>Escrito por: Laura Ferraz dos Santos, Enfermeira e Teleconsultora do Telessa\u00fadeRS\/UFRGS, especializada em Sa\u00fade da Fam\u00edlia na modalidade resid\u00eancia multiprofissional pela UNIJUI, graduada em Enfermagem pela UNISC.<\/em><\/p>\n\n\n\n<p><em>Ilustra\u00e7\u00e3o de Carolyne Cabral, Equipe de Comunica\u00e7\u00e3o do Telessa\u00fadeRS\/UFRGS<\/em><\/p>\n\n\n\n<p><em>Revis\u00e3o: Natan Katz, M\u00e9dico de Fam\u00edlia e Comunidade<\/em>&nbsp;<em>e Gerente de Regula\u00e7\u00e3o e Teleconsultoria do Telessa\u00fadeRS\/UFRGS, e L\u00edgia Burigo, M\u00e9dica de Fam\u00edlia e Comunidade e Teleconsultora do Telessa\u00fadeRS\/UFRGS<\/em><\/p>\n\n\n\n<p><strong>Refer\u00eancias<\/strong><\/p>\n\n\n\n<p>1- BRASIL. Minist\u00e9rio da Sa\u00fade. Secretaria de Vigil\u00e2ncia em Sa\u00fade. Departamento de Vigil\u00e2ncia das Doen\u00e7as Transmiss\u00edveis.&nbsp;<strong>Manual de normas e procedimentos para vacina\u00e7\u00e3o<\/strong>. Bras\u00edlia: Minist\u00e9rio da Sa\u00fade, 2014.<\/p>\n\n\n\n<p>2- BRASIL. Minist\u00e9rio da Sa\u00fade. Secretaria de Vigil\u00e2ncia em Sa\u00fade. Departamento de Vigil\u00e2ncia das Doen\u00e7as Transmiss\u00edveis.&nbsp;<strong>Manual de vigil\u00e2ncia epidemiol\u00f3gica de eventos adversos p\u00f3s-vacina\u00e7\u00e3o<\/strong>. Bras\u00edlia: Minist\u00e9rio da Sa\u00fade, 2014.<br><\/p>\n","protected":false},"excerpt":{"rendered":"<p>\u00c9 bastante prov\u00e1vel que voc\u00ea j\u00e1 tenha reparado em uma pequena cicatriz que a maioria das pessoas tem no bra\u00e7o direito. Essa cicatriz \u00e9 a prova que ao nascer, ou em algum outro momento, voc\u00ea recebeu uma dose da vacina BCG. A BCG \u00e9 indicada para prevenir formas graves da tuberculose, atualmente o esquema de [&hellip;]<\/p>\n","protected":false},"author":2,"featured_media":32805,"comment_status":"open","ping_status":"open","sticky":false,"template":"","format":"standard","meta":{"advanced_seo_description":"","jetpack_seo_html_title":"","jetpack_seo_noindex":false,"_jetpack_memberships_contains_paid_content":false,"footnotes":""},"categories":[50],"tags":[],"class_list":{"0":"post-32802","1":"post","2":"type-post","3":"status-publish","4":"format-standard","5":"has-post-thumbnail","7":"category-saude"},"jetpack_featured_media_url":"https:\/\/www.paranapraia.com.br\/wp-content\/uploads\/2021\/07\/edit-mcmgo-abr20180818-1351.jpg","jetpack_sharing_enabled":true,"_links":{"self":[{"href":"https:\/\/www.paranapraia.com.br\/index.php\/wp-json\/wp\/v2\/posts\/32802"}],"collection":[{"href":"https:\/\/www.paranapraia.com.br\/index.php\/wp-json\/wp\/v2\/posts"}],"about":[{"href":"https:\/\/www.paranapraia.com.br\/index.php\/wp-json\/wp\/v2\/types\/post"}],"author":[{"embeddable":true,"href":"https:\/\/www.paranapraia.com.br\/index.php\/wp-json\/wp\/v2\/users\/2"}],"replies":[{"embeddable":true,"href":"https:\/\/www.paranapraia.com.br\/index.php\/wp-json\/wp\/v2\/comments?post=32802"}],"version-history":[{"count":1,"href":"https:\/\/www.paranapraia.com.br\/index.php\/wp-json\/wp\/v2\/posts\/32802\/revisions"}],"predecessor-version":[{"id":32804,"href":"https:\/\/www.paranapraia.com.br\/index.php\/wp-json\/wp\/v2\/posts\/32802\/revisions\/32804"}],"wp:featuredmedia":[{"embeddable":true,"href":"https:\/\/www.paranapraia.com.br\/index.php\/wp-json\/wp\/v2\/media\/32805"}],"wp:attachment":[{"href":"https:\/\/www.paranapraia.com.br\/index.php\/wp-json\/wp\/v2\/media?parent=32802"}],"wp:term":[{"taxonomy":"category","embeddable":true,"href":"https:\/\/www.paranapraia.com.br\/index.php\/wp-json\/wp\/v2\/categories?post=32802"},{"taxonomy":"post_tag","embeddable":true,"href":"https:\/\/www.paranapraia.com.br\/index.php\/wp-json\/wp\/v2\/tags?post=32802"}],"curies":[{"name":"wp","href":"https:\/\/api.w.org\/{rel}","templated":true}]}}