{"id":32793,"date":"2021-07-01T08:27:08","date_gmt":"2021-07-01T11:27:08","guid":{"rendered":"https:\/\/www.paranapraia.com.br\/?p=32793"},"modified":"2021-07-01T08:27:09","modified_gmt":"2021-07-01T11:27:09","slug":"covid-como-vacinacao-em-massa-desde-janeiro-teria-mudado-rumo-da-pandemia-no-brasil","status":"publish","type":"post","link":"https:\/\/www.paranapraia.com.br\/index.php\/2021\/07\/01\/covid-como-vacinacao-em-massa-desde-janeiro-teria-mudado-rumo-da-pandemia-no-brasil\/","title":{"rendered":"Covid: Como vacina\u00e7\u00e3o em massa desde janeiro teria mudado rumo da pandemia no Brasil"},"content":{"rendered":"\n<p>Essa \u00e9 uma das conclus\u00f5es de um trabalho assinado por pesquisadores da Universidade de S\u00e3o Paulo (USP) e da Funda\u00e7\u00e3o Get\u00falio Vargas (FGV), que realizou essas contas no final de fevereiro.<\/p>\n\n\n\n<p>O assunto voltou aos holofotes nos \u00faltimos dias, em raz\u00e3o dos depoimentos da CPI da Covid e das den\u00fancias de corrup\u00e7\u00e3o nas negocia\u00e7\u00f5es de compras de vacinas.<\/p>\n\n\n\n<p>Em 24 de junho, o epidemiologista Pedro Hallal, da Universidade Federal de Pelotas (UFPel), declarou no Senado Federal que &#8220;o atraso na compra das vacinas da Pfizer e da CoronaVac resultou em 95,5 mil mortes&#8221;.<\/p>\n\n\n\n<p>&#8220;Outros pesquisadores, usando um m\u00e9todo inclusive mais robusto que o nosso, estimaram 145 mil mortes especificamente pela falta de aquisi\u00e7\u00e3o de vacinas tempestivamente pelo Governo Federal&#8221;, disse o pesquisador na CPI.<\/p>\n\n\n\n<p>No dia seguinte, a sess\u00e3o que ouviu os irm\u00e3os Luis Miranda (DEM-DF), deputado federal, e Luis Ricardo Miranda, servidor do Minist\u00e9rio da Sa\u00fade, foi marcada pelo detalhamento das acusa\u00e7\u00f5es de press\u00e3o para compra de vacinas que sequer haviam finalizado os estudos cl\u00ednicos, enquanto a negocia\u00e7\u00e3o de imunizantes de outros fornecedores se arrastou por semanas ou at\u00e9 meses.<\/p>\n\n\n\n<p>Nos \u00faltimos dias,\u00a0o jornal Folha de S.Paulo revelou um novo epis\u00f3dio, em que um suposto representante de uma empresa americana afirma que funcion\u00e1rios do Minist\u00e9rio da Sa\u00fade teriam &#8220;cobrado&#8221; um extra de US$ 1 (R$ 5) por dose para fechar a compra de 400 milh\u00f5es de unidades da vacina da AstraZeneca.<\/p>\n\n\n\n<p>Diante de tantos fatos, vem a pergunta: o que poderia ter acontecido com a pandemia no Brasil se a aquisi\u00e7\u00e3o de vacinas tivesse sido feita sem atrasos e percal\u00e7os, para que a campanha se iniciasse com anteced\u00eancia?<\/p>\n\n\n\n<p>Os c\u00e1lculos indicam que muitas vidas poderiam ter sido salvas.<\/p>\n\n\n\n<h2 class=\"wp-block-heading\" id=\"O-que-mostram-as-pesquisas\">O que mostram as pesquisas?<\/h2>\n\n\n\n<p>Como mencionado no in\u00edcio da reportagem, um dos trabalhos que melhor estimou o impacto de uma campanha de vacina\u00e7\u00e3o ampla e r\u00e1pida foi realizado por representantes da USP e da FGV.<\/p>\n\n\n\n<p>Num trabalho publicado em 23 de fevereiro de 2021, eles propuseram um modelo matem\u00e1tico para entender como o atraso na vacina\u00e7\u00e3o poderia impactar o n\u00famero de casos e mortes por covid-19.<\/p>\n\n\n\n<p>Os resultados,\u00a0que foram divulgados num artigo que est\u00e1 em pr\u00e9-print e ainda n\u00e3o foi revisado por outros especialistas, revelam que 127 mil mortes poderiam ter sido evitadas no Brasil se a campanha tivesse come\u00e7ado &#8220;em condi\u00e7\u00f5es ideais&#8221; no dia 21 de janeiro de 2021.<\/p>\n\n\n\n<figure class=\"wp-block-image\"><img decoding=\"async\" src=\"https:\/\/ichef.bbci.co.uk\/news\/640\/cpsprodpb\/F587\/production\/_119155826_4.png\" alt=\"Cemit\u00e9rio em SP com valas abertas\"\/><figcaption>Legenda da foto,Compra antecipada de vacinas e melhor organiza\u00e7\u00e3o das campanhas de imuniza\u00e7\u00e3o poderia ter salvado milhares de v\u00edtimas da covid-19 no pa\u00eds, apontam especialistas<\/figcaption><\/figure>\n\n\n\n<p>Para que esse n\u00famero de vidas salvas fosse atingido no final do ano, os autores entendem que seria necess\u00e1rio aplicar cerca de 2 milh\u00f5es de doses todos os dias \u2014 quantidade que, para a estrutura j\u00e1 dispon\u00edvel no Sistema \u00danico de Sa\u00fade (SUS), n\u00e3o seria um exagero ou algo fora da realidade.<\/p>\n\n\n\n<p>O c\u00e1lculo tamb\u00e9m revela que, conforme as semanas passam, esse n\u00famero de vidas salvas ao longo do ano diminui: caso uma campanha massiva s\u00f3 se iniciasse em 21 de fevereiro, a taxa de mortes evitadas cairia para 86 mil.<\/p>\n\n\n\n<p>Em mar\u00e7o, esse n\u00famero ficaria em 54 mil. Em abril, seria reduzido para 30 mil. Em maio, para 16 mil.<\/p>\n\n\n\n<p>&#8220;Ao que tudo indica, a vacina\u00e7\u00e3o em massa no Brasil s\u00f3 deve come\u00e7ar de fato em agosto. [&#8230;] Para que um cen\u00e1rio diferente fosse poss\u00edvel, essa negocia\u00e7\u00e3o [de compra de vacinas] deveria ter sido feita j\u00e1 no ano passado&#8221;, analisou o professor de matem\u00e1tica aplicada Eduardo Massad, autor principal do estudo,\u00a0numa entrevista para a Ag\u00eancia Fapesp em mar\u00e7o de 2021.<\/p>\n\n\n\n<p>Na mesma reportagem, Massad tamb\u00e9m chamou a aten\u00e7\u00e3o para o fato de que todos os resultados de casos e mortes por covid-19 eram subestimados, pois n\u00e3o consideravam a chegada das variantes do coronav\u00edrus, capazes de tornar as curvas epid\u00eamicas ainda mais acentuadas.<\/p>\n\n\n\n<h2 class=\"wp-block-heading\" id=\"A-import\u00e2ncia-de-ser-\u00e1gil\">A import\u00e2ncia de ser \u00e1gil<\/h2>\n\n\n\n<p>Uma segunda investiga\u00e7\u00e3o,\u00a0tamb\u00e9m divulgada em pr\u00e9-print\u00a0por cientistas da Universidade Estadual de Campinas (Unicamp) e da Universidade Estadual Paulista (Unesp), refor\u00e7a a necessidade de vacinar o maior n\u00famero de pessoas no menor espa\u00e7o de tempo poss\u00edvel.<\/p>\n\n\n\n<p>O c\u00e1lculo levou em conta uma s\u00e9rie de vari\u00e1veis, como a efic\u00e1cia dos imunizantes dispon\u00edveis no pa\u00eds, o potencial que esses produtos possuem de prevenir casos moderados, graves, interna\u00e7\u00f5es ou mortes e at\u00e9 a percep\u00e7\u00e3o de risco que as pessoas que j\u00e1 tomaram suas doses possuem sobre as outras medidas preventivas, como o uso de m\u00e1scaras e o distanciamento f\u00edsico.<\/p>\n\n\n\n<p>Mesclando todos esses fatores, o estudo chegou a um total de 18 cen\u00e1rios diferentes de como a vacina\u00e7\u00e3o poderia influenciar o ritmo da pandemia no pa\u00eds.<\/p>\n\n\n\n<p>Um exemplo: se 630 mil pessoas fossem vacinadas por dia com a CoronaVac, a vacina mais prevalente no Brasil, numa hip\u00f3tese em que ela protege 100% contra os quadros mais severos, seria poss\u00edvel diminuir em 45% as mortes por covid-19.<\/p>\n\n\n\n<p>Por\u00e9m, se o n\u00famero de imunizados aumentasse para 1,2 milh\u00e3o\/dia, a queda dos \u00f3bitos seria de 65%.<\/p>\n\n\n\n<p>J\u00e1 no caso da AZD1222, de AstraZeneca, Universidade de Oxford e FioCruz, essas porcentagens seriam ainda maiores: o uso de 630 mil doses a cada 24 horas levaria a uma redu\u00e7\u00e3o de 57% no n\u00famero de v\u00edtimas. J\u00e1 com 1,2 milh\u00e3o de vacinados, daria para chegar a um n\u00famero 74% menor de \u00f3bitos.<\/p>\n\n\n\n<figure class=\"wp-block-image\"><img decoding=\"async\" src=\"https:\/\/ichef.bbci.co.uk\/news\/640\/cpsprodpb\/143A7\/production\/_119155828_2.png\" alt=\"Enfermeira segura vacina e ampola\"\/><figcaption>Legenda da foto,Estudos apontam que rapidez no uso \u00e9 mais relevante do que a taxa de efic\u00e1cia das vacinas<\/figcaption><\/figure>\n\n\n\n<p>Por mais que essas porcentagens pare\u00e7am abstratas e longe da nossa realidade, o f\u00edsico m\u00e9dico Thomas Vilches, um dos autores do estudo, entende que elas sinalizam algo essencial: a necessidade de botar o p\u00e9 no acelerador e ampliar o acesso \u00e0 vacina\u00e7\u00e3o.<\/p>\n\n\n\n<p>&#8220;Nosso trabalho evidencia que as taxas de efic\u00e1cia de um imunizante ou outro nem fazem tanta diferen\u00e7a quando pensamos em termos coletivos. O mais importante mesmo \u00e9 a velocidade com que se vacina a popula\u00e7\u00e3o&#8221;, resume o especialista em modelagem matem\u00e1tica de doen\u00e7as infecciosas, que hoje \u00e9 consultor da Universidade Yale, nos Estados Unidos.<\/p>\n\n\n\n<h2 class=\"wp-block-heading\" id=\"Efeitos-j\u00e1-aparentes\">Efeitos j\u00e1 aparentes<\/h2>\n\n\n\n<p>H\u00e1 ainda uma terceira evid\u00eancia s\u00f3lida dos ganhos que um programa \u00e1gil de vacina\u00e7\u00e3o contra a covid-19 pode trazer.<\/p>\n\n\n\n<p>Ela vem da observa\u00e7\u00e3o dos grupos que iniciaram a campanha e j\u00e1 est\u00e3o com praticamente 100% de seus integrantes protegidos com as duas doses, como \u00e9 o caso dos profissionais da sa\u00fade e dos idosos.<\/p>\n\n\n\n<p>Um time de pesquisadores da Universidade Federal de Pelotas (UFPel), da Universidade Harvard e do Minist\u00e9rio da Sa\u00fade avaliou justamente essa quest\u00e3o em uma pesquisa divulgada recentemente, no dia 19 de junho.<\/p>\n\n\n\n<p>Os autores apontam que, nas seis primeiras semanas de 2021, 25% das mortes por covid-19 ocorreram entre pessoas com mais de 80 anos. A partir de maio e junho, essa faixa et\u00e1ria passou a representar apenas 12% dos \u00f3bitos registrados.<\/p>\n\n\n\n<p>O mesmo fen\u00f4meno foi observado nos indiv\u00edduos de 75 a 79 anos algumas semanas depois.<\/p>\n\n\n\n<p>Mas o que ajuda a explicar esse decl\u00ednio, mesmo num momento em que a segunda onda estava em pleno vapor pa\u00eds adentro?<\/p>\n\n\n\n<p>Justamente a vacina\u00e7\u00e3o veloz com foco nos mais velhos.<\/p>\n\n\n\n<p>&#8220;O r\u00e1pido aumento da cobertura vacinal entre idosos brasileiros foi associado a quedas importantes na mortalidade relativa em compara\u00e7\u00e3o com indiv\u00edduos mais jovens&#8221;, escrevem os cientistas.<\/p>\n\n\n\n<p>&#8220;Se as taxas de mortalidade entre os idosos permanecessem proporcionais ao que foi observado at\u00e9 a semana 6 [entre janeiro e fevereiro], seriam esperadas 43.802 mortes adicionais relacionadas \u00e0 covid-19 at\u00e9 a semana 19 [entre maio e junho]&#8221;, concluem.<\/p>\n\n\n\n<p>Agora, j\u00e1 imaginou o que poderia ter ocorrido se mais brasileiros tivessem acesso \u00e0 vacina ainda neste primeiro semestre de 2021?<\/p>\n\n\n\n<h2 class=\"wp-block-heading\" id=\"Perguntas-sem-respostas\">Perguntas sem respostas<\/h2>\n\n\n\n<p>Apesar de todos esses modelos e contas seguirem uma linha de racioc\u00ednio e darem uma ideia do tamanho da oportunidade perdida, \u00e9 realmente complicado colocar na balan\u00e7a todos os fatores que poderiam influenciar nesse cen\u00e1rio.<\/p>\n\n\n\n<p>E boa parte dessas incertezas e vari\u00e1veis se deve ao fato de a vacina\u00e7\u00e3o ter um efeito coletivo: quando algu\u00e9m recebe as duas doses, n\u00e3o est\u00e1 apenas se protegendo, mas impedindo que novas cadeias de transmiss\u00e3o do v\u00edrus sejam criadas e afetem outras pessoas.<\/p>\n\n\n\n<p>Vamos a um exemplo pr\u00e1tico desse fen\u00f4meno:\u00a0depoimentos e documentos compartilhados na CPI\u00a0revelam que a Pfizer fez uma oferta de 70 milh\u00f5es de doses de vacinas para o Brasil ainda em agosto e setembro de 2020, mas n\u00e3o obteve respostas para seguir com as negocia\u00e7\u00f5es.<\/p>\n\n\n\n<p>Segundo esses mesmos relatos, a farmac\u00eautica se comprometia a entregar as primeiras 1,5 milh\u00e3o de unidades ainda em dezembro do ano passado.<\/p>\n\n\n\n<p>Considerando que o imunizante necessita de duas doses para conferir a prote\u00e7\u00e3o desejada, isso significa que esse primeiro lote contemplaria cerca de 750 mil brasileiros.<\/p>\n\n\n\n<p>E \u00e9 justamente a\u00ed que vem a grande quest\u00e3o: n\u00e3o seriam apenas esses primeiros 750 mil contemplados ainda no final de 2020 que ficariam mais protegidos do coronav\u00edrus e de suas complica\u00e7\u00f5es, mas toda a rede de contatos deles se beneficiaria disso.<\/p>\n\n\n\n<p>Ora, se a vacina impede a transmiss\u00e3o do agente infeccioso (ou ao menos as suas manifesta\u00e7\u00f5es mais graves, que exigem interna\u00e7\u00e3o e intuba\u00e7\u00e3o), esse primeiro grupo de vacinados j\u00e1 representaria uma poss\u00edvel &#8220;quebra&#8221; nas cadeias de transmiss\u00e3o.<\/p>\n\n\n\n<p>E isso, por tabela, reduziria n\u00e3o apenas o surgimento de novos casos, como tamb\u00e9m a taxa de interna\u00e7\u00f5es e mortes pela doen\u00e7a.<\/p>\n\n\n\n<p>&#8220;Acontece que as epidemias e pandemias crescem de forma exponencial. Uma pessoa infectada passa o v\u00edrus para duas, que transmite para quatro e assim por diante&#8221;, diz Vilches.<\/p>\n\n\n\n<p>&#8220;Agora, se voc\u00ea impede que a primeira pessoa dessa cadeia se infecte, os benef\u00edcios disso tamb\u00e9m s\u00e3o exponenciais, pois voc\u00ea deixa de passar o v\u00edrus adiante&#8221;, completa o especialista.<\/p>\n\n\n\n<p>E todo esse pensamento sinaliza que, caso a vacina\u00e7\u00e3o come\u00e7asse com for\u00e7a total j\u00e1 em dezembro de 2020 ou janeiro de 2021, seria poss\u00edvel prevenir um grande n\u00famero de casos e de mortes que aconteceram dali em diante no Brasil.<\/p>\n\n\n\n<figure class=\"wp-block-image\"><img decoding=\"async\" src=\"https:\/\/ichef.bbci.co.uk\/news\/640\/cpsprodpb\/361F\/production\/_119155831_3.png\" alt=\"Ministro da Sa\u00fade, Marcelo Seguro, d\u00e1 as m\u00e3os para Z\u00e9 Gotinha de m\u00e1scaras\"\/><figcaption>Legenda da foto,Minist\u00e9rio da Sa\u00fade, comandado pelo m\u00e9dico Marcelo Queiroga (\u00e0 esquerda) diz que &#8216;n\u00e3o mede esfor\u00e7os para ampliar a vacina\u00e7\u00e3o contra a covid-19&#8217;<\/figcaption><\/figure>\n\n\n\n<h2 class=\"wp-block-heading\" id=\"O-atual-cen\u00e1rio\">O atual cen\u00e1rio<\/h2>\n\n\n\n<p>Se considerarmos que a vacina\u00e7\u00e3o contra a covid-19 teve in\u00edcio no dia 17 de janeiro de 2021, isso significa que j\u00e1 se passaram 165 dias de campanha.<\/p>\n\n\n\n<p>At\u00e9 o momento, 99,8 milh\u00f5es de imunizantes j\u00e1 foram aplicados (considerando as primeiras e segundas doses), o que significa uma m\u00e9dia de 608 mil vacinas utilizadas todos os dias.<\/p>\n\n\n\n<p>Vale notar que esse n\u00famero est\u00e1 abaixo das metas estabelecidas tanto no estudo da USP e da FGV quanto no trabalho feito por especialistas da Unicamp e da Unesp.<\/p>\n\n\n\n<p>Outro ponto de destaque \u00e9 a falta de const\u00e2ncia no ritmo de imuniza\u00e7\u00e3o: enquanto tivemos dias com recordes absolutos, como \u00e9 o caso de 23 de abril (1,7 milh\u00e3o de doses aplicadas) e 17 de junho (2,2 milh\u00e3o de doses), h\u00e1 momentos em que os postos de sa\u00fade parecem viver no marasmo total.<\/p>\n\n\n\n<p>A boa not\u00edcia \u00e9 que a m\u00e9dia mensal de vacina\u00e7\u00e3o est\u00e1 subindo, como mostra a lista abaixo:<\/p>\n\n\n\n<ul class=\"wp-block-list\"><li>Janeiro: 192.424 doses\/dia<\/li><li>Fevereiro: 247.824 doses\/dia<\/li><li>Mar\u00e7o: 556.574 doses\/dia<\/li><li>Abril: 743.164 doses\/dia<\/li><li>Maio: 626.876 doses\/dia<\/li><li>Junho: 808.677 doses\/dia<\/li><\/ul>\n\n\n\n<p>Mas, novamente, \u00e9 preciso destacar que o Brasil pode muito mais: com a estrutura do Programa Nacional de Imuniza\u00e7\u00f5es (PNI) j\u00e1 dispon\u00edvel e distribu\u00edda por todas as regi\u00f5es, seria poss\u00edvel alcan\u00e7ar tranquilamente uma m\u00e9dia de 1,5 a 2 milh\u00f5es de vacinados todos os dias.<\/p>\n\n\n\n<p>E essa meta j\u00e1 foi obtida em experi\u00eancias anteriores, como as campanhas de imuniza\u00e7\u00e3o contra a poliomielite e a gripe.<\/p>\n\n\n\n<p>Al\u00e9m da import\u00e2ncia da rapidez na vacina\u00e7\u00e3o, Vilches apela para a urg\u00eancia em lidar com outros dois desafios do momento: continuar respeitando as medidas n\u00e3o farmacol\u00f3gicas de preven\u00e7\u00e3o, como o uso de m\u00e1scaras e o distanciamento social, e desencorajar o comportamento de preferir um tipo de vacina ou outro.<\/p>\n\n\n\n<p>&#8220;A grande ironia das medidas de controle \u00e9 que, quanto mais elas fazem efeito e diminuem os n\u00fameros de casos e mortes, menos necess\u00e1rias elas parecem aos olhos da sociedade&#8221;, observa o especialista.<\/p>\n\n\n\n<p>&#8220;Mas \u00e9 importante notar que, enquanto n\u00e3o tivermos uma boa parcela da popula\u00e7\u00e3o vacinada, todos esses cuidados b\u00e1sicos seguem necess\u00e1rios&#8221;, recomenda.<\/p>\n\n\n\n<p>Outro ponto \u00e9 o fen\u00f4meno dos &#8220;sommeliers de vacinas&#8221;, que querem escolher qual produto ser\u00e1 aplicado neles \u2014 alguns preferem a Pfizer, outros v\u00e3o de AstraZeneca e assim por diante.<\/p>\n\n\n\n<p>Esse tipo de atitude n\u00e3o faz nenhum sentido em nosso atual momento, entende o pesquisador.<\/p>\n\n\n\n<p>&#8220;N\u00e3o podemos achar que nossa prote\u00e7\u00e3o individual \u00e9 mais importante que toda a imunidade coletiva gerada quando boa parte da popula\u00e7\u00e3o j\u00e1 recebeu as suas doses&#8221;, diz.<\/p>\n\n\n\n<p>&#8220;E ser\u00e1 justamente essa imunidade coletiva que permitir\u00e1 a gente sair da pandemia no futuro&#8221;, completa.<\/p>\n\n\n\n<h2 class=\"wp-block-heading\" id=\"O-outro-lado\">O outro lado<\/h2>\n\n\n\n<p>A reportagem da BBC News Brasil procurou o Minist\u00e9rio da Sa\u00fade para saber como o Governo Federal interpreta o ritmo de vacina\u00e7\u00e3o contra a covid-19 no pa\u00eds.<\/p>\n\n\n\n<p>A resposta veio por meio de uma nota enviada pela assessoria de imprensa, que diz que o minist\u00e9rio &#8220;n\u00e3o mede esfor\u00e7os para ampliar a vacina\u00e7\u00e3o da covid-19 em todo pa\u00eds, com o objetivo de alcan\u00e7ar toda a popula\u00e7\u00e3o vacin\u00e1vel at\u00e9 o final de 2021. O Brasil atingiu uma marca importante que demonstra o avan\u00e7o na vacina\u00e7\u00e3o: ultrapassou a casa de 129 milh\u00f5es de doses distribu\u00eddas para todo o Brasil e mais de 98 milh\u00f5es de doses aplicadas. Al\u00e9m disso, a pasta tamb\u00e9m antecipou mais de 16 milh\u00f5es de doses, que chegariam no segundo trimestre, para dar celeridade \u00e0 campanha de imuniza\u00e7\u00e3o&#8221;.<\/p>\n\n\n\n<p>O texto tamb\u00e9m informa que j\u00e1 foram contratadas 600 milh\u00f5es de doses e elas ser\u00e3o entregues at\u00e9 o final do ano: &#8220;O quantitativo \u00e9 suficiente para imunizar toda a popula\u00e7\u00e3o brasileira vacin\u00e1vel, de 160 milh\u00f5es de pessoas. A pasta esclarece que depende das entregas dos fabricantes para realizar a distribui\u00e7\u00e3o aos estados.&#8221;<\/p>\n\n\n\n<p>Por fim, os respons\u00e1veis pela comunica\u00e7\u00e3o do minist\u00e9rio dizem que h\u00e1 uma intensifica\u00e7\u00e3o das a\u00e7\u00f5es &#8220;que promovam a comunica\u00e7\u00e3o e mobiliza\u00e7\u00e3o social sobre os benef\u00edcios da imuniza\u00e7\u00e3o, a import\u00e2ncia do alcance das coberturas vacinais, bem como a preven\u00e7\u00e3o da doen\u00e7a. Al\u00e9m disso, estimula estados, munic\u00edpios e Distrito Federal na busca ativa dos indiv\u00edduos para completar o esquema vacinal&#8221;.<\/p>\n\n\n\n<p>AEM<br><\/p>\n","protected":false},"excerpt":{"rendered":"<p>Essa \u00e9 uma das conclus\u00f5es de um trabalho assinado por pesquisadores da Universidade de S\u00e3o Paulo (USP) e da Funda\u00e7\u00e3o Get\u00falio Vargas (FGV), que realizou essas contas no final de fevereiro. O assunto voltou aos holofotes nos \u00faltimos dias, em raz\u00e3o dos depoimentos da CPI da Covid e das den\u00fancias de corrup\u00e7\u00e3o nas negocia\u00e7\u00f5es de [&hellip;]<\/p>\n","protected":false},"author":2,"featured_media":32794,"comment_status":"open","ping_status":"open","sticky":false,"template":"","format":"standard","meta":{"advanced_seo_description":"","jetpack_seo_html_title":"","jetpack_seo_noindex":false,"_jetpack_memberships_contains_paid_content":false,"footnotes":""},"categories":[40],"tags":[],"class_list":{"0":"post-32793","1":"post","2":"type-post","3":"status-publish","4":"format-standard","5":"has-post-thumbnail","7":"category-destaques"},"jetpack_featured_media_url":"https:\/\/www.paranapraia.com.br\/wp-content\/uploads\/2021\/07\/119155823_1.jpg","jetpack_sharing_enabled":true,"_links":{"self":[{"href":"https:\/\/www.paranapraia.com.br\/index.php\/wp-json\/wp\/v2\/posts\/32793"}],"collection":[{"href":"https:\/\/www.paranapraia.com.br\/index.php\/wp-json\/wp\/v2\/posts"}],"about":[{"href":"https:\/\/www.paranapraia.com.br\/index.php\/wp-json\/wp\/v2\/types\/post"}],"author":[{"embeddable":true,"href":"https:\/\/www.paranapraia.com.br\/index.php\/wp-json\/wp\/v2\/users\/2"}],"replies":[{"embeddable":true,"href":"https:\/\/www.paranapraia.com.br\/index.php\/wp-json\/wp\/v2\/comments?post=32793"}],"version-history":[{"count":1,"href":"https:\/\/www.paranapraia.com.br\/index.php\/wp-json\/wp\/v2\/posts\/32793\/revisions"}],"predecessor-version":[{"id":32795,"href":"https:\/\/www.paranapraia.com.br\/index.php\/wp-json\/wp\/v2\/posts\/32793\/revisions\/32795"}],"wp:featuredmedia":[{"embeddable":true,"href":"https:\/\/www.paranapraia.com.br\/index.php\/wp-json\/wp\/v2\/media\/32794"}],"wp:attachment":[{"href":"https:\/\/www.paranapraia.com.br\/index.php\/wp-json\/wp\/v2\/media?parent=32793"}],"wp:term":[{"taxonomy":"category","embeddable":true,"href":"https:\/\/www.paranapraia.com.br\/index.php\/wp-json\/wp\/v2\/categories?post=32793"},{"taxonomy":"post_tag","embeddable":true,"href":"https:\/\/www.paranapraia.com.br\/index.php\/wp-json\/wp\/v2\/tags?post=32793"}],"curies":[{"name":"wp","href":"https:\/\/api.w.org\/{rel}","templated":true}]}}