{"id":32786,"date":"2021-06-30T16:29:54","date_gmt":"2021-06-30T19:29:54","guid":{"rendered":"https:\/\/www.paranapraia.com.br\/?p=32786"},"modified":"2021-06-30T16:29:56","modified_gmt":"2021-06-30T19:29:56","slug":"neve-geada-e-queda-na-temperatura-o-que-esperar-da-onda-de-frio-no-brasil","status":"publish","type":"post","link":"https:\/\/www.paranapraia.com.br\/index.php\/2021\/06\/30\/neve-geada-e-queda-na-temperatura-o-que-esperar-da-onda-de-frio-no-brasil\/","title":{"rendered":"Neve, geada e queda na temperatura: o que esperar da onda de frio no Brasil"},"content":{"rendered":"\n<p><strong>As temperaturas despencaram nos \u00faltimos dias, principalmente nas regi\u00f5es Sul e Sudeste do Brasil, com registro de geada e at\u00e9 neve em algumas cidades. Nas redes sociais, moradores dos tr\u00eas Estados da regi\u00e3o Sul aproveitaram para publicar fotos da neve.<\/strong><\/p>\n\n\n\n<p>E a previs\u00e3o \u00e9 que o frio severo continue nos pr\u00f3ximos dias.<\/p>\n\n\n\n<p>Segundo Francisco de Assis, meteorologista do Instituto Nacional de Meteorologia (Inmet), disse em entrevista \u00e0 BBC News Brasil que o frio rigoroso vai se manter ao longo desta semana e in\u00edcio da pr\u00f3xima, na maior parte do pa\u00eds.<\/p>\n\n\n\n<p>A previs\u00e3o \u00e9 que a capital paulista registre uma temperatura m\u00ednima de 4\u00baC na quinta-feira (1\u00ba\/07), prevista para ser a madrugada mais fria do ano.<\/p>\n\n\n\n<p>&#8220;O frio e o tempo seco v\u00e3o se manter no decorrer desta semana e na pr\u00f3xima, inclusive no Mato Grosso do Sul e Sul de Minas Gerais. Na quinta, teremos geadas em alguns pontos de S\u00e3o Paulo e at\u00e9 em Manaus a temperatura deve cair uns 3 graus. Em Porto Velho, devemos registrar 12\u00baC amanh\u00e3&#8221;, disse o meteorologista.<\/p>\n\n\n\n<p>Assis explica que isso ocorre por conta de uma massa de ar frio que est\u00e1 passando pelo pa\u00eds e deve se manter forte nos pr\u00f3ximos dias.<\/p>\n\n\n\n<p>&#8220;\u00c9 uma massa de ar polar muito forte e bem continental, bem seca. Ela passou pela Argentina, Paraguai e est\u00e1 passando pelo nosso pa\u00eds. Ela causou fortes tempestades no in\u00edcio da semana passada no Rio Grande do Sul e Santa Catarina. Agora, ela foi para o oceano e est\u00e1 pr\u00f3xima do sul do Paran\u00e1&#8221;, afirmou.<\/p>\n\n\n\n<p>A meteorologista da Climatempo Jos\u00e9lia Pegorim afirmou \u00e0 reportagem que quedas bruscas na temperatura causadas pela passagem de massas de ar s\u00e3o comuns e acontecem todos os anos.<\/p>\n\n\n\n<p>&#8220;Ao longo do outono e do inverno, registramos v\u00e1rias ondas. A diferen\u00e7a \u00e9 que algumas atingem pequenas \u00e1reas e outras t\u00eam maior abrang\u00eancia. Mas pelo menos uma onda de frio forte e grande como essa passa pela Am\u00e9rica do Sul todos os anos&#8221;, afirmou.<\/p>\n\n\n\n<h2 class=\"wp-block-heading\" id=\"Frio-mas-sem-chuva\">Frio, mas sem chuva<\/h2>\n\n\n\n<p>Apesar das baixas temperaturas, o Sudeste n\u00e3o deve registrar chuvas, segundo o meteorologista do Inmet Francisco de Assis. Ele afirmou que julho foi um per\u00edodo com muita chuva no Sul, S\u00e3o Paulo e Mato Grosso do Sul.<\/p>\n\n\n\n<p>&#8220;O ciclone subtropical que entrou no pa\u00eds, agora se transformou numa tempestade subtropical batizada de Raoni pela Marinha. Ela vai causar ventos fortes com geada no Sudeste, como em S\u00e3o Paulo. J\u00e1 no Sul, haver\u00e1 registro de neve em Urupema e S\u00e3o Joaquim nos pr\u00f3ximos dias, com temperaturas negativas&#8221;, afirmou.<\/p>\n\n\n\n<p>A meteorologista Jos\u00e9lia Pegorim explica que a geada \u00e9 formada a partir do congelamento do orvalho sobre as superf\u00edcies. Esse fen\u00f4meno pode ocorrer mesmo em um dia sem nuvens e com sol.<\/p>\n\n\n\n<p>J\u00e1 a neve cai das nuvens, como a chuva, e precisa de um c\u00e9u nublado e condi\u00e7\u00f5es de chuva, al\u00e9m de temperaturas negativas, para que ela ocorra. Pegorim afirma que o deslocamento dessa grande massa de ar deve fazer o frio diminuir no pa\u00eds a partir do fim da semana.<\/p>\n\n\n\n<p>&#8220;O centro dessa massa deve se deslocar para o oceano, saindo do Brasil. Ainda assim a madrugada de quinta deve ser congelante, no Sul, Sudeste e Centro-Oeste. Tamb\u00e9m esfria no sul do Amazonas, do Acre e Rond\u00f4nia, onde esse fen\u00f4meno \u00e9 chamado de friagem&#8221;, disse.<\/p>\n\n\n\n<h2 class=\"wp-block-heading\" id=\"Estado-de-alerta\">Estado de alerta<\/h2>\n\n\n\n<p>A Defesa Civil do Estado de S\u00e3o Paulo fez um alerta para a queda nas temperaturas em cidades do interior paulista nos pr\u00f3ximos dias.<\/p>\n\n\n\n<p>&#8220;Entre ter\u00e7a-feira (29\/6) e quinta-feira (1\u00ba\/7), nova massa de ar polar ir\u00e1 avan\u00e7ar no territ\u00f3rio paulista, provocando queda acentuada da temperatura, com momentos de frio intenso&#8221;, informou em nota.<\/p>\n\n\n\n<p>O \u00f3rg\u00e3o alertou para algumas regi\u00f5es em especial, como a Serra da Mantiqueira, onde devem ser registradas geadas e temperatura m\u00ednima de 3\u00baC.<\/p>\n\n\n\n<p>&#8220;Ressalta-se a import\u00e2ncia de aten\u00e7\u00e3o especial com as pessoas mais vulner\u00e1veis, como idosos, crian\u00e7as e aquelas em situa\u00e7\u00e3o de rua. Al\u00e9m disso, recomenda-se n\u00e3o fazer fogueiras e manter hidrata\u00e7\u00e3o constante&#8221;, informou por meio de nota.<\/p>\n\n\n\n<p>A meteorologista Jos\u00e9lia Pegorim afirma que o ar permanecer\u00e1 extremamente seco nos pr\u00f3ximos dias. Ela alerta para o agravamento de problemas respirat\u00f3rios, como rinite.<\/p>\n\n\n\n<p>&#8220;\u00c9 importante lembrar de umidificar o ambiente com toalhas molhadas ou umidificadores , principalmente em casas onde vivem pessoas com doen\u00e7as respirat\u00f3rias. A partir de sexta, as temperaturas devem se elevar, mas o tempo seco continua&#8221;, afirmou.<\/p>\n\n\n\n<p>BBC<br><\/p>\n","protected":false},"excerpt":{"rendered":"<p>As temperaturas despencaram nos \u00faltimos dias, principalmente nas regi\u00f5es Sul e Sudeste do Brasil, com registro de geada e at\u00e9 neve em algumas cidades. Nas redes sociais, moradores dos tr\u00eas Estados da regi\u00e3o Sul aproveitaram para publicar fotos da neve. E a previs\u00e3o \u00e9 que o frio severo continue nos pr\u00f3ximos dias. Segundo Francisco de [&hellip;]<\/p>\n","protected":false},"author":2,"featured_media":32787,"comment_status":"open","ping_status":"open","sticky":false,"template":"","format":"standard","meta":{"advanced_seo_description":"","jetpack_seo_html_title":"","jetpack_seo_noindex":false,"_jetpack_memberships_contains_paid_content":false,"footnotes":""},"categories":[40],"tags":[],"class_list":{"0":"post-32786","1":"post","2":"type-post","3":"status-publish","4":"format-standard","5":"has-post-thumbnail","7":"category-destaques"},"jetpack_featured_media_url":"https:\/\/www.paranapraia.com.br\/wp-content\/uploads\/2021\/06\/119151413_gettyimages-132747109.jpg","jetpack_sharing_enabled":true,"_links":{"self":[{"href":"https:\/\/www.paranapraia.com.br\/index.php\/wp-json\/wp\/v2\/posts\/32786"}],"collection":[{"href":"https:\/\/www.paranapraia.com.br\/index.php\/wp-json\/wp\/v2\/posts"}],"about":[{"href":"https:\/\/www.paranapraia.com.br\/index.php\/wp-json\/wp\/v2\/types\/post"}],"author":[{"embeddable":true,"href":"https:\/\/www.paranapraia.com.br\/index.php\/wp-json\/wp\/v2\/users\/2"}],"replies":[{"embeddable":true,"href":"https:\/\/www.paranapraia.com.br\/index.php\/wp-json\/wp\/v2\/comments?post=32786"}],"version-history":[{"count":1,"href":"https:\/\/www.paranapraia.com.br\/index.php\/wp-json\/wp\/v2\/posts\/32786\/revisions"}],"predecessor-version":[{"id":32788,"href":"https:\/\/www.paranapraia.com.br\/index.php\/wp-json\/wp\/v2\/posts\/32786\/revisions\/32788"}],"wp:featuredmedia":[{"embeddable":true,"href":"https:\/\/www.paranapraia.com.br\/index.php\/wp-json\/wp\/v2\/media\/32787"}],"wp:attachment":[{"href":"https:\/\/www.paranapraia.com.br\/index.php\/wp-json\/wp\/v2\/media?parent=32786"}],"wp:term":[{"taxonomy":"category","embeddable":true,"href":"https:\/\/www.paranapraia.com.br\/index.php\/wp-json\/wp\/v2\/categories?post=32786"},{"taxonomy":"post_tag","embeddable":true,"href":"https:\/\/www.paranapraia.com.br\/index.php\/wp-json\/wp\/v2\/tags?post=32786"}],"curies":[{"name":"wp","href":"https:\/\/api.w.org\/{rel}","templated":true}]}}