{"id":32053,"date":"2021-04-29T09:32:13","date_gmt":"2021-04-29T12:32:13","guid":{"rendered":"https:\/\/www.paranapraia.com.br\/?p=32053"},"modified":"2021-04-29T09:32:14","modified_gmt":"2021-04-29T12:32:14","slug":"programa-carretas-do-conhecimento-online-abre-vagas-em-mais-17-municipios","status":"publish","type":"post","link":"https:\/\/www.paranapraia.com.br\/index.php\/2021\/04\/29\/programa-carretas-do-conhecimento-online-abre-vagas-em-mais-17-municipios\/","title":{"rendered":"Programa Carretas do Conhecimento Online abre vagas em mais 17 munic\u00edpios"},"content":{"rendered":"\n<p>A segunda e a terceira etapas dos cursos do programa Carretas do Conhecimento Online disponibilizam vagas em mais 17 munic\u00edpios. O an\u00fancio feito pelo secret\u00e1rio estadual da Justi\u00e7a, Fam\u00edlia e Trabalho, Ney Leprevost, nesta quarta-feira (28).<\/p>\n\n\n\n<p>As oportunidades de capacita\u00e7\u00e3o agora est\u00e3o dispon\u00edveis tamb\u00e9m em Campo Largo, Cascavel, Colombo, Francisco Beltr\u00e3o, Foz do Igua\u00e7u, Guarapuava, Londrina, Marechal C\u00e2ndido Rondon, Palmas, Paranagu\u00e1, Paranava\u00ed, Pato Branco, Ponta Grossa, Santo Ant\u00f4nio da Platina, Toledo, Umuarama e Uni\u00e3o da Vit\u00f3ria.<\/p>\n\n\n\n<p>Os cursos dispon\u00edveis s\u00e3o de Panifica\u00e7\u00e3o, Eletricidade Predial, Corte e Costura Industrial, Mec\u00e2nica de Autom\u00f3veis, Mec\u00e2nica de Motocicleta, El\u00e9trica Automotiva, Inform\u00e1tica B\u00e1sica, Mec\u00e2nica Industrial e Refrigera\u00e7\u00e3o Residencial.<\/p>\n\n\n\n<p>\u201cEsses cursos s\u00e3o oportunidades que os trabalhadores t\u00eam para se capacitar e aumentar as chances de conseguir um emprego melhor. Com as Carretas do Conhecimento estamos formando profissionais com qualifica\u00e7\u00e3o para o mercado do trabalho\u201d, disse o secret\u00e1rio Ney Leprevost.<\/p>\n\n\n\n<p>Os interessados podem fazer a pr\u00e9-inscri\u00e7\u00e3o&nbsp;<strong><a href=\"http:\/\/www.justica.pr.gov.br\/Pagina\/PROGRAMA-CARRETA-DO-CONHECIMENTO-2021\" target=\"_blank\" rel=\"noreferrer noopener\">AQUI<\/a><\/strong>&nbsp;e aguardar um telefonema para confirma\u00e7\u00e3o da inscri\u00e7\u00e3o.<\/p>\n\n\n\n<p>Os cursos dispon\u00edveis nos munic\u00edpios podem ser acessados no\u00a0cronograma de atividades.<\/p>\n\n\n\n<p>O projeto Carretas do Conhecimento \u00e9 uma parceria do Governo do Estado, por meio da Secretaria da Justi\u00e7a, Fam\u00edlia e Trabalho, com a Funda\u00e7\u00e3o Grupo Volkswagen e o Senai-PR.<\/p>\n\n\n\n<p>Para mais informa\u00e7\u00f5es referentes \u00e0s localidades, munic\u00edpios e d\u00favidas para inscri\u00e7\u00f5es, entre em contato pelo e-mail carretasdoconhecimento@sejuf.pr.gov.br.<\/p>\n\n\n\n<p>AEN<br><\/p>\n","protected":false},"excerpt":{"rendered":"<p>A segunda e a terceira etapas dos cursos do programa Carretas do Conhecimento Online disponibilizam vagas em mais 17 munic\u00edpios. O an\u00fancio feito pelo secret\u00e1rio estadual da Justi\u00e7a, Fam\u00edlia e Trabalho, Ney Leprevost, nesta quarta-feira (28). As oportunidades de capacita\u00e7\u00e3o agora est\u00e3o dispon\u00edveis tamb\u00e9m em Campo Largo, Cascavel, Colombo, Francisco Beltr\u00e3o, Foz do Igua\u00e7u, Guarapuava, [&hellip;]<\/p>\n","protected":false},"author":2,"featured_media":32054,"comment_status":"open","ping_status":"open","sticky":false,"template":"","format":"standard","meta":{"advanced_seo_description":"","jetpack_seo_html_title":"","jetpack_seo_noindex":false,"_jetpack_memberships_contains_paid_content":false,"footnotes":""},"categories":[72],"tags":[],"class_list":{"0":"post-32053","1":"post","2":"type-post","3":"status-publish","4":"format-standard","5":"has-post-thumbnail","7":"category-educacao"},"jetpack_featured_media_url":"https:\/\/www.paranapraia.com.br\/wp-content\/uploads\/2021\/04\/news_interna_WhatsApp_Image_20210429_at_08.45.42_2.jpeg","jetpack_sharing_enabled":true,"_links":{"self":[{"href":"https:\/\/www.paranapraia.com.br\/index.php\/wp-json\/wp\/v2\/posts\/32053"}],"collection":[{"href":"https:\/\/www.paranapraia.com.br\/index.php\/wp-json\/wp\/v2\/posts"}],"about":[{"href":"https:\/\/www.paranapraia.com.br\/index.php\/wp-json\/wp\/v2\/types\/post"}],"author":[{"embeddable":true,"href":"https:\/\/www.paranapraia.com.br\/index.php\/wp-json\/wp\/v2\/users\/2"}],"replies":[{"embeddable":true,"href":"https:\/\/www.paranapraia.com.br\/index.php\/wp-json\/wp\/v2\/comments?post=32053"}],"version-history":[{"count":1,"href":"https:\/\/www.paranapraia.com.br\/index.php\/wp-json\/wp\/v2\/posts\/32053\/revisions"}],"predecessor-version":[{"id":32055,"href":"https:\/\/www.paranapraia.com.br\/index.php\/wp-json\/wp\/v2\/posts\/32053\/revisions\/32055"}],"wp:featuredmedia":[{"embeddable":true,"href":"https:\/\/www.paranapraia.com.br\/index.php\/wp-json\/wp\/v2\/media\/32054"}],"wp:attachment":[{"href":"https:\/\/www.paranapraia.com.br\/index.php\/wp-json\/wp\/v2\/media?parent=32053"}],"wp:term":[{"taxonomy":"category","embeddable":true,"href":"https:\/\/www.paranapraia.com.br\/index.php\/wp-json\/wp\/v2\/categories?post=32053"},{"taxonomy":"post_tag","embeddable":true,"href":"https:\/\/www.paranapraia.com.br\/index.php\/wp-json\/wp\/v2\/tags?post=32053"}],"curies":[{"name":"wp","href":"https:\/\/api.w.org\/{rel}","templated":true}]}}