{"id":32050,"date":"2021-04-29T09:27:47","date_gmt":"2021-04-29T12:27:47","guid":{"rendered":"https:\/\/www.paranapraia.com.br\/?p=32050"},"modified":"2021-04-29T09:27:48","modified_gmt":"2021-04-29T12:27:48","slug":"9-primeiros-sintomas-de-coronavirus-covid-19","status":"publish","type":"post","link":"https:\/\/www.paranapraia.com.br\/index.php\/2021\/04\/29\/9-primeiros-sintomas-de-coronavirus-covid-19\/","title":{"rendered":"9 primeiros sintomas de coronav\u00edrus (COVID-19)"},"content":{"rendered":"\n<p>O novo coronav\u00edrus, o SARS-CoV-2, respons\u00e1vel pela&nbsp;COVID-19, pode causar v\u00e1rios sintomas diferentes que, dependendo da pessoa, podem variar&nbsp;desde&nbsp;uma simples gripe at\u00e9 uma pneumonia grave.<\/p>\n\n\n\n<p>Normalmente&nbsp;os primeiros sintomas da COVID-19 aparecem 2 a 14 dias ap\u00f3s uma poss\u00edvel exposi\u00e7\u00e3o ao v\u00edrus, e incluem:<\/p>\n\n\n\n<ol class=\"wp-block-list\"><li>Tosse seca e persistente;<\/li><li>Febre acima de 38\u00ba C;<\/li><li>Cansa\u00e7o excessivo;<\/li><li>Dor muscular generalizada;<\/li><li>Dor de cabe\u00e7a;<\/li><li>Garganta inflamada;<\/li><li>Coriza ou nariz entupido;<\/li><li>Altera\u00e7\u00f5es do tr\u00e2nsito intestinal, principalmente diarreia;<\/li><li>Perda de gosto e olfato.<\/li><\/ol>\n\n\n\n<p>Estes sintomas&nbsp;s\u00e3o semelhantes aos de uma&nbsp;gripe&nbsp;comum e, por isso, podem ser confundidos. No entanto, \u00e9 comum que possam ser tratados em casa, j\u00e1&nbsp;que representam uma infec\u00e7\u00e3o leve pelo v\u00edrus,&nbsp;mas ainda assim \u00e9 preciso que a pessoa fique em isolamento durante o per\u00edodo de recupera\u00e7\u00e3o para evitar a infec\u00e7\u00e3o de outras pessoas.<\/p>\n\n\n\n<h2 class=\"wp-block-heading\"><a>Teste online de sintomas<\/a><\/h2>\n\n\n\n<p>Se acha que pode estar infectado, por favor, responda \u00e0s seguintes perguntas para descobrir qual o seu risco e o que fazer:<\/p>\n\n\n\n<ol class=\"wp-block-list\"><li>1.&nbsp;Sente dor de cabe\u00e7a ou mal-estar geral?N\u00e3oSim<\/li><li>2.&nbsp;Sente dor muscular generalizada?N\u00e3oSim<\/li><li>3.&nbsp;Sente cansa\u00e7o excessivo?N\u00e3oSim<\/li><li>4.&nbsp;Tem congest\u00e3o nasal ou coriza?N\u00e3oSim<\/li><li>5.&nbsp;Est\u00e1 com tosse intensa, especialmente seca?N\u00e3oSim<\/li><li>6.&nbsp;Sente dor intensa ou press\u00e3o persistente no peito?N\u00e3oSim<\/li><li>7.&nbsp;Tem febre acima de 38\u00baC?N\u00e3oSim<\/li><li>8.&nbsp;Sente dificuldade para respirar ou falta de ar?N\u00e3oSim<\/li><li>9.&nbsp;Est\u00e1 com os l\u00e1bios ou rosto ligeiramente azulados?N\u00e3oSim<\/li><li>10.&nbsp;Est\u00e1 com dor de garganta?N\u00e3oSim<\/li><li>11.&nbsp;Esteve em algum local com elevado n\u00famero de casos de COVID-19, nos \u00faltimos 14 dias?N\u00e3oSim<\/li><li>12.&nbsp;Acha que teve contato com algu\u00e9m que possa estar com COVID-19, nos \u00faltimos 14 dias?N\u00e3oSim<\/li><\/ol>\n\n\n\n<h3 class=\"wp-block-heading\"><a>Sintomas graves de COVID-19<\/a><\/h3>\n\n\n\n<p>Nos casos mais graves, os sintomas iniciais v\u00e3o se agravando em pouco tempo, surgindo dificuldade para&nbsp;respirar, dor no peito e&nbsp;confus\u00e3o, por exemplo. Nestes casos, a infec\u00e7\u00e3o \u00e9 considerada grave e deve ser tratada no hospital o mais r\u00e1pido poss\u00edvel.<\/p>\n\n\n\n<p>Os sintomas mais graves da COVID-19&nbsp;parecem surgir especialmente em pessoas com idade superior a 60 anos ou que tenham algum tipo de enfraquecimento do sistema imunol\u00f3gico,&nbsp;como pode acontecer em casos de&nbsp;doen\u00e7a autoimune, doen\u00e7a cr\u00f4nica ou transplantes.&nbsp;<\/p>\n\n\n\n<h2 class=\"wp-block-heading\"><a>O que fazer em caso de suspeita<\/a><\/h2>\n\n\n\n<p>O que se deve fazer quando se suspeita de uma infec\u00e7\u00e3o por COVID-19 \u00e9 entrar em contato com a linha &#8220;Disque Sa\u00fade&#8221; atrav\u00e9s do n\u00famero 136, para saber como proceder. Outra op\u00e7\u00e3o \u00e9 entrar em contato com a linha atrav\u00e9s do n\u00famero de Whatsapp: (61) 9938-0031.<\/p>\n\n\n\n<p>Se for aconselhado ir ao hospital ou a um&nbsp;posto de sa\u00fade, deve-se ter alguns cuidados no caminho entre casa e a unidade de sa\u00fade, como:<\/p>\n\n\n\n<ul class=\"wp-block-list\"><li><strong>Utilizar m\u00e1scara descart\u00e1vel<\/strong>, para proteger as outras pessoas da tosse e de espirro que podem espalhar o v\u00edrus;<\/li><li><strong>Cobrir o nariz e a boca para espirrar ou tossir<\/strong>, utilizando um len\u00e7o descart\u00e1vel e descartando ap\u00f3s cada utiliza\u00e7\u00e3o;<\/li><li><strong>Lavar as m\u00e3os antes de sair de casa<\/strong>&nbsp;e logo que chegar ao hospital;<\/li><li><strong>Evitar o contato direto com outras pessoas<\/strong>, atrav\u00e9s do toque, beijos ou abra\u00e7os;<\/li><li><strong>Evitar utilizar o transporte p\u00fablico<\/strong>&nbsp;para chegar ao hospital e\/ou servi\u00e7o de sa\u00fade.<\/li><\/ul>\n\n\n\n<p>Uma vez no hospital ou servi\u00e7o de sa\u00fade \u00e9 importante manter alguma dist\u00e2ncia das outras pessoas, especialmente nas salas de espera, j\u00e1 que isso permite atrasar a transmiss\u00e3o do v\u00edrus.<\/p>\n\n\n\n<p>Al\u00e9m disso, \u00e9 importante avisar todas as pessoas que estiveram em contato pr\u00f3ximo nos \u00faltimos 14 dias, como familiares e amigos, sobre a suspeita, para que essas pessoas possam ficar atentas ao surgimento de sintomas.<\/p>\n\n\n\n<p>Confira todos os\u00a0cuidados importantes para evitar a transmiss\u00e3o da\u00a0COVID-19.<\/p>\n\n\n\n<h2 class=\"wp-block-heading\"><a>Como confirmar o diagn\u00f3stico<\/a><\/h2>\n\n\n\n<p>O diagn\u00f3stico da COVID-19 \u00e9 iniciado pelo m\u00e9dico por meio da avalia\u00e7\u00e3o dos sintomas e do hist\u00f3rico de contatos da pessoa. No entanto, o diagn\u00f3stico\u00a0s\u00f3 pode ser confirmado ap\u00f3s\u00a0um teste de COVID-19 com as secre\u00e7\u00f5es respirat\u00f3rias ou um exame de sangue para confirmar que realmente se trata de uma infec\u00e7\u00e3o pelo novo coronav\u00edrus ou n\u00e3o. Dependendo do tipo de exame, os resultados poder\u00e3o demorar horas ou dias dependendo do laborat\u00f3rio em que \u00e9 realizado. Saiba\u00a0mais sobre o teste de COVID-19.<\/p>\n\n\n\n<h2 class=\"wp-block-heading\"><a>Como se pega a COVID-19<\/a><\/h2>\n\n\n\n<p>A transmiss\u00e3o do coronav\u00edrus acontece principalmente por meio da inala\u00e7\u00e3o de got\u00edculas liberadas no ar ao tossir ou ao espirrar. No entanto, tamb\u00e9m \u00e9 poss\u00edvel pegar COVID-19 quando se entra em contato com uma superf\u00edcie infectada e depois se passa a m\u00e3o no rosto, especialmente nas mucosas dos olhos, nariz ou boca.<\/p>\n\n\n\n<p>Al\u00e9m disso, alguns estudos tamb\u00e9m parecem indicar que o novo coronav\u00edrus tamb\u00e9m pode ser transmitido por\u00a0via fecal-oral, j\u00e1 que o v\u00edrus\u00a0tamb\u00e9m pode ser excretado nas fezes. Conhe\u00e7a as\u00a0principais formas de transmiss\u00e3o da COVID-19.<\/p>\n\n\n\n<h3 class=\"wp-block-heading\"><a>\u00c9 poss\u00edvel pegar COVID-19 mais que uma vez?<\/a><\/h3>\n\n\n\n<p>Existem casos relatados de pessoas que ficaram infectadas por COVID-19 mais que uma vez, no entanto, e de acordo com o CDC<sup><a href=\"https:\/\/www.cdc.gov\/vaccines\/acip\/meetings\/downloads\/slides-2020-12\/slides-12-12\/COVID-03-Mbaeyi.pdf\">[1]<\/a><\/sup>, o risco de pegar novamente o v\u00edrus ap\u00f3s uma infec\u00e7\u00e3o anterior \u00e9 reduzido, principalmente nos primeiros 90 dias ap\u00f3s a infec\u00e7\u00e3o, j\u00e1 que o corpo desenvolve imunidade natural durante esse per\u00edodo.<\/p>\n\n\n\n<p>Em qualquer caso, o ideal \u00e9 manter todos os cuidados necess\u00e1rios para evitar uma nova infec\u00e7\u00e3o, como utilizar m\u00e1scara de prote\u00e7\u00e3o individual, lavar frequentemente as m\u00e3os e manter o distanciamento social.<\/p>\n\n\n\n<h2 class=\"wp-block-heading\"><a>Variantes da COVID-19<\/a><\/h2>\n\n\n\n<p>Por ser um v\u00edrus de RNA, \u00e9 poss\u00edvel que o SARS-CoV-2, que \u00e9 o v\u00edrus respons\u00e1vel pela COVID-19, sofra v\u00e1rias muta\u00e7\u00f5es ao longo do tempo, dando origem \u00e0s variantes. Uma nova variante identificada do v\u00edrus \u00e9 atualmente conhecida como B.1.1.7, ou popularmente como variante do Reino Unido, em que foram identificadas 17 muta\u00e7\u00f5es ao mesmo tempo.<\/p>\n\n\n\n<p>Foi verificado por pesquisadores que essas muta\u00e7\u00f5es garantiram ao v\u00edrus maior capacidade de transmissibilidade e infec\u00e7\u00e3o, isso porque cerca de 8 muta\u00e7\u00f5es estavam relacionadas com o gene que codifica a prote\u00edna presente na superf\u00edcie do v\u00edrus, que \u00e9 respons\u00e1vel por ligar-se \u00e0s c\u00e9lulas humanas, favorecendo a entrada do v\u00edrus na c\u00e9lula e resultando na infec\u00e7\u00e3o.<\/p>\n\n\n\n<p>Al\u00e9m disso, foi tamb\u00e9m verificada que uma das muta\u00e7\u00f5es promovia o aumento da for\u00e7a de liga\u00e7\u00e3o entre as prote\u00ednas de superf\u00edcie do v\u00edrus e das c\u00e9lulas humanas, o que tornaria a elimina\u00e7\u00e3o do v\u00edrus antes da entrada nas c\u00e9lulas mais dif\u00edcil.<\/p>\n\n\n\n<p>Al\u00e9m da variante do Reino Unido, foram tamb\u00e9m identificadas variantes do SARS-CoV-2 na \u00c1frica do Sul, a variante 1.351,&nbsp;e no Brasil, a variante P.1, que, assim como a outra variante, t\u00eam maior capacidade de transmissibilidade. Al\u00e9m disso, a variante P.1 apresenta muta\u00e7\u00f5es adicionais que podem interferir na sua capacidade de ser reconhecido por anticorpos.<\/p>\n\n\n\n<p>Outra variante tamb\u00e9m identificada foi a variante de Nova York, denominada B.1526, que tamb\u00e9m poderia ter maior capacidade de transmiss\u00e3o, no entanto os estudos que relataram a circula\u00e7\u00e3o dessa nova variante ainda n\u00e3o foram publicados em revistas cient\u00edficas.<\/p>\n\n\n\n<p>Apesar da maior capacidade de transmiss\u00e3o, at\u00e9 o momento n\u00e3o existem evid\u00eancias cient\u00edficas que essas variantes possam estar relacionados com casos mais graves de COVID-19, sendo necess\u00e1rios mais estudos que permitam entender melhor o comportamento dessa nova estirpe de v\u00edrus e se \u00e9 necess\u00e1ria a ado\u00e7\u00e3o de novas medidas de preven\u00e7\u00e3o.<\/p>\n\n\n\n<figure class=\"wp-block-image\"><img decoding=\"async\" src=\"https:\/\/static.tuasaude.com\/media\/article\/ex\/je\/coronavirus_38024_l.jpg\" alt=\"9 primeiros sintomas de coronav\u00edrus (COVID-19)\"\/><\/figure>\n\n\n\n<h2 class=\"wp-block-heading\"><a>Como \u00e9 feito o tratamento<\/a><\/h2>\n\n\n\n<p>N\u00e3o existe um tratamento espec\u00edfico para a COVID-19, sendo recomendada medidas de suporte, como hidrata\u00e7\u00e3o, repouso e alimenta\u00e7\u00e3o leve e equilibrada. Al\u00e9m disso, tamb\u00e9m est\u00e3o indicados os rem\u00e9dios para febre e analg\u00e9sicos, como o Paracetamol, e rem\u00e9dios que possam ajudar a melhorar a imunidade e combater os sintomas, desde que usados sob supervis\u00e3o do m\u00e9dico, para&nbsp;facilitar a recupera\u00e7\u00e3o.<\/p>\n\n\n\n<p>Alguns estudos est\u00e3o sendo realizados com o objetivo de testar a efic\u00e1cia de v\u00e1rios medicamentos antivirais para eliminar o v\u00edrus, tendo sido verificado que o antiviral Remdesivir&nbsp;\u00e9 capaz de inibir a replica\u00e7\u00e3o do material gen\u00e9tico do v\u00edrus, o que seria eficaz no combate \u00e0 COVID-19 e, por isso, o seu uso foi liberado pela ANVISA. No entanto, esse medicamento est\u00e1 apenas indicado para pacientes que possuem pneumonia e n\u00e3o est\u00e3o com ventila\u00e7\u00e3o mec\u00e2nica, sendo administrado por meio de inje\u00e7\u00e3o.<\/p>\n\n\n\n<p>Al\u00e9m do Remdesivir outros medicamentos est\u00e3o sendo estudados para que seja ent\u00e3o poss\u00edvel haver libera\u00e7\u00e3o pelo \u00f3rg\u00e3os respons\u00e1veis e inclus\u00e3o em novos protocolos terap\u00eauticos. Veja mais sobre os\u00a0rem\u00e9dios sendo testados para a COVID-19.<\/p>\n\n\n\n<p>Nos casos mais graves, a pessoa infectada pode ainda desenvolver uma pneumonia viral, com sintomas como intensa press\u00e3o no peito, febre alta e falta de ar. Nesses casos, \u00e9 recomendado o internamento no hospital, para receber oxig\u00eanio e ficar sob vigil\u00e2ncia cont\u00ednua dos sinais vitais.<\/p>\n\n\n\n<h2 class=\"wp-block-heading\"><a>Quem tem maior risco de complica\u00e7\u00f5es<\/a><\/h2>\n\n\n\n<p>O risco de complica\u00e7\u00f5es graves por COVID-19, como a pneumonia, parece ser maior em pessoas acima dos 60 anos e todas as que possuam o sistema imune enfraquecido. Dessa forma, al\u00e9m dos idosos, tamb\u00e9m fazem parte do grupo de risco:<\/p>\n\n\n\n<ul class=\"wp-block-list\"><li>Pessoas com doen\u00e7as cr\u00f4nicas, como c\u00e2ncer, diabetes, insufici\u00eancia renal ou doen\u00e7as card\u00edacas;<\/li><li>Pessoas com doen\u00e7as autoimunes, como l\u00fapus ou esclerose m\u00faltipla;<\/li><li>Pessoas com infec\u00e7\u00f5es que afetam o sistema imune, como o HIV;<\/li><li>Pessoas que estejam fazendo tratamento contra o c\u00e2ncer, especialmente quimioterapia;<\/li><li>Pessoas que tenham feito uma cirurgia recente, principalmente transplantes;<\/li><li>Pessoas que estejam fazendo tratamento com imunossupressores.<\/li><\/ul>\n\n\n\n<p>Al\u00e9m disso, pessoas com obesidade (IMC acima de 30) t\u00eam tamb\u00e9m maior risco de desenvolver complica\u00e7\u00f5es graves, isso porque o excesso de peso faz com que o pulm\u00e3o tenha que trabalhar mais para que o corpo seja oxigenado corretamente, o que tamb\u00e9m influencia na atividade do cora\u00e7\u00e3o. \u00c9 comum tamb\u00e9m que associado \u00e0 obesidade existam outras doen\u00e7as cr\u00f4nicas, como diabetes e hipertens\u00e3o, tornando o corpo suscept\u00edvel ao desenvolvimento de complica\u00e7\u00f5es.<\/p>\n\n\n\n<p>Usa rem\u00e9dios controlados?<\/p>\n\n\n\n<ul class=\"wp-block-list\"><li>N\u00e3o<\/li><li>Corticoides, como Prednisolona<\/li><li>Imunossupressores, como Ciclosporina<\/li><li>Outro<\/li><\/ul>\n\n\n\n<p>Estar no grupo de risco n\u00e3o significa que existem maiores chances de pegar a doen\u00e7a, mas que existe um risco aumentado de se desenvolver complica\u00e7\u00f5es graves que possam colocar a vida em perigo. Desta forma, durante per\u00edodos de epidemia ou pandemia, estas pessoas devem, sempre que poss\u00edvel, fazer auto-isolamento ou distanciamento social para diminuir as chances de pegar a doen\u00e7a.<\/p>\n\n\n\n<h2 class=\"wp-block-heading\"><a>Coronav\u00edrus ou COVID-19?<\/a><\/h2>\n\n\n\n<p>&#8220;Coronav\u00edrus&#8221; \u00e9 na verdade o nome dado a um grupo de v\u00edrus pertencentes \u00e0 mesma fam\u00edlia, a&nbsp;<em>Coronaviridae,<\/em>&nbsp;que s\u00e3o respons\u00e1veis por infec\u00e7\u00f5es respirat\u00f3rias que podem ser leves ou bastante graves dependendo do coronav\u00edrus respons\u00e1vel pela infec\u00e7\u00e3o.<\/p>\n\n\n\n<p>At\u00e9 ao momento, s\u00e3o conhecidos 7 tipos de coronav\u00edrus que podem afetar humanos:<\/p>\n\n\n\n<ol class=\"wp-block-list\"><li>SARS-CoV-2 (coronav\u00edrus da China);<\/li><li>229E;<\/li><li>NL63;<\/li><li>OC43;<\/li><li>HKU1;<\/li><li>SARS-CoV;<\/li><li>MERS-CoV.<\/li><\/ol>\n\n\n\n<p>O novo coronav\u00edrus\u00a0\u00e9 na realidade conhecido na comunidade cient\u00edfica como SARS-CoV-2 e a infec\u00e7\u00e3o causada pelo v\u00edrus \u00e9 que \u00e9 a COVID-19. Outras doen\u00e7as conhecidas e causadas por outros tipos de coronav\u00edrus s\u00e3o, por exemplo, a SARS e a MERS, respons\u00e1veis pela S\u00edndrome Respirat\u00f3ria Aguda Grave e pela S\u00edndrome Respirat\u00f3ria do Oriente M\u00e9dio, respectivamente.<\/p>\n\n\n\n<p>Tua Sa\u00fade<br><\/p>\n","protected":false},"excerpt":{"rendered":"<p>O novo coronav\u00edrus, o SARS-CoV-2, respons\u00e1vel pela&nbsp;COVID-19, pode causar v\u00e1rios sintomas diferentes que, dependendo da pessoa, podem variar&nbsp;desde&nbsp;uma simples gripe at\u00e9 uma pneumonia grave. Normalmente&nbsp;os primeiros sintomas da COVID-19 aparecem 2 a 14 dias ap\u00f3s uma poss\u00edvel exposi\u00e7\u00e3o ao v\u00edrus, e incluem: Tosse seca e persistente; Febre acima de 38\u00ba C; Cansa\u00e7o excessivo; Dor muscular [&hellip;]<\/p>\n","protected":false},"author":2,"featured_media":32051,"comment_status":"open","ping_status":"open","sticky":false,"template":"","format":"standard","meta":{"advanced_seo_description":"","jetpack_seo_html_title":"","jetpack_seo_noindex":false,"_jetpack_memberships_contains_paid_content":false,"footnotes":""},"categories":[107],"tags":[],"class_list":{"0":"post-32050","1":"post","2":"type-post","3":"status-publish","4":"format-standard","5":"has-post-thumbnail","7":"category-covid-19"},"jetpack_featured_media_url":"https:\/\/www.paranapraia.com.br\/wp-content\/uploads\/2021\/04\/116936245_1.jpg","jetpack_sharing_enabled":true,"_links":{"self":[{"href":"https:\/\/www.paranapraia.com.br\/index.php\/wp-json\/wp\/v2\/posts\/32050"}],"collection":[{"href":"https:\/\/www.paranapraia.com.br\/index.php\/wp-json\/wp\/v2\/posts"}],"about":[{"href":"https:\/\/www.paranapraia.com.br\/index.php\/wp-json\/wp\/v2\/types\/post"}],"author":[{"embeddable":true,"href":"https:\/\/www.paranapraia.com.br\/index.php\/wp-json\/wp\/v2\/users\/2"}],"replies":[{"embeddable":true,"href":"https:\/\/www.paranapraia.com.br\/index.php\/wp-json\/wp\/v2\/comments?post=32050"}],"version-history":[{"count":1,"href":"https:\/\/www.paranapraia.com.br\/index.php\/wp-json\/wp\/v2\/posts\/32050\/revisions"}],"predecessor-version":[{"id":32052,"href":"https:\/\/www.paranapraia.com.br\/index.php\/wp-json\/wp\/v2\/posts\/32050\/revisions\/32052"}],"wp:featuredmedia":[{"embeddable":true,"href":"https:\/\/www.paranapraia.com.br\/index.php\/wp-json\/wp\/v2\/media\/32051"}],"wp:attachment":[{"href":"https:\/\/www.paranapraia.com.br\/index.php\/wp-json\/wp\/v2\/media?parent=32050"}],"wp:term":[{"taxonomy":"category","embeddable":true,"href":"https:\/\/www.paranapraia.com.br\/index.php\/wp-json\/wp\/v2\/categories?post=32050"},{"taxonomy":"post_tag","embeddable":true,"href":"https:\/\/www.paranapraia.com.br\/index.php\/wp-json\/wp\/v2\/tags?post=32050"}],"curies":[{"name":"wp","href":"https:\/\/api.w.org\/{rel}","templated":true}]}}