{"id":31617,"date":"2021-03-29T10:55:30","date_gmt":"2021-03-29T13:55:30","guid":{"rendered":"https:\/\/www.paranapraia.com.br\/?p=31617"},"modified":"2021-03-29T10:55:35","modified_gmt":"2021-03-29T13:55:35","slug":"problema-na-qualidade-da-agua-afeta-abastecimento-em-bairros-de-curitiba-e-sao-jose-dos-pinhais","status":"publish","type":"post","link":"https:\/\/www.paranapraia.com.br\/index.php\/2021\/03\/29\/problema-na-qualidade-da-agua-afeta-abastecimento-em-bairros-de-curitiba-e-sao-jose-dos-pinhais\/","title":{"rendered":"Problema na qualidade da \u00e1gua afeta abastecimento em bairros de Curitiba e S\u00e3o Jos\u00e9 dos Pinhais"},"content":{"rendered":"\n<p>Um problema que foi detectado na qualidade da \u00e1gua afeta o abastecimento de bairros de Curitiba e S\u00e3o Jos\u00e9 dos Pinhais, na regi\u00e3o metropolitana da capital, desde domingo (28), de acordo com a Companhia de Saneamento do Paran\u00e1 (Sanepar).<\/p>\n\n\n\n<p>A empresa informou que o problema interrompeu a capta\u00e7\u00e3o e produ\u00e7\u00e3o da Esta\u00e7\u00e3o de Tratamento de \u00c1gua Igua\u00e7u para uma limpeza de filtros.<\/p>\n\n\n\n<p>Com isso, im\u00f3veis que est\u00e3o nos seguintes bairros foram afetados:<\/p>\n\n\n\n<ul class=\"wp-block-list\"><li><strong>Curitiba:&nbsp;<\/strong>Cajuru, Guabirotuba, Jardim das Am\u00e9ricas, Uberaba, Alto Boqueir\u00e3o, Boqueir\u00e3o, Ganchinho, Hauer, Pinheirinho, S\u00edtio Cercado e Xaxim;<\/li><li><strong>S\u00e3o Jos\u00e9 dos Pinhais:&nbsp;<\/strong>Cidade Jardim.<\/li><\/ul>\n\n\n\n<p>Segundo a Sanepar, o abastecimento deve ser normalizado aos poucos a partir das 15h desta segunda-feira (29).<\/p>\n\n\n\n<p>Im\u00f3veis com caixa d&#8217;\u00e1gua de pelo menos 500 litros n\u00e3o devem ser afetados pelo desabastecimento, conforme a empresa.<\/p>\n\n\n\n<p>Clientes podem tirar d\u00favidas pelo telefone 0800 200 0115.<\/p>\n\n\n\n<p>G1PR<br><\/p>\n","protected":false},"excerpt":{"rendered":"<p>Um problema que foi detectado na qualidade da \u00e1gua afeta o abastecimento de bairros de Curitiba e S\u00e3o Jos\u00e9 dos Pinhais, na regi\u00e3o metropolitana da capital, desde domingo (28), de acordo com a Companhia de Saneamento do Paran\u00e1 (Sanepar). A empresa informou que o problema interrompeu a capta\u00e7\u00e3o e produ\u00e7\u00e3o da Esta\u00e7\u00e3o de Tratamento de [&hellip;]<\/p>\n","protected":false},"author":2,"featured_media":31618,"comment_status":"open","ping_status":"open","sticky":false,"template":"","format":"standard","meta":{"advanced_seo_description":"","jetpack_seo_html_title":"","jetpack_seo_noindex":false,"_jetpack_memberships_contains_paid_content":false,"footnotes":""},"categories":[40],"tags":[],"class_list":{"0":"post-31617","1":"post","2":"type-post","3":"status-publish","4":"format-standard","5":"has-post-thumbnail","7":"category-destaques"},"jetpack_featured_media_url":"https:\/\/www.paranapraia.com.br\/wp-content\/uploads\/2021\/03\/torneira-5.jpg","jetpack_sharing_enabled":true,"_links":{"self":[{"href":"https:\/\/www.paranapraia.com.br\/index.php\/wp-json\/wp\/v2\/posts\/31617"}],"collection":[{"href":"https:\/\/www.paranapraia.com.br\/index.php\/wp-json\/wp\/v2\/posts"}],"about":[{"href":"https:\/\/www.paranapraia.com.br\/index.php\/wp-json\/wp\/v2\/types\/post"}],"author":[{"embeddable":true,"href":"https:\/\/www.paranapraia.com.br\/index.php\/wp-json\/wp\/v2\/users\/2"}],"replies":[{"embeddable":true,"href":"https:\/\/www.paranapraia.com.br\/index.php\/wp-json\/wp\/v2\/comments?post=31617"}],"version-history":[{"count":1,"href":"https:\/\/www.paranapraia.com.br\/index.php\/wp-json\/wp\/v2\/posts\/31617\/revisions"}],"predecessor-version":[{"id":31619,"href":"https:\/\/www.paranapraia.com.br\/index.php\/wp-json\/wp\/v2\/posts\/31617\/revisions\/31619"}],"wp:featuredmedia":[{"embeddable":true,"href":"https:\/\/www.paranapraia.com.br\/index.php\/wp-json\/wp\/v2\/media\/31618"}],"wp:attachment":[{"href":"https:\/\/www.paranapraia.com.br\/index.php\/wp-json\/wp\/v2\/media?parent=31617"}],"wp:term":[{"taxonomy":"category","embeddable":true,"href":"https:\/\/www.paranapraia.com.br\/index.php\/wp-json\/wp\/v2\/categories?post=31617"},{"taxonomy":"post_tag","embeddable":true,"href":"https:\/\/www.paranapraia.com.br\/index.php\/wp-json\/wp\/v2\/tags?post=31617"}],"curies":[{"name":"wp","href":"https:\/\/api.w.org\/{rel}","templated":true}]}}