{"id":31611,"date":"2021-03-29T10:51:29","date_gmt":"2021-03-29T13:51:29","guid":{"rendered":"https:\/\/www.paranapraia.com.br\/?p=31611"},"modified":"2021-03-29T10:51:34","modified_gmt":"2021-03-29T13:51:34","slug":"pontal-do-parana-vacina-866-idosos-no-final-de-semana","status":"publish","type":"post","link":"https:\/\/www.paranapraia.com.br\/index.php\/2021\/03\/29\/pontal-do-parana-vacina-866-idosos-no-final-de-semana\/","title":{"rendered":"Pontal do Paran\u00e1 vacina 866 idosos no final de semana"},"content":{"rendered":"\n<p>A vacina\u00e7\u00e3o contra a Covid-19 que ocorreu neste s\u00e1bado (27) e domingo (28) em Pontal do Paran\u00e1 alcan\u00e7ou a marca de 866 idosos imunizados do grupo acima dos 70 anos. No s\u00e1bado o atendimento aconteceu seguindo os agendamentos que foram realizados por telefone, e no domingo, aconteceu em livre demanda, ou seja, os idosos n\u00e3o precisaram de agendamento.<br>\u00a0<\/p>\n\n\n\n<figure class=\"wp-block-image size-large\"><img loading=\"lazy\" decoding=\"async\" width=\"960\" height=\"640\" src=\"https:\/\/www.paranapraia.com.br\/wp-content\/uploads\/2021\/03\/165283492_488719089236200_1562337752280544860_n.jpg\" alt=\"\" class=\"wp-image-31613\" srcset=\"https:\/\/www.paranapraia.com.br\/wp-content\/uploads\/2021\/03\/165283492_488719089236200_1562337752280544860_n.jpg 960w, https:\/\/www.paranapraia.com.br\/wp-content\/uploads\/2021\/03\/165283492_488719089236200_1562337752280544860_n-300x200.jpg 300w, https:\/\/www.paranapraia.com.br\/wp-content\/uploads\/2021\/03\/165283492_488719089236200_1562337752280544860_n-768x512.jpg 768w, https:\/\/www.paranapraia.com.br\/wp-content\/uploads\/2021\/03\/165283492_488719089236200_1562337752280544860_n-696x464.jpg 696w, https:\/\/www.paranapraia.com.br\/wp-content\/uploads\/2021\/03\/165283492_488719089236200_1562337752280544860_n-630x420.jpg 630w\" sizes=\"(max-width: 960px) 100vw, 960px\" \/><\/figure>\n\n\n\n<p>A Secretaria de Municipal de Sa\u00fade organizou suas equipes em tr\u00eas pontos de vacina\u00e7\u00e3o:<br>&nbsp;<\/p>\n\n\n\n<p>-Praia de Leste &#8211; Sal\u00e3o da Igreja Matriz (pr\u00f3ximo ao Provopar)<br>-Shangril\u00e1 &#8211; Gin\u00e1sio da Escola Amatuzzi<br>-Pontal do Sul &#8211; Gin\u00e1sio da Escola Benvinda<br>&nbsp;<\/p>\n\n\n\n<p>O prefeito Rud\u00e3o Gimenes explicou que esse semana o objetivo das equipes \u00e9 atingir os idosos com mais de 65 anos.<\/p>\n\n\n\n<figure class=\"wp-block-image size-large\"><img loading=\"lazy\" decoding=\"async\" width=\"960\" height=\"640\" src=\"https:\/\/www.paranapraia.com.br\/wp-content\/uploads\/2021\/03\/165308468_488718625902913_7241010728394705932_n.jpg\" alt=\"\" class=\"wp-image-31614\" srcset=\"https:\/\/www.paranapraia.com.br\/wp-content\/uploads\/2021\/03\/165308468_488718625902913_7241010728394705932_n.jpg 960w, https:\/\/www.paranapraia.com.br\/wp-content\/uploads\/2021\/03\/165308468_488718625902913_7241010728394705932_n-300x200.jpg 300w, https:\/\/www.paranapraia.com.br\/wp-content\/uploads\/2021\/03\/165308468_488718625902913_7241010728394705932_n-768x512.jpg 768w, https:\/\/www.paranapraia.com.br\/wp-content\/uploads\/2021\/03\/165308468_488718625902913_7241010728394705932_n-696x464.jpg 696w, https:\/\/www.paranapraia.com.br\/wp-content\/uploads\/2021\/03\/165308468_488718625902913_7241010728394705932_n-630x420.jpg 630w\" sizes=\"(max-width: 960px) 100vw, 960px\" \/><\/figure>\n\n\n\n<p>&#8220;Estamos aguardando receber novas doses de vacina e com isso poderemos continuar o agendamento, que est\u00e1 sendo feito por meio de telefone, e vamos imunizar mais essa faixa et\u00e1ria, com organiza\u00e7ao e um atendimento humanizado, conseguiremos cumprir o cronograma e vacinar a nossa popula\u00e7\u00e3o&#8221;, completou o prefeito Rud\u00e3o Gimenes.<br>&nbsp;<\/p>\n\n\n\n<p>No dia da vacina\u00e7\u00e3o, os agendados dever\u00e3o levar um documento com foto, comprovante de endere\u00e7o e cart\u00e3o SUS.<br>&nbsp;<\/p>\n\n\n\n<p>A secret\u00e1ria de Sa\u00fade Carmen Moura finalizou dizendo que na ter\u00e7a-feira (30) e quarta-feira (31) a prefeitura vai estar com tr\u00eas postos de vacina\u00e7\u00e3o, para idosos com 69 anos completos.<br>\u00a0<\/p>\n\n\n\n<figure class=\"wp-block-image size-large\"><img loading=\"lazy\" decoding=\"async\" width=\"960\" height=\"640\" src=\"https:\/\/www.paranapraia.com.br\/wp-content\/uploads\/2021\/03\/165776722_488718699236239_4478235728779796086_n.jpg\" alt=\"\" class=\"wp-image-31615\" srcset=\"https:\/\/www.paranapraia.com.br\/wp-content\/uploads\/2021\/03\/165776722_488718699236239_4478235728779796086_n.jpg 960w, https:\/\/www.paranapraia.com.br\/wp-content\/uploads\/2021\/03\/165776722_488718699236239_4478235728779796086_n-300x200.jpg 300w, https:\/\/www.paranapraia.com.br\/wp-content\/uploads\/2021\/03\/165776722_488718699236239_4478235728779796086_n-768x512.jpg 768w, https:\/\/www.paranapraia.com.br\/wp-content\/uploads\/2021\/03\/165776722_488718699236239_4478235728779796086_n-696x464.jpg 696w, https:\/\/www.paranapraia.com.br\/wp-content\/uploads\/2021\/03\/165776722_488718699236239_4478235728779796086_n-630x420.jpg 630w\" sizes=\"(max-width: 960px) 100vw, 960px\" \/><\/figure>\n\n\n\n<p>&#8220;Seguimos com nosso plano de vacina\u00e7\u00e3o, e os pontos ser\u00e3o o gin\u00e1rio do Col\u00b4pegio Estadual H\u00e9lio em Praia de Leste, gin\u00e1sio da Escola Amatuzzi, em Shangri-l\u00e1; e gin\u00e1sio da Escola Benvinda, em Pontal do Sul; o hor\u00e1rio ser\u00e1 das 9h \u00e0s 17h, para mais informa\u00e7\u00f5es podem ligar para o disque covid: 0800 8858421&#8221;, destacou a secret\u00e1ria.<\/p>\n\n\n\n<p>Assessoria<br><\/p>\n","protected":false},"excerpt":{"rendered":"<p>A vacina\u00e7\u00e3o contra a Covid-19 que ocorreu neste s\u00e1bado (27) e domingo (28) em Pontal do Paran\u00e1 alcan\u00e7ou a marca de 866 idosos imunizados do grupo acima dos 70 anos. No s\u00e1bado o atendimento aconteceu seguindo os agendamentos que foram realizados por telefone, e no domingo, aconteceu em livre demanda, ou seja, os idosos n\u00e3o [&hellip;]<\/p>\n","protected":false},"author":2,"featured_media":31612,"comment_status":"open","ping_status":"open","sticky":false,"template":"","format":"standard","meta":{"advanced_seo_description":"","jetpack_seo_html_title":"","jetpack_seo_noindex":false,"_jetpack_memberships_contains_paid_content":false,"footnotes":""},"categories":[40],"tags":[],"class_list":{"0":"post-31611","1":"post","2":"type-post","3":"status-publish","4":"format-standard","5":"has-post-thumbnail","7":"category-destaques"},"jetpack_featured_media_url":"https:\/\/www.paranapraia.com.br\/wp-content\/uploads\/2021\/03\/166055445_488718769236232_4074136317233796134_n.jpg","jetpack_sharing_enabled":true,"_links":{"self":[{"href":"https:\/\/www.paranapraia.com.br\/index.php\/wp-json\/wp\/v2\/posts\/31611"}],"collection":[{"href":"https:\/\/www.paranapraia.com.br\/index.php\/wp-json\/wp\/v2\/posts"}],"about":[{"href":"https:\/\/www.paranapraia.com.br\/index.php\/wp-json\/wp\/v2\/types\/post"}],"author":[{"embeddable":true,"href":"https:\/\/www.paranapraia.com.br\/index.php\/wp-json\/wp\/v2\/users\/2"}],"replies":[{"embeddable":true,"href":"https:\/\/www.paranapraia.com.br\/index.php\/wp-json\/wp\/v2\/comments?post=31611"}],"version-history":[{"count":1,"href":"https:\/\/www.paranapraia.com.br\/index.php\/wp-json\/wp\/v2\/posts\/31611\/revisions"}],"predecessor-version":[{"id":31616,"href":"https:\/\/www.paranapraia.com.br\/index.php\/wp-json\/wp\/v2\/posts\/31611\/revisions\/31616"}],"wp:featuredmedia":[{"embeddable":true,"href":"https:\/\/www.paranapraia.com.br\/index.php\/wp-json\/wp\/v2\/media\/31612"}],"wp:attachment":[{"href":"https:\/\/www.paranapraia.com.br\/index.php\/wp-json\/wp\/v2\/media?parent=31611"}],"wp:term":[{"taxonomy":"category","embeddable":true,"href":"https:\/\/www.paranapraia.com.br\/index.php\/wp-json\/wp\/v2\/categories?post=31611"},{"taxonomy":"post_tag","embeddable":true,"href":"https:\/\/www.paranapraia.com.br\/index.php\/wp-json\/wp\/v2\/tags?post=31611"}],"curies":[{"name":"wp","href":"https:\/\/api.w.org\/{rel}","templated":true}]}}