{"id":31607,"date":"2021-03-24T16:02:06","date_gmt":"2021-03-24T19:02:06","guid":{"rendered":"https:\/\/www.paranapraia.com.br\/?p=31607"},"modified":"2021-03-24T16:02:09","modified_gmt":"2021-03-24T19:02:09","slug":"estudos-sobre-a-covid-19-com-apoio-do-brde-serao-divulgados-na-semana-que-vem","status":"publish","type":"post","link":"https:\/\/www.paranapraia.com.br\/index.php\/2021\/03\/24\/estudos-sobre-a-covid-19-com-apoio-do-brde-serao-divulgados-na-semana-que-vem\/","title":{"rendered":"Estudos sobre a Covid-19 com apoio do BRDE ser\u00e3o divulgados na semana que vem"},"content":{"rendered":"\n<p>Os resultados preliminares de alguns estudos sobre a Covid-19&nbsp;que tiveram apoio do Banco Regional de Desenvolvimento do Extremo Sul (BRDE)&nbsp;ser\u00e3o apresentados ao p\u00fablico em 30 de mar\u00e7o, \u00e0s 17 horas. Trata-se do trabalho de pesquisadores da Pontif\u00edcia Universidade Cat\u00f3lica do Paran\u00e1 (PUCPR), que t\u00eam intensificado esfor\u00e7os para compreender melhor a doen\u00e7a, seus reflexos e encontrar solu\u00e7\u00f5es que auxiliem no combate.<\/p>\n\n\n\n<p>O evento ser\u00e1 transmitido pelo Youtube (<strong><a href=\"https:\/\/www.youtube.com\/watch?v=qfqvrJfZrYo\" target=\"_blank\" rel=\"noreferrer noopener\">AQUI<\/a><\/strong>). Ser\u00e3o divulgados os avan\u00e7os no \u00e2mbito de quatro de 13 projetos apoiados por dois editais internos da banco \u2013 Apoio a pesquisas para enfrentamento da Covid-19 (01\/2020) e Apoio complementar a pesquisas para enfrentamento da Covid-19 (03\/2020).<\/p>\n\n\n\n<p>\u201cTemos muito orgulho de apoiar um projeto t\u00e3o importante para a sociedade neste momento t\u00e3o dif\u00edcil e desconhecido. A ci\u00eancia precisa avan\u00e7ar, e o BRDE torce pelo desenvolvimento do setor\u201d, afirma o vice-presidente e diretor de Opera\u00e7\u00f5es do BRDE, Wilson Bley.<\/p>\n\n\n\n<p>Diretor do Instituto Cidades Inteligentes (iPUCPR), Eduardo Oliveira Agustinho afirma que as pesquisas refor\u00e7am o compromisso da universidade com a pesquisa cient\u00edfica, t\u00e3o relevante para a sociedade no contexto global atual de pandemia.<\/p>\n\n\n\n<p>\u201cOs pesquisadores da PUCPR est\u00e3o desenvolvendo diversas iniciativas de destaque voltadas a um maior entendimento do novo coronav\u00edrus, que est\u00e1 impactando todo o mundo h\u00e1 mais de um ano. S\u00e3o trabalhos inovadores, que buscam apontar um norte quando o assunto \u00e9 o combate, a preven\u00e7\u00e3o e tratamento da doen\u00e7a\u201d, pontua.<\/p>\n\n\n\n<p><strong>PESQUISAS<\/strong>&nbsp;\u2013 O estudo \u201cEstresse oxidativo na Covid-19\u201d, coordenado por Ricardo Aurino de Pinho, tem como objetivo avaliar altera\u00e7\u00f5es moleculares relacionadas \u00e0 inflama\u00e7\u00e3o, obesidade e ao estresse oxidativo causadas pela doen\u00e7a.<\/p>\n\n\n\n<p>J\u00e1 a pesquisa \u201cMonitoramento remoto de pacientes com Covid-19\u201d, com coordena\u00e7\u00e3o de Mauren Abreu de Souza, busca desenvolver um prot\u00f3tipo de dispositivo m\u00e9dico para monitoramento remoto e em tempo real dos sinais vitais de pacientes contaminados com o novo coronav\u00edrus.<\/p>\n\n\n\n<p>Outro trabalho que ser\u00e1 apresentado \u00e9 \u201cUtiliza\u00e7\u00e3o de um produto de terapia avan\u00e7ada no tratamento de pacientes com s\u00edndrome respirat\u00f3ria aguda grave decorrente do Sars-CoV-2\u201d, coordenado por Paulo Roberto Slud Brofman, que avalia o potencial terap\u00eautico das c\u00e9lulas-tronco mesenquimais (CTM) para tratamento dos pacientes com s\u00edndrome respirat\u00f3ria aguda grave decorrente do novo coronav\u00edrus.<\/p>\n\n\n\n<p>\u201cEduca\u00e7\u00e3o e pobreza infantil na pandemia da Covid-19\u201d, cuja coordena\u00e7\u00e3o ficou a cargo de Ana Maria Eyng, objetiva diagnosticar demandas e estrat\u00e9gias de garantia de direitos da inf\u00e2ncia em situa\u00e7\u00e3o de pobreza durante a epidemia de Sars-CoV-2.<\/p>\n\n\n\n<p><strong>EVENTO<\/strong>&nbsp;\u2013 A live \u201cA relev\u00e2ncia da pesquisa paranaense para o enfrentamento da Covid-19\u201d ocorre em 30 de mar\u00e7o, a partir das 17 horas. Participam Waldemiro Gremski, reitor da PUCPR; Wilson Bley Lipski, vice-presidente de diretor de Opera\u00e7\u00f5es do BRDE; e Luiz M\u00e1rcio Spinosa, diretor de Ci\u00eancia, Tecnologia e Inova\u00e7\u00e3o da Funda\u00e7\u00e3o Arauc\u00e1ria. A modera\u00e7\u00e3o ser\u00e1 de Paula Cristina Trevilatto, pr\u00f3-reitora de Pesquisa, P\u00f3s-Gradua\u00e7\u00e3o e Inova\u00e7\u00e3o da PUCPR.<\/p>\n\n\n\n<p>Para participar basta se inscrever em\u00a0<strong><\/strong>. A transmiss\u00e3o poder\u00e1 ser acompanhada em\u00a0<strong><a rel=\"noreferrer noopener\" href=\"https:\/\/www.youtube.com\/watch?v=qfqvrJfZrYo\" target=\"_blank\">https:\/\/www.youtube.com\/watch?v=qfqvrJfZrYo<\/a><\/strong>.<\/p>\n\n\n\n<p>AEN<\/p>\n\n\n\n<p><\/p>\n\n\n\n<p><br><\/p>\n","protected":false},"excerpt":{"rendered":"<p>Os resultados preliminares de alguns estudos sobre a Covid-19&nbsp;que tiveram apoio do Banco Regional de Desenvolvimento do Extremo Sul (BRDE)&nbsp;ser\u00e3o apresentados ao p\u00fablico em 30 de mar\u00e7o, \u00e0s 17 horas. Trata-se do trabalho de pesquisadores da Pontif\u00edcia Universidade Cat\u00f3lica do Paran\u00e1 (PUCPR), que t\u00eam intensificado esfor\u00e7os para compreender melhor a doen\u00e7a, seus reflexos e encontrar [&hellip;]<\/p>\n","protected":false},"author":2,"featured_media":31608,"comment_status":"open","ping_status":"open","sticky":false,"template":"","format":"standard","meta":{"advanced_seo_description":"","jetpack_seo_html_title":"","jetpack_seo_noindex":false,"_jetpack_memberships_contains_paid_content":false,"footnotes":""},"categories":[107],"tags":[],"class_list":{"0":"post-31607","1":"post","2":"type-post","3":"status-publish","4":"format-standard","5":"has-post-thumbnail","7":"category-covid-19"},"jetpack_featured_media_url":"https:\/\/www.paranapraia.com.br\/wp-content\/uploads\/2021\/03\/news_interna_Centro_de_Tecnologia_Celular_da_PUCPR_credito_Gian_Galani_.jpg","jetpack_sharing_enabled":true,"_links":{"self":[{"href":"https:\/\/www.paranapraia.com.br\/index.php\/wp-json\/wp\/v2\/posts\/31607"}],"collection":[{"href":"https:\/\/www.paranapraia.com.br\/index.php\/wp-json\/wp\/v2\/posts"}],"about":[{"href":"https:\/\/www.paranapraia.com.br\/index.php\/wp-json\/wp\/v2\/types\/post"}],"author":[{"embeddable":true,"href":"https:\/\/www.paranapraia.com.br\/index.php\/wp-json\/wp\/v2\/users\/2"}],"replies":[{"embeddable":true,"href":"https:\/\/www.paranapraia.com.br\/index.php\/wp-json\/wp\/v2\/comments?post=31607"}],"version-history":[{"count":1,"href":"https:\/\/www.paranapraia.com.br\/index.php\/wp-json\/wp\/v2\/posts\/31607\/revisions"}],"predecessor-version":[{"id":31609,"href":"https:\/\/www.paranapraia.com.br\/index.php\/wp-json\/wp\/v2\/posts\/31607\/revisions\/31609"}],"wp:featuredmedia":[{"embeddable":true,"href":"https:\/\/www.paranapraia.com.br\/index.php\/wp-json\/wp\/v2\/media\/31608"}],"wp:attachment":[{"href":"https:\/\/www.paranapraia.com.br\/index.php\/wp-json\/wp\/v2\/media?parent=31607"}],"wp:term":[{"taxonomy":"category","embeddable":true,"href":"https:\/\/www.paranapraia.com.br\/index.php\/wp-json\/wp\/v2\/categories?post=31607"},{"taxonomy":"post_tag","embeddable":true,"href":"https:\/\/www.paranapraia.com.br\/index.php\/wp-json\/wp\/v2\/tags?post=31607"}],"curies":[{"name":"wp","href":"https:\/\/api.w.org\/{rel}","templated":true}]}}