{"id":31598,"date":"2021-03-24T14:48:07","date_gmt":"2021-03-24T17:48:07","guid":{"rendered":"https:\/\/www.paranapraia.com.br\/?p=31598"},"modified":"2021-03-24T14:48:10","modified_gmt":"2021-03-24T17:48:10","slug":"bolsolemmings-e-o-falso-messias-a-decepcao-de-suplente-de-senador-com-bolsonaro","status":"publish","type":"post","link":"https:\/\/www.paranapraia.com.br\/index.php\/2021\/03\/24\/bolsolemmings-e-o-falso-messias-a-decepcao-de-suplente-de-senador-com-bolsonaro\/","title":{"rendered":"\u201cBolsolemmings e o falso messias\u201d, a decep\u00e7\u00e3o de suplente de senador com Bolsonaro"},"content":{"rendered":"\n<p>O advogado e suplente de senador, Danny Fabr\u00edcio Cabral Gomes, fala do arrependimento de ter trabalhado pela elei\u00e7\u00e3o do presidente Jair Bolsonaro (sem partido). \u201cA todos eu dizia e escrevia que a mudan\u00e7a era necess\u00e1ria e que o \u2018messias\u2019 estava chegando para impedir o apocalipse causado pela esquerda\u201d, afirma. Relembrando frase de Fernando Henrique Cardoso, pede que \u201cesque\u00e7am o que eu escrevi\u201d.<\/p>\n\n\n\n<p><em>\u201c<\/em>Bolsonaro na verdade \u00e9 um divisionista, um flagelo, um falso messias, e como tal deve ser conhecido e reconhecido por nossa triste hist\u00f3ria\u201d, lamenta. Em seguida, Fabr\u00edcio justifica a mudan\u00e7a: \u201cDizendo-se conservador nos costumes e liberal na economia, mentiu \u00e0 na\u00e7\u00e3o, revelando-se tolerante com costumes n\u00e3o republicanos e incapaz de promover a reforma pol\u00edtica-tribut\u00e1ria e de privatizar as estatais, tendo interferido de forma temer\u00e1ria na gest\u00e3o e estrat\u00e9gia de empresas como Banco do Brasil e Petrobr\u00e1s, erodindo o valor de mercado das companhias, e causando desconfian\u00e7a no mercado com um comportamento econ\u00f4mico que certamente poderia ser atribu\u00eddo a um presidente ideologicamente esquerdista\u201d, ressalta.<\/p>\n\n\n\n<figure class=\"wp-block-image\"><img decoding=\"async\" src=\"https:\/\/d2y2zffwethoej.cloudfront.net\/wp-content\/uploads\/2021\/03\/carreata-pro-bolsonaro-campo-grande-ms.jpg\" alt=\"\" class=\"wp-image-36776\"\/><figcaption>Milhares foram \u00e0s ruas de Campo Grande em 2018 na esperan\u00e7a de um novo tempo (Foto: Arquivo)<\/figcaption><\/figure>\n\n\n\n<p>\u00a0Georges Benjamin Clemenceau\u00a0(1841-1929), m\u00e9dico, senador e primeiro-ministro da Fran\u00e7a por dois mandatos (1906-1909 e 1917-1920) tem a si atribu\u00eddos diversos aforismos, dentre os quais:\u00a0<em>\u201cUm homem que n\u00e3o seja um socialista aos 20 anos n\u00e3o tem cora\u00e7\u00e3o. Um homem que ainda seja um socialista aos 40 n\u00e3o tem cabe\u00e7a.\u201d<\/em><\/p>\n\n\n\n<p>Nunca fui socialista, pelo contr\u00e1rio. Em 2018 trabalhei duramente pela elei\u00e7\u00e3o de Jair Messias Bolsonaro e pela minha. Bolsonaro foi eleito presidente da Rep\u00fablica e eu suplente de Senador. Pedi voto a todos os amigos, parentes, conhecidos e desconhecidos nas ruas e nas redes sociais. Era imperativo na \u00e9poca (e ainda \u00e9), impedir a recondu\u00e7\u00e3o de uma cleptocracia nefasta que por uma d\u00e9cada e meia sangrou os cofres da na\u00e7\u00e3o em um gigantesco e sofisticado esquema de corrup\u00e7\u00e3o com tent\u00e1culos em todas as esferas do Poder P\u00fablico. A todos eu dizia e escrevia que a mudan\u00e7a era necess\u00e1ria e que o \u201cmessias\u201d estava chegando para impedir o apocalipse causado pela esquerda. Mas como supostamente disse o ex-presidente\u00a0Fernando Henrique Cardoso\u00a0(1995-2003):\u00a0<em>\u201cEsque\u00e7am o que eu escrevi.\u201d<\/em><\/p>\n\n\n\n<p>Bolsonaro na verdade \u00e9 um divisionista, um flagelo, um falso messias, e como tal deve ser conhecido e reconhecido por nossa triste hist\u00f3ria. Dizendo-se conservador nos costumes e liberal na economia, mentiu \u00e0 na\u00e7\u00e3o, revelando-se tolerante com costumes n\u00e3o republicanos e incapaz de promover a reforma pol\u00edtica-tribut\u00e1ria e de privatizar as estatais, tendo interferido de forma temer\u00e1ria na gest\u00e3o e estrat\u00e9gia de empresas como Banco do Brasil e Petrobr\u00e1s, erodindo o valor de mercado das companhias, e causando desconfian\u00e7a no mercado com um comportamento econ\u00f4mico que certamente poderia ser atribu\u00eddo a um presidente ideologicamente esquerdista.<\/p>\n\n\n\n<p>Como se n\u00e3o bastasse, aparelhou os quadros da m\u00e1quina estatal civil com milhares de militares, que inexplicavelmente foram desviados de suas fun\u00e7\u00f5es originais nas For\u00e7as Armadas (reconhecidas internacionalmente por seu profissionalismo), expurgando ministros que ousaram ter opini\u00e3o diversa da sua, cercando-se de coadjutores subservientes cujas declara\u00e7\u00f5es p\u00fablicas, a\u00e7\u00f5es e omiss\u00f5es t\u00eam sido desastrosas para o Brasil em \u00e1reas sens\u00edveis como sa\u00fade, meio-ambiente, economia e rela\u00e7\u00f5es exteriores.<\/p>\n\n\n\n<p>Como consequ\u00eancia do servilismo de seus ac\u00f3litos e da incompet\u00eancia de sua desastrosa gest\u00e3o Bolsonaro conseguiu entregar resultados decepcionantes em todos os cen\u00e1rios. A cota\u00e7\u00e3o do d\u00f3lar est\u00e1 pr\u00f3xima dos R$ 6,00, o IGP-M de 2020 superou os 20% impactando pesadamente o custo da moradia, os pre\u00e7os dos combust\u00edveis e dos alimentos sofreram reajustes jamais vistos desde a implementa\u00e7\u00e3o do Plano Real, trazendo de volta os fantasmas da infla\u00e7\u00e3o e da carestia.<ins><\/ins><\/p>\n\n\n\n<p>Clemenceau\u00a0dizia que\u00a0<em>\u201cA vida precisa de uma parte de absurdo para se tornar suport\u00e1vel\u201d<\/em>, mas os absurdos ditos e feitos por Bolsonaro diariamente t\u00eam tornado insuport\u00e1vel a vida dos brasileiros.<\/p>\n\n\n\n<p>No \u00e2mbito das rela\u00e7\u00f5es exteriores, seu chanceler se jacta das vantagens de o Brasil ter se tornado um p\u00e1ria internacional, um \u201can\u00e3o diplom\u00e1tico\u201d. O desgoverno atrasou contribui\u00e7\u00f5es em importantes organismos multilaterais fazendo com que o pa\u00eds tivesse a imagem seriamente desgastada, al\u00e9m de correr o risco de ver suspenso seu direito de voto. A pol\u00edtica externa de Bolsonaro trouxe desconforto a parceiros estrat\u00e9gicos como a Argentina e \u00cdndia e ainda gerou conflitos absolutamente desnecess\u00e1rios com os Estados Unidos e a China, na\u00e7\u00f5es das quais temos clara depend\u00eancia, sendo-nos vital a manuten\u00e7\u00e3o de uma parceria diplom\u00e1tica, econ\u00f4mica e tecnol\u00f3gica com as maiores economias do mundo, negligenciadas por Bolsonaro.<\/p>\n\n\n\n<p>Ao permitir que o gabinete do \u00f3dio chamasse o coronav\u00edrus de \u201cv\u00edrus chin\u00eas\u201d, recusar-se incialmente a comprar a vacina chinesa em raz\u00e3o de sua origem e ao tardar demasiadamente para cumprimentar o presidente americano eleito, Bolsonaro n\u00e3o demonstrou apenas descortesia e despreparo, mas tamb\u00e9m irresponsabilidade, pois num mundo geopoliticamente intricado e interdependente \u00e9 essencial a habilidade pol\u00edtica e diplom\u00e1tica. Mas como esperar cortesia de um homem que insiste em ignorar publicamente a mem\u00f3ria de 300.000 mortos, e \u00e9 respons\u00e1vel por uma condu\u00e7\u00e3o err\u00e1tica e grotesca da pandemia, fazendo com que o Brasil brigue pela triste lideran\u00e7a mundial no n\u00famero de v\u00edtimas?<\/p>\n\n\n\n<p>O Brasil e os brasileiros sempre foram conhecidos internacionalmente por sua criatividade e alegria, e, em que pese as nossas mazelas \u00e9ramos bem-vindos em todo o globo. Hoje, em raz\u00e3o da desastrada condu\u00e7\u00e3o da pandemia, somos barrados em quase todos os aeroportos do mundo e nos tornamos um pa\u00eds de sepulturas e desilus\u00e3o. Enquanto\u00a0Clemenceau\u00a0dizia\u00a0<em>\u201cOs cemit\u00e9rios est\u00e3o cheios de pessoas insubstitu\u00edveis\u201d<\/em>, Bolsonaro vocifera:\u00a0<em>\u201cChega de frescura, de mimimi\u201d<\/em>. Bolsonaro n\u00e3o est\u00e1 nem a\u00ed para os vivos, quanto mais para os mortos.<\/p>\n\n\n\n<p>Ao inv\u00e9s de exercer uma pol\u00edtica de parceria e integra\u00e7\u00e3o estrat\u00e9gica com prefeitos, governadores e com os laborat\u00f3rios farmac\u00eauticos para o enfrentamento da pandemia, Bolsonaro desagrega, desinforma, flerta com a ditadura e nos amea\u00e7a vergonhosamente com a instala\u00e7\u00e3o de um Estado de S\u00edtio ou de um Estado de Defesa, certamente concordando com outra frase de\u00a0Clemenceau:\u00a0<em>\u201cA Democracia? Voc\u00eas sabem o que \u00e9? \u00c9 o poder de os piolhos comerem os le\u00f5es.\u201d<\/em><\/p>\n\n\n\n<p>Bolsonaro concedeu entrevista \u00e0 rede brit\u00e2nica BBC defendendo as mil\u00edcias e desde que assumiu a presid\u00eancia tripudia dos direitos humanos, da democracia, das institui\u00e7\u00f5es e dos demais poderes institu\u00eddos, sem receber uma reprimenda p\u00fablica e contundente aos seus excessos extremistas. Mais uma vez, se faz necess\u00e1rio lembrar da li\u00e7\u00e3o de\u00a0Clemenceau, que dizia:\u00a0<em>\u201cToda toler\u00e2ncia se torna, com o tempo, um direito adquirido\u201d<\/em>.<\/p>\n\n\n\n<p>Enquanto a Amaz\u00f4nia e o Pantanal ardiam em chamas, \u201cBolsonero\u201d n\u00e3o tocava harpa, tocava o terror, negando o inescond\u00edvel exterm\u00ednio ambiental e amea\u00e7ando a democracia enquanto os aparelhos de Estado reprimem o direito de opini\u00e3o, abrindo inqu\u00e9ritos com fulcro na Lei de Seguran\u00e7a Nacional contra quem ousa discordar de seu inepto desgoverno, respons\u00e1vel pelo maior empobrecimento dos brasileiros nesse s\u00e9culo, e fecundando o que pode ser o ovo da serpente.<\/p>\n\n\n\n<p>Eleito com o mote\u00a0<em>\u201cBrasil acima de tudo, Deus acima de todos\u201d<\/em>, adaptado do brado da tropa paraquedista do ex\u00e9rcito brasileiro, e com a utiliza\u00e7\u00e3o do vers\u00edculo b\u00edblico \u201c<em>E conhecereis a verdade e a verdade vos libertar\u00e1\u201d<\/em>\u00a0(Jo\u00e3o 8:32), Bolsonaro capturou a orfandade de milh\u00f5es de brasileiros que ansiavam por um pa\u00eds ordeiro, sem corrup\u00e7\u00e3o e norteado em valores judaico-crist\u00e3os, seguidos pela maioria da popula\u00e7\u00e3o, mas como disse\u00a0Shakespeare, em\u00a0<em>O Mercador de Veneza<\/em>,\u00a0<em>\u201cO diabo pode citar as escrituras quando isso lhe conv\u00e9m\u201d<\/em>.<\/p>\n\n\n\n<p>Com efeito, as a\u00e7\u00f5es de Bolsonaro ap\u00f3s assumir o poder mais lembram os ensinamentos de\u00a0Aleister Crowley, perverso feiticeiro ingl\u00eas que se autodenominou \u201cA Grande Besta 666\u201d e cujo lema era:\u00a0<em>\u201cFaze o que tu queres, h\u00e1 de ser tudo da Lei\u201d<\/em>. A m\u00e1xima do ocultista n\u00e3o era muito diferente da do ex-presidente\u00a0Em\u00edlio Garrastazu M\u00e9dici\u00a0(1969-1974), respons\u00e1vel pelo per\u00edodo mais violento da ditadura militar brasileira e que disse:\u00a0<em>\u201cEu tinha o AI-5, podia tudo\u201d<\/em>.<\/p>\n\n\n\n<p>N\u00e3o tenho certeza se Bolsonaro conhece\u00a0Shakespeare\u00a0ou\u00a0Aleister Crowley, mas com certeza conhece\u00a0M\u00e9dici, tanto \u00e9 que j\u00e1 o homenageou publicamente.<\/p>\n\n\n\n<p>Bolsonaro acredita firmemente que para ele tudo \u00e9 permitido. Se ajoelha em templos evang\u00e9licos, mas quando em p\u00e9, prega a desuni\u00e3o entre brasileiros e a desobedi\u00eancia sanit\u00e1ria. Hoje convivemos com a peste, a fome e a morte, sendo que Bolsonaro flerta abertamente com a guerra, o que nos completaria os quatro cavaleiros do apocalipse, para a vergonha mundial e desgra\u00e7a dos brasileiros.<\/p>\n\n\n\n<p>Bolsonaro acredita que tem direito adquirido a ser reeleito e h\u00e1 muito tempo tece loas \u00e0s mil\u00edcias e n\u00e3o vai mudar agora que chegou ao poder. Continuar\u00e1 a ignorar o respeito a valores democr\u00e1ticos e republicanos, bem como a dor absurda de milh\u00f5es de brasileiros que perderam familiares e entes queridos v\u00edtimas de uma pretendida necrocracia, n\u00e3o tendo se afastado um mil\u00edmetro de suas convic\u00e7\u00f5es negacionistas e reacion\u00e1rias desde o in\u00edcio da pandemia, como se isso fosse uma vantagem, sendo mais uma vez necess\u00e1rio lembrarmos de\u00a0Clemenceau\u00a0para quem\u00a0<em>\u201cO homem absurdo \u00e9 aquele que nunca muda.\u201d<\/em><\/p>\n\n\n\n<p>Se Bolsonaro n\u00e3o vai mudar, faz-se necess\u00e1ria a mudan\u00e7a de opini\u00e3o e de postura de uma fatia imensa de brasileiros que votou em Bolsonaro (muitos por falta de op\u00e7\u00e3o), pois seu desgoverno \u00e9 um retumbante fracasso. \u00c9 importante que parcela expressiva da popula\u00e7\u00e3o repense os seus conceitos. Bolsonaro s\u00f3 mudar\u00e1 para pior e se n\u00e3o for imediatamente parado por um processo de&nbsp;<em>impeachment<\/em>&nbsp;levar\u00e1 o pa\u00eds \u00e0 ru\u00edna, \u00e0 mortandade e \u00e0 venezueliza\u00e7\u00e3o social e econ\u00f4mica.<\/p>\n\n\n\n<p>Entretanto, o \u2013 por enquanto \u2013 presidente conta com uma seita de fan\u00e1ticos seguidores, um n\u00facleo duro que mesmo tendo enterrado seus pr\u00f3prios pais, filhos e empresas, mortos ou falidos pela pandemia, insistem nesciamente em negar a ci\u00eancia m\u00e9dica e as estat\u00edsticas, seguindo o \u201cMito\u201d como lemingues (<em>lemmings<\/em>), correndo insanamente para o despenhadeiro em raz\u00e3o do efeito manada.<\/p>\n\n\n\n<p>Os lemingues s\u00e3o aqueles simp\u00e1ticos roedores que habitam o extremo norte do planeta e que s\u00e3o conhecidos pelo mito de que cometeriam&nbsp;suic\u00eddio em massa durante suas migra\u00e7\u00f5es, atirando-se cegamente nos abismos e morrendo afogados. N\u00e3o precisamos agir como lemingues, ou&nbsp;<em>bolsolemmings<\/em>, e nos jogar em precip\u00edcios \u00e0 direita ou \u00e0 esquerda, pois certamente haver\u00e1 o seguro caminho do meio, do bom-senso, n\u00e3o fatalmente extremista, n\u00e3o radical.<\/p>\n\n\n\n<p>N\u00e3o \u00e9 poss\u00edvel que a na\u00e7\u00e3o que brindou a humanidade com Santos-Dumont na ci\u00eancia, Senna e Pel\u00e9 nos esportes, Machado de Assis nas letras e Tom Jobim na m\u00fasica n\u00e3o seja capaz de parir um novo Churchill ou Gandhi na pol\u00edtica, continuando indefinitivamente a excretar buf\u00f5es.<\/p>\n\n\n\n<p>Havemos de encontrar entre n\u00f3s um l\u00edder capaz e eficiente, homem ou mulher com s\u00f3lidos valores \u00e9ticos, habilidade pol\u00edtica, gerencial e esp\u00edrito democr\u00e1tico para nos resgatar dessa tempestade perfeita, desse apocal\u00edptico inferno astral que fez com que o Brasil despencasse em todos os rankings econ\u00f4micos e sociais mundiais e ca\u00edsse at\u00e9 mesmo no ranking de felicidade global, medido por departamentos t\u00e9cnicos das Universidades de Columbia e de Oxford.<\/p>\n\n\n\n<p>O Brasil n\u00e3o precisa de bravatas, ou de que seu presidente ao inv\u00e9s de honrar a mem\u00f3ria de seus mortos e levar a seu povo esperan\u00e7a, ordem e progresso, se jacte de sua suposta infalibilidade sexual. N\u00e3o se sabe (e n\u00e3o nos interessa) se Bolsonaro \u00e9 \u201cimbroch\u00e1vel\u201d, mas \u00e9 fato que ele brochou o Brasil, que mais do que nunca precisa de uma lideran\u00e7a competente e eficaz para a nossa reconstru\u00e7\u00e3o, e n\u00e3o de um falso messias totalmente desprovido de compaix\u00e3o, focado apenas na cegueira de seus baixos instintos.<\/p>\n\n\n\n<p>Parafraseando\u00a0Clemenceau, se ap\u00f3s dois anos de desgoverno e dem\u00eancia, voc\u00ea ainda apoiar Bolsonaro, ou voc\u00ea \u00e9 esperto como um lemingue ou n\u00e3o tem cora\u00e7\u00e3o.<\/p>\n\n\n\n<figure class=\"wp-block-image\"><img decoding=\"async\" src=\"https:\/\/d2y2zffwethoej.cloudfront.net\/wp-content\/uploads\/2021\/03\/danny-fabricio2.jpg\" alt=\"\" class=\"wp-image-36774\"\/><figcaption>Danny Fabr\u00edcio: se ap\u00f3s dois anos de desgoverno, voc\u00ea ainda apoiar Bolsonaro, ou voc\u00ea \u00e9 esperto como um lemingue ou n\u00e3o tem cora\u00e7\u00e3o (Foto: Divulga\u00e7\u00e3o)<\/figcaption><\/figure>\n\n\n\n<p>O Jacar\u00e9<\/p>\n","protected":false},"excerpt":{"rendered":"<p>O advogado e suplente de senador, Danny Fabr\u00edcio Cabral Gomes, fala do arrependimento de ter trabalhado pela elei\u00e7\u00e3o do presidente Jair Bolsonaro (sem partido). \u201cA todos eu dizia e escrevia que a mudan\u00e7a era necess\u00e1ria e que o \u2018messias\u2019 estava chegando para impedir o apocalipse causado pela esquerda\u201d, afirma. Relembrando frase de Fernando Henrique Cardoso, [&hellip;]<\/p>\n","protected":false},"author":2,"featured_media":31599,"comment_status":"open","ping_status":"open","sticky":false,"template":"","format":"standard","meta":{"advanced_seo_description":"","jetpack_seo_html_title":"","jetpack_seo_noindex":false,"_jetpack_memberships_contains_paid_content":false,"footnotes":""},"categories":[32],"tags":[],"class_list":{"0":"post-31598","1":"post","2":"type-post","3":"status-publish","4":"format-standard","5":"has-post-thumbnail","7":"category-politica"},"jetpack_featured_media_url":"https:\/\/www.paranapraia.com.br\/wp-content\/uploads\/2021\/03\/posse-bolsonaro-2048x1365-1.jpg","jetpack_sharing_enabled":true,"_links":{"self":[{"href":"https:\/\/www.paranapraia.com.br\/index.php\/wp-json\/wp\/v2\/posts\/31598"}],"collection":[{"href":"https:\/\/www.paranapraia.com.br\/index.php\/wp-json\/wp\/v2\/posts"}],"about":[{"href":"https:\/\/www.paranapraia.com.br\/index.php\/wp-json\/wp\/v2\/types\/post"}],"author":[{"embeddable":true,"href":"https:\/\/www.paranapraia.com.br\/index.php\/wp-json\/wp\/v2\/users\/2"}],"replies":[{"embeddable":true,"href":"https:\/\/www.paranapraia.com.br\/index.php\/wp-json\/wp\/v2\/comments?post=31598"}],"version-history":[{"count":1,"href":"https:\/\/www.paranapraia.com.br\/index.php\/wp-json\/wp\/v2\/posts\/31598\/revisions"}],"predecessor-version":[{"id":31600,"href":"https:\/\/www.paranapraia.com.br\/index.php\/wp-json\/wp\/v2\/posts\/31598\/revisions\/31600"}],"wp:featuredmedia":[{"embeddable":true,"href":"https:\/\/www.paranapraia.com.br\/index.php\/wp-json\/wp\/v2\/media\/31599"}],"wp:attachment":[{"href":"https:\/\/www.paranapraia.com.br\/index.php\/wp-json\/wp\/v2\/media?parent=31598"}],"wp:term":[{"taxonomy":"category","embeddable":true,"href":"https:\/\/www.paranapraia.com.br\/index.php\/wp-json\/wp\/v2\/categories?post=31598"},{"taxonomy":"post_tag","embeddable":true,"href":"https:\/\/www.paranapraia.com.br\/index.php\/wp-json\/wp\/v2\/tags?post=31598"}],"curies":[{"name":"wp","href":"https:\/\/api.w.org\/{rel}","templated":true}]}}