{"id":31595,"date":"2021-03-24T14:37:41","date_gmt":"2021-03-24T17:37:41","guid":{"rendered":"https:\/\/www.paranapraia.com.br\/?p=31595"},"modified":"2021-03-24T14:37:44","modified_gmt":"2021-03-24T17:37:44","slug":"mondelez-brasil-doa-equipamentos-de-combate-a-covid-19-ao-parana","status":"publish","type":"post","link":"https:\/\/www.paranapraia.com.br\/index.php\/2021\/03\/24\/mondelez-brasil-doa-equipamentos-de-combate-a-covid-19-ao-parana\/","title":{"rendered":"Mondel\u0113z Brasil doa equipamentos de combate \u00e0 Covid-19 ao Paran\u00e1"},"content":{"rendered":"\n<p>A Mondel\u0113z Brasil, detentora de marcas como Lacta, Bis, Oreo, Club Social, Trident, Halls, Tang, entre outras, doar\u00e1 ao Estado do Paran\u00e1 180 mil m\u00e1scaras, 1.750 testes r\u00e1pidos de Covid-19 e 28 monitores para Unidades de Terapia Intensiva (UTI). O investimento ultrapassa os R$ 500 mil.<\/p>\n\n\n\n<p>Parte dos materiais foi retirada nesta quarta-feira (24) na sede da empresa, em Curitiba, pela Defesa Civil do Paran\u00e1. Essa \u00e9 a segunda grande rodada de doa\u00e7\u00f5es que a empresa realiza em um ano ao Estado. Em 2020 foram enviados testes r\u00e1pidos e m\u00e1scaras de prote\u00e7\u00e3o, al\u00e9m de alimentos doados aos profissionais de sa\u00fade que est\u00e3o na linha de frente e fam\u00edlias em situa\u00e7\u00e3o de vulnerabilidade social.<\/p>\n\n\n\n<p>\u201cSabemos da nossa responsabilidade social com a popula\u00e7\u00e3o paranaense e queremos ajudar nesse momento t\u00e3o dif\u00edcil que a sociedade enfrenta, por isso, desde o ano passado estamos realizando doa\u00e7\u00f5es que impactam diretamente tanto a vida dos paranaenses quanto dos profissionais de sa\u00fade\u201d, enfatizou Maria Claudia Souza, diretora de Assuntos Corporativos e Governamentais da Mondel\u0113z Brasil.<\/p>\n\n\n\n<p>O governador Carlos Massa Ratinho Junior destacou que a Mondel\u0113z Brasil d\u00e1 um grande exemplo para ajudar os paranaenses nesse momento delicado. \u201cEstamos enfrentando uma nova doen\u00e7a com essas novas variantes. Enquanto a vacina n\u00e3o chega a todos, \u00e9 hora de se cuidar e cuidar dos outros\u201d, afirmou. \u201cOs paranaenses agradecem esse novo apoio\u201d.<\/p>\n\n\n\n<p>Para o secret\u00e1rio estadual de sa\u00fade, Beto Preto, os monitores auxiliar\u00e3o na estrat\u00e9gia de abertura de novos leitos de UTI. O Governo do Paran\u00e1 abriu apenas em mar\u00e7o 380 leitos emergenciais em todas as regi\u00f5es do Estado. \u201cEstamos atravessando um momento muito dif\u00edcil da pandemia e essa ajuda vai refor\u00e7ar nossa for\u00e7a-tarefa contra o coronav\u00edrus. Essa rede de solidariedade vai auxiliar milhares de paranaenses\u201d, afirmou.<\/p>\n\n\n\n<p><strong>MONDELEZ<\/strong>&nbsp;\u2013 Al\u00e9m de participar ativamente no combate do coronav\u00edrus, a empresa se mant\u00e9m ativa nas doa\u00e7\u00f5es de alimentos. Somente em 2020, foram destinadas ao Paran\u00e1 39,9 toneladas, o equivalente a R$ 880 mil. \u201cA nossa rela\u00e7\u00e3o se entrela\u00e7a com a hist\u00f3ria dos paranaenses. A maior f\u00e1brica de chocolates do mundo, da companhia, est\u00e1 localizada em Curitiba, ent\u00e3o nossos produtos s\u00e3o tamb\u00e9m paranaenses, e \u00e9 por isso que estamos t\u00e3o perto da sociedade\u201d, destacou Maria Claudia.<\/p>\n\n\n\n<p>De janeiro a mar\u00e7o de 2021 a empresa doou mais 22,8 toneladas de alimentos para todo o Brasil, a fim de auxiliar fam\u00edlias em vulnerabilidade social.<\/p>\n\n\n\n<p>A empresa tamb\u00e9m \u00e9 parceira do Estado no programa\u00a0P\u00e1scoa Solid\u00e1ria, iniciativa que arrecada milhares de ovos de chocolate. A Mondel\u0113z j\u00e1 reuniu 1,6 mil. Tudo o que for arrecadado ser\u00e1 distribu\u00eddo at\u00e9 o dia 4 de abril para crian\u00e7as e adolescentes que se encontram em vulnerabilidade social.<\/p>\n\n\n\n<p>AEN<br><\/p>\n","protected":false},"excerpt":{"rendered":"<p>A Mondel\u0113z Brasil, detentora de marcas como Lacta, Bis, Oreo, Club Social, Trident, Halls, Tang, entre outras, doar\u00e1 ao Estado do Paran\u00e1 180 mil m\u00e1scaras, 1.750 testes r\u00e1pidos de Covid-19 e 28 monitores para Unidades de Terapia Intensiva (UTI). O investimento ultrapassa os R$ 500 mil. Parte dos materiais foi retirada nesta quarta-feira (24) na [&hellip;]<\/p>\n","protected":false},"author":2,"featured_media":31596,"comment_status":"open","ping_status":"open","sticky":false,"template":"","format":"standard","meta":{"advanced_seo_description":"","jetpack_seo_html_title":"","jetpack_seo_noindex":false,"_jetpack_memberships_contains_paid_content":false,"footnotes":""},"categories":[107],"tags":[],"class_list":{"0":"post-31595","1":"post","2":"type-post","3":"status-publish","4":"format-standard","5":"has-post-thumbnail","7":"category-covid-19"},"jetpack_featured_media_url":"https:\/\/www.paranapraia.com.br\/wp-content\/uploads\/2021\/03\/news_interna_20210324_AGB_Entrega_Mondelez21.jpg","jetpack_sharing_enabled":true,"_links":{"self":[{"href":"https:\/\/www.paranapraia.com.br\/index.php\/wp-json\/wp\/v2\/posts\/31595"}],"collection":[{"href":"https:\/\/www.paranapraia.com.br\/index.php\/wp-json\/wp\/v2\/posts"}],"about":[{"href":"https:\/\/www.paranapraia.com.br\/index.php\/wp-json\/wp\/v2\/types\/post"}],"author":[{"embeddable":true,"href":"https:\/\/www.paranapraia.com.br\/index.php\/wp-json\/wp\/v2\/users\/2"}],"replies":[{"embeddable":true,"href":"https:\/\/www.paranapraia.com.br\/index.php\/wp-json\/wp\/v2\/comments?post=31595"}],"version-history":[{"count":1,"href":"https:\/\/www.paranapraia.com.br\/index.php\/wp-json\/wp\/v2\/posts\/31595\/revisions"}],"predecessor-version":[{"id":31597,"href":"https:\/\/www.paranapraia.com.br\/index.php\/wp-json\/wp\/v2\/posts\/31595\/revisions\/31597"}],"wp:featuredmedia":[{"embeddable":true,"href":"https:\/\/www.paranapraia.com.br\/index.php\/wp-json\/wp\/v2\/media\/31596"}],"wp:attachment":[{"href":"https:\/\/www.paranapraia.com.br\/index.php\/wp-json\/wp\/v2\/media?parent=31595"}],"wp:term":[{"taxonomy":"category","embeddable":true,"href":"https:\/\/www.paranapraia.com.br\/index.php\/wp-json\/wp\/v2\/categories?post=31595"},{"taxonomy":"post_tag","embeddable":true,"href":"https:\/\/www.paranapraia.com.br\/index.php\/wp-json\/wp\/v2\/tags?post=31595"}],"curies":[{"name":"wp","href":"https:\/\/api.w.org\/{rel}","templated":true}]}}