{"id":31592,"date":"2021-03-24T13:21:43","date_gmt":"2021-03-24T16:21:43","guid":{"rendered":"https:\/\/www.paranapraia.com.br\/?p=31592"},"modified":"2021-03-24T13:21:45","modified_gmt":"2021-03-24T16:21:45","slug":"petrobras-anuncia-reducao-nos-precos-do-diesel-e-da-gasolina","status":"publish","type":"post","link":"https:\/\/www.paranapraia.com.br\/index.php\/2021\/03\/24\/petrobras-anuncia-reducao-nos-precos-do-diesel-e-da-gasolina\/","title":{"rendered":"Petrobras anuncia redu\u00e7\u00e3o nos pre\u00e7os do diesel e da gasolina"},"content":{"rendered":"\n<p>A Petrobras reduzir\u00e1 os pre\u00e7os tanto do \u00f3leo diesel quanto da\u00a0gasolina\u00a0em R$ 0,11 por litro em suas refinarias a partir desta quinta-feira (25), anunciou a estatal.<\/p>\n\n\n\n<p>Com os reajustes, o valor m\u00e9dio de gasolina nas refinarias da companhia passar\u00e1 a ser de R$ 2,59 por litro, enquanto o diesel ter\u00e1 redu\u00e7\u00e3o para m\u00e9dia de R$ 2,75 por litro, acrescentou a companhia.<\/p>\n\n\n\n<p>Os pre\u00e7os praticados est\u00e3o associados ao mercado internacional e \u00e0 taxa de c\u00e2mbio, ainda de acordo com a Petrobras. Trata-se da\u00a0segunda redu\u00e7\u00e3o consecutiva no pre\u00e7o gasolina, ap\u00f3s o valor saltar mais de 40% nos primeiros meses do ano.<\/p>\n\n\n\n<p>O repasse dos reajustes nas refinarias aos consumidores finais nos postos n\u00e3o \u00e9 garantido, e depende de uma s\u00e9rie de quest\u00f5es, como margem da distribui\u00e7\u00e3o e revenda, impostos e adi\u00e7\u00e3o obrigat\u00f3ria de etanol anidro.<\/p>\n\n\n\n<p>Os recentes saltos no pre\u00e7o dos combust\u00edveis para seguir os mercados internacionais causaram insatisfa\u00e7\u00e3o no presidente Jair Bolsonaro, que indicou um novo comandante para assumir o comando da companhia.<\/p>\n\n\n\n<p>R7<br><\/p>\n","protected":false},"excerpt":{"rendered":"<p>A Petrobras reduzir\u00e1 os pre\u00e7os tanto do \u00f3leo diesel quanto da\u00a0gasolina\u00a0em R$ 0,11 por litro em suas refinarias a partir desta quinta-feira (25), anunciou a estatal. Com os reajustes, o valor m\u00e9dio de gasolina nas refinarias da companhia passar\u00e1 a ser de R$ 2,59 por litro, enquanto o diesel ter\u00e1 redu\u00e7\u00e3o para m\u00e9dia de R$ [&hellip;]<\/p>\n","protected":false},"author":2,"featured_media":31593,"comment_status":"open","ping_status":"open","sticky":false,"template":"","format":"standard","meta":{"advanced_seo_description":"","jetpack_seo_html_title":"","jetpack_seo_noindex":false,"_jetpack_memberships_contains_paid_content":false,"footnotes":""},"categories":[35],"tags":[],"class_list":{"0":"post-31592","1":"post","2":"type-post","3":"status-publish","4":"format-standard","5":"has-post-thumbnail","7":"category-economia"},"jetpack_featured_media_url":"https:\/\/www.paranapraia.com.br\/wp-content\/uploads\/2021\/03\/reuters-posto-de-gasolina-rj-1500-11032021152731633.jpeg","jetpack_sharing_enabled":true,"_links":{"self":[{"href":"https:\/\/www.paranapraia.com.br\/index.php\/wp-json\/wp\/v2\/posts\/31592"}],"collection":[{"href":"https:\/\/www.paranapraia.com.br\/index.php\/wp-json\/wp\/v2\/posts"}],"about":[{"href":"https:\/\/www.paranapraia.com.br\/index.php\/wp-json\/wp\/v2\/types\/post"}],"author":[{"embeddable":true,"href":"https:\/\/www.paranapraia.com.br\/index.php\/wp-json\/wp\/v2\/users\/2"}],"replies":[{"embeddable":true,"href":"https:\/\/www.paranapraia.com.br\/index.php\/wp-json\/wp\/v2\/comments?post=31592"}],"version-history":[{"count":1,"href":"https:\/\/www.paranapraia.com.br\/index.php\/wp-json\/wp\/v2\/posts\/31592\/revisions"}],"predecessor-version":[{"id":31594,"href":"https:\/\/www.paranapraia.com.br\/index.php\/wp-json\/wp\/v2\/posts\/31592\/revisions\/31594"}],"wp:featuredmedia":[{"embeddable":true,"href":"https:\/\/www.paranapraia.com.br\/index.php\/wp-json\/wp\/v2\/media\/31593"}],"wp:attachment":[{"href":"https:\/\/www.paranapraia.com.br\/index.php\/wp-json\/wp\/v2\/media?parent=31592"}],"wp:term":[{"taxonomy":"category","embeddable":true,"href":"https:\/\/www.paranapraia.com.br\/index.php\/wp-json\/wp\/v2\/categories?post=31592"},{"taxonomy":"post_tag","embeddable":true,"href":"https:\/\/www.paranapraia.com.br\/index.php\/wp-json\/wp\/v2\/tags?post=31592"}],"curies":[{"name":"wp","href":"https:\/\/api.w.org\/{rel}","templated":true}]}}