{"id":31578,"date":"2021-03-24T12:06:52","date_gmt":"2021-03-24T15:06:52","guid":{"rendered":"https:\/\/www.paranapraia.com.br\/?p=31578"},"modified":"2021-03-24T12:11:45","modified_gmt":"2021-03-24T15:11:45","slug":"coronavirus-quando-voce-deve-tomar-a-vacina-se-nova-previsao-do-ministerio-da-saude-se-confirmar","status":"publish","type":"post","link":"https:\/\/www.paranapraia.com.br\/index.php\/2021\/03\/24\/coronavirus-quando-voce-deve-tomar-a-vacina-se-nova-previsao-do-ministerio-da-saude-se-confirmar\/","title":{"rendered":"Coronav\u00edrus: quando voc\u00ea deve tomar a vacina, se nova previs\u00e3o do Minist\u00e9rio da Sa\u00fade se confirmar"},"content":{"rendered":"\n<p><strong>O governo federal brasileiro j\u00e1 contabiliza no papel mais de 500 milh\u00f5es de doses de vacinas contra a covid-19, quantidade suficiente para imunizar a popula\u00e7\u00e3o inteira e contar com uma sobra do bem mais disputado no mundo hoje.<\/strong><\/p>\n\n\n\n<p>Mas a realidade atual do Brasil \u00e9 marcada por falta de vacinas, lentid\u00e3o na aplica\u00e7\u00e3o de doses dispon\u00edveis, atrasos em entregas previstas dentro e fora do pa\u00eds e consequ\u00eancias da demora do governo do presidente Jair Bolsonaro (sem partido) em comprar imunizantes.<\/p>\n\n\n\n<p>A previs\u00e3o divulgada pelo Minist\u00e9rio da Sa\u00fade j\u00e1 mudou cinco vezes em mar\u00e7o, sempre reduzindo o n\u00famero de doses a serem distribu\u00eddas nas pr\u00f3ximas semanas e adiando cada vez mais entregas.<\/p>\n\n\n\n<p>A partir das informa\u00e7\u00f5es atuais, a BBC News Brasil tra\u00e7a a seguir tr\u00eas cen\u00e1rios para o per\u00edodo de vacina\u00e7\u00e3o previsto para diferentes grupos da popula\u00e7\u00e3o brasileira \u2014 al\u00e9m do pode dar errado ou at\u00e9 melhorar no meio do caminho.<\/p>\n\n\n\n<p>\u00c9 importante ter em mente que tudo pode mudar, como j\u00e1 foi visto nas \u00faltimas semanas.<\/p>\n\n\n\n<p>Fim do Talvez tamb\u00e9m te interesse<\/p>\n\n\n\n<p>A tend\u00eancia, at\u00e9 o momento, \u00e9 que o in\u00edcio da vacina\u00e7\u00e3o dos adultos n\u00e3o priorit\u00e1rios deva acontecer pelo menos em meados do segundo semestre de 2021, enquanto a de jovens com menos de 25 anos deve acontecer s\u00f3 em 2022.<\/p>\n\n\n\n<p>A situa\u00e7\u00e3o dos menores de idade \u00e9 ainda mais incerta.<\/p>\n\n\n\n<h2 class=\"wp-block-heading\" id=\"N\u00fameros-e-obst\u00e1culos\">N\u00fameros e obst\u00e1culos<\/h2>\n\n\n\n<p>Um estudo recente da UFJF (Universidade Federal de Juiz de Fora) apontou que que Brasil precisa vacinar 2 milh\u00f5es por dia para controlar pandemia em at\u00e9 um ano. Especialistas apontam que o pa\u00eds teria capacidade para imunizar mais de 1 milh\u00e3o de pessoas por dia, como fez na pandemia de H1N1 em 2009.<\/p>\n\n\n\n<p>Em mar\u00e7o, no entanto, a taxa de vacina\u00e7\u00e3o di\u00e1ria tem variado de 22 mil a 500 mil doses.<\/p>\n\n\n\n<p>O governo federal at\u00e9 agora distribuiu 30 milh\u00f5es de doses para Estados e munic\u00edpios. Do total, 14,1 milh\u00f5es j\u00e1 foram aplicadas, sendo 10,6 milh\u00f5es como primeira dose.<\/p>\n\n\n\n<p>At\u00e9 atingir o patamar necess\u00e1rio para conter mortes e infec\u00e7\u00f5es, h\u00e1 quatro obst\u00e1culos importantes para as 563 milh\u00f5es de doses previstas para este ano pelo ent\u00e3o ministro da Sa\u00fade, Eduardo Pazuello. S\u00e3o eles:<\/p>\n\n\n\n<ul class=\"wp-block-list\"><li>68 milh\u00f5es de doses s\u00e3o de vacinas ainda n\u00e3o aprovadas pela Ag\u00eancia Nacional de Vigil\u00e2ncia Sanit\u00e1ria (Anvisa): a indiana Covaxin, a russa Sputnik e a belga Janssen.<\/li><li>Sem a aprova\u00e7\u00e3o desses imunizantes, a vacina\u00e7\u00e3o brasileira continuar\u00e1 at\u00e9 junho dependente das duas op\u00e7\u00f5es atuais: AstraZeneca-Oxford (Fiocruz) e Coronavac (Butantan).<\/li><li>O governo Bolsonaro recusou sucessivas ofertas da Pfizer para comprar milh\u00f5es de doses. Quando decidiu adquiri-las, entrou no fim de uma fila de dezenas de pa\u00edses e s\u00f3 deve receber um volume significativo no segundo semestre.<\/li><li>O ritmo lento da vacina\u00e7\u00e3o aponta, segundo pesquisadores da UFJF, que o Brasil s\u00f3 deve ter 70% da popula\u00e7\u00e3o vacinada no fim de 2022, patamar que pode conter consideravelmente o espalhamento da doen\u00e7a.<\/li><\/ul>\n\n\n\n<figure class=\"wp-block-image\"><img decoding=\"async\" src=\"https:\/\/www.bbc.com\/ws\/includes\/idt2\/fd1d046a-8f98-4342-be7a-6d0e1e35ee92\/image\/816\" alt=\"Cronograma previsto de entregas mensais de vacina contra covid-19. Em mar\u00e7o, governo Bolsonaro mudou cinco vezes previs\u00e3o de doses abaixo, em milh\u00f5es.  .\"\/><\/figure>\n\n\n\n<p>&#8220;Espero ter sido claro e bem transparente sobre um cronograma previsto. Porque \u00e9 impressionante quando voc\u00ea apresenta um cronograma previsto e as pessoas perguntam: o cronograma est\u00e1 alterando. O cronograma \u00e9 para ser alterado, quando a farmac\u00eautica n\u00e3o entrega, a linha de produ\u00e7\u00e3o para, quando acontece qualquer dificuldade na legaliza\u00e7\u00e3o das doses&#8221;, disse Pazuello a jornalistas.<\/p>\n\n\n\n<p>&#8220;N\u00e3o podemos contar com 100% das entregas.&#8221;<\/p>\n\n\n\n<p>O Instituto Butantan, por exemplo, informou que s\u00f3 consegue assegurar ao cronograma at\u00e9 abril. Depois dessa data, &#8220;a entrega de doses est\u00e1 condicionada \u00e0 chegada de IFA (mat\u00e9ria-prima da vacina importada) para que o Butantan possa realizar o envase, rotulagem e embalagem das doses&#8221;.<\/p>\n\n\n\n<p>A Fiocruz apresentou um cronograma bem parecido com o do Minist\u00e9rio da Sa\u00fade para entrega mensal da AstraZeneca-Oxford, e se prepara produzir e entregar ao governo 1 milh\u00e3o de doses por dia.<\/p>\n\n\n\n<p>As duas institui\u00e7\u00f5es brasileiras, que somam 350 milh\u00f5es de doses previstas pelo governo federal, t\u00eam enfrentado sucessivos atrasos nas entregas previstas por diversos motivos, principalmente a demora do envio de doses e mat\u00e9ria-prima importados da China e da \u00cdndia. Ambas se preparam para produzir integralmente as vacinas e garantir autonomia nacional, mas isso s\u00f3 deve acontecer entre o segundo semestre de 2021 (Fiocruz) e o primeiro semestre de 2022 (Butantan).<\/p>\n\n\n\n<p>Governos estaduais passaram tamb\u00e9m a agir para ampliar as doses dispon\u00edveis no pa\u00eds. Um exemplo envolve as 37 milh\u00f5es de doses da Sputnik V contratadas pelo cons\u00f3rcio de governadores do Nordeste. Essas vacinas seriam repassadas ao governo federal, que ficar\u00e1 respons\u00e1vel pelo pagamento e pela distribui\u00e7\u00e3o proporcional para todos os munic\u00edpios brasileiros, e n\u00e3o apenas da regi\u00e3o Nordeste. Mas essas vacinas, ainda n\u00e3o aprovadas, nem entraram na previs\u00e3o do Minist\u00e9rio da Sa\u00fade.<\/p>\n\n\n\n<p>H\u00e1 ainda prefeitos que t\u00eam anunciado a compra de vacinas, em cons\u00f3rcio ou em separado, mas essas aquisi\u00e7\u00f5es ainda n\u00e3o foram confirmadas oficialmente pelos fabricantes. Tampouco \u00e9 poss\u00edvel afirmar se essas doses seriam repassadas ao governo federal ou aplicadas apenas nos lugares que as compraram.<\/p>\n\n\n\n<h2 class=\"wp-block-heading\" id=\"Grupos-priorit\u00e1rios-vacina\u00e7\u00e3o-estimada-at\u00e9-setembro-de-2021\">Grupos priorit\u00e1rios: vacina\u00e7\u00e3o estimada at\u00e9 setembro de 2021<\/h2>\n\n\n\n<p>O plano de imuniza\u00e7\u00e3o brasileiro contra a covid-19 dividiu a popula\u00e7\u00e3o adulta em priorit\u00e1rios e n\u00e3o priorit\u00e1rios.<\/p>\n\n\n\n<p>O grupo priorit\u00e1rio \u00e9 subdividido em 29 categorias, entre elas idosos, adultos com comorbidades, profissionais de sa\u00fade, pessoas em situa\u00e7\u00e3o de rua, presos, trabalhadores do setor de educa\u00e7\u00e3o, agentes de seguran\u00e7a, motoristas de \u00f4nibus e caminhoneiros.<\/p>\n\n\n\n<p>Essas pessoas somam 77,3 milh\u00f5es.<\/p>\n\n\n\n<figure class=\"wp-block-image\"><img decoding=\"async\" src=\"https:\/\/www.bbc.com\/ws\/includes\/idt2\/3aee840f-74af-403a-9486-f88ddde3a14a\/image\/816\" alt=\"Adultos priorit\u00e1rios na vacina\u00e7\u00e3o contra covid-19 no Brasil. Grupo soma 77 milh\u00f5es de pessoas.  .\"\/><\/figure>\n\n\n\n<p>Para vacinar esse grupo inteiro, portanto, seriam necess\u00e1rias 154 milh\u00f5es de doses. Considerando as vacinas j\u00e1 aprovadas pela Anvisa, esse montante estaria dispon\u00edvel at\u00e9 junho deste ano, se n\u00e3o houver atrasos na entrega, fabrica\u00e7\u00e3o ou distribui\u00e7\u00e3o.<\/p>\n\n\n\n<p>Por outro lado, o Brasil tem mantido um ritmo de vacina\u00e7\u00e3o que corresponde \u00e0 metade das doses distribu\u00eddas. Ou seja, aplicou at\u00e9 agora 14 milh\u00f5es das 30 milh\u00f5es enviadas para Estados e munic\u00edpios. A cada 10 doses aplicadas atualmente, 8 s\u00e3o da Coronavac, criticada e boicotada por meses pelo presidente Jair Bolsonaro, que chegou a cancelar a compra desse imunizante.<\/p>\n\n\n\n<p>A diferen\u00e7a entre o n\u00famero de doses distribu\u00eddas e aplicadas no Brasil se explica em parte \u00e0 necessidade de reservar uma quantidade como segunda dose, e uma eventual escassez poderia afetar a imunidade dos vacinados. Para tentar acelerar a vacina\u00e7\u00e3o, o governo federal recomendou utilizar essas reservas como primeira dose porque fornecedores garantiram as entregas.<\/p>\n\n\n\n<p>Mas essa mudan\u00e7a de orienta\u00e7\u00e3o federal ainda n\u00e3o surtiu efeito no ritmo de vacina\u00e7\u00e3o, e, diante da escassez e de atrasos, \u00e9 prov\u00e1vel que muitos gestores mantenham a pol\u00edtica de reservar doses para a segunda aplica\u00e7\u00e3o semanas depois da primeira. A efic\u00e1cia contra a covid s\u00f3 \u00e9 garantida semanas depois da aplica\u00e7\u00e3o da segunda dose.<\/p>\n\n\n\n<p>Se essa propor\u00e7\u00e3o de vacinas distribu\u00eddas\/aplicadas se mantiver ao longo do ano, a imuniza\u00e7\u00e3o dos grupos priorit\u00e1rios pode se estender at\u00e9 setembro de 2021 no Brasil.<\/p>\n\n\n\n<p>Em linhas gerais, a ordem segue tr\u00eas momentos. 1. idosos e profissionais de sa\u00fade; 2. adultos com comorbidades; 3. profissionais de categorias profissionais essenciais. A cidade de S\u00e3o Paulo, levou o m\u00eas de mar\u00e7o inteiro para vacinar apenas idosos de 70 a 79 anos.<\/p>\n\n\n\n<p>O grupo mais numeroso entre os priorit\u00e1rios \u00e9 o de adultos de 18 a 59 anos com comorbidades (ou doen\u00e7as pr\u00e9-existentes), entre elas diabetes, s\u00edndrome de Down, fibrose c\u00edstica, hipertens\u00e3o, cirrose hep\u00e1tica, cardiopatias e pessoas com obesidade m\u00f3rbida (IMC acima de 40).<\/p>\n\n\n\n<p>Essa fatia representa quase 18 milh\u00f5es de pessoas e corre mais riscos de morrer de covid-19 ou desenvolver a forma grave da doen\u00e7a.<\/p>\n\n\n\n<h2 class=\"wp-block-heading\" id=\"Adultos-n\u00e3o-priorit\u00e1rios-in\u00edcio-de-vacina\u00e7\u00e3o-estimado-para-outubro-de-2021\">Adultos n\u00e3o priorit\u00e1rios: in\u00edcio de vacina\u00e7\u00e3o estimado para outubro de 2021<\/h2>\n\n\n\n<p>&#8220;O ritmo de vacina\u00e7\u00e3o no pa\u00eds \u00e9 insuficiente para vacinar os grupos priorit\u00e1rios do Plano Nacional de Imuniza\u00e7\u00e3o (PNI) no 1\u00ba semestre de 2021, o que amplia o horizonte de vacina\u00e7\u00e3o para toda a popula\u00e7\u00e3o para meados de 2022. As consequ\u00eancias s\u00e3o inomin\u00e1veis&#8221;, afirmam banqueiros, empres\u00e1rios e economistas em carta aberta com cr\u00edticas ao governo Bolsonaro e propostas para a pandemia&nbsp;<a href=\"https:\/\/www.bbc.com\/portuguese\/brasil-56485687\">(leia a \u00edntegra dela aqui)<\/a>.<\/p>\n\n\n\n<p>Segundo dados do Instituto Brasileiro de Geografia e Estat\u00edstica (IBGE), o n\u00famero de habitantes com idades de 18 a 59 anos no pa\u00eds totaliza 125 milh\u00f5es de pessoas. Cerca de 40 milh\u00f5es delas est\u00e3o no grupo priorit\u00e1rio.<\/p>\n\n\n\n<p>Ainda n\u00e3o est\u00e1 claro como transcorreria a vacina\u00e7\u00e3o para esse grupo, mas ela deve seguir os mesmos moldes atuais (adotados inclusive em outros pa\u00edses, como o Reino Unido). As pessoas seriam divididas tamb\u00e9m em faixas et\u00e1rias e imunizadas em ordem decrescente, com os jovens em torno de 18 anos por \u00faltimo.<\/p>\n\n\n\n<p>Tampouco \u00e9 poss\u00edvel estimar o ritmo de vacina\u00e7\u00e3o no segundo semestre, mas o governo federal afirma que os obst\u00e1culos enfrentados pelo pa\u00eds atualmente correspondem apenas ao in\u00edcio do processo de fabrica\u00e7\u00e3o e distribui\u00e7\u00e3o, concentrado em dois fabricantes.<\/p>\n\n\n\n<p>No segundo semestre de 2021, com mais op\u00e7\u00f5es e doses dispon\u00edveis, al\u00e9m da fabrica\u00e7\u00e3o 100% nacional da AstraZeneca-Oxford pela Fiocruz, a tend\u00eancia seria superar com folga a marca de 1 milh\u00e3o de vacinados por dia.<\/p>\n\n\n\n<p>Vale lembrar que na pandemia de H1N1, em 2009, o Brasil levou quase tr\u00eas meses para vacinar 80 milh\u00f5es de pessoas.<\/p>\n\n\n\n<figure class=\"wp-block-image\"><img decoding=\"async\" src=\"https:\/\/ichef.bbci.co.uk\/news\/640\/cpsprodpb\/9F47\/production\/_116557704_4dba7e71-b7ac-41ba-a3e8-c357d8a83b65.jpg\" alt=\"Monica Calazans, primeira pessoa a ser vacinada com a CoronaVac fora dos testes cl\u00ednicos\"\/><figcaption>Legenda da foto,Enfermeira Monica Calazans foi primeira pessoa a ser vacinada no Brasil fora dos testes cl\u00ednicos<\/figcaption><\/figure>\n\n\n\n<h2 class=\"wp-block-heading\" id=\"Menores-de-idade-sem-previs\u00e3o-de-in\u00edcio-da-vacina\u00e7\u00e3o\">Menores de idade: sem previs\u00e3o de in\u00edcio da vacina\u00e7\u00e3o<\/h2>\n\n\n\n<p>Al\u00e9m dos quase 85 milh\u00f5es de adultos n\u00e3o priorit\u00e1rios, devem ser vacinados tamb\u00e9m os menores de idade, que somam cerca de 48 milh\u00f5es, segundo o IBGE.<\/p>\n\n\n\n<p>Atualmente, eles n\u00e3o est\u00e3o listados entre aqueles que receber\u00e3o a vacina, dada a falta de estudos de seguran\u00e7a e efic\u00e1cia dos imunizantes com essa faixa et\u00e1ria e a incid\u00eancia menor de covid-19 grave entre essas pessoas dessa faixa et\u00e1ria.<\/p>\n\n\n\n<p>Mas h\u00e1 estudos em andamento no pa\u00eds com vacinas para menores de idade, e os resultados t\u00eam sido promissores.<\/p>\n\n\n\n<p>A farmac\u00eautica chinesa Sinovac, parceira do Instituto Butantan na fabrica\u00e7\u00e3o da vacina Coronavac, por exemplo, anunciou que os estudos de fase 1 e fase 2 envolvendo 500 jovens com idade de 3 a 17 anos sinalizaram que o imunizante \u00e9 seguro e foi capaz de induzir o corpo humano a produzir anticorpos contra o coronav\u00edrus. N\u00e3o houve registro de rea\u00e7\u00f5es graves. Esses dados preliminares ainda n\u00e3o foram revisados por outros cientistas. A fase 3 dos estudos ser\u00e1 respons\u00e1vel por confirmar (ou n\u00e3o) a seguran\u00e7a da vacina e a taxa de efic\u00e1cia contra a doen\u00e7a.<\/p>\n\n\n\n<p>Dado o ritmo de vacina\u00e7\u00e3o do pa\u00eds, \u00e9 prov\u00e1vel que os imunizantes sejam aprovados para essas faixas et\u00e1rias at\u00e9 chegar a vez deles na fila da vacina\u00e7\u00e3o, a princ\u00edpio no primeiro semestre de 2022.<\/p>\n\n\n\n<p>BBC<br><\/p>\n","protected":false},"excerpt":{"rendered":"<p>O governo federal brasileiro j\u00e1 contabiliza no papel mais de 500 milh\u00f5es de doses de vacinas contra a covid-19, quantidade suficiente para imunizar a popula\u00e7\u00e3o inteira e contar com uma sobra do bem mais disputado no mundo hoje. Mas a realidade atual do Brasil \u00e9 marcada por falta de vacinas, lentid\u00e3o na aplica\u00e7\u00e3o de doses [&hellip;]<\/p>\n","protected":false},"author":2,"featured_media":31579,"comment_status":"open","ping_status":"open","sticky":false,"template":"","format":"standard","meta":{"advanced_seo_description":"","jetpack_seo_html_title":"","jetpack_seo_noindex":false,"_jetpack_memberships_contains_paid_content":false,"footnotes":""},"categories":[40],"tags":[],"class_list":{"0":"post-31578","1":"post","2":"type-post","3":"status-publish","4":"format-standard","5":"has-post-thumbnail","7":"category-destaques"},"jetpack_featured_media_url":"https:\/\/www.paranapraia.com.br\/wp-content\/uploads\/2021\/03\/116664664_gettyimages-1266038687.jpg","jetpack_sharing_enabled":true,"_links":{"self":[{"href":"https:\/\/www.paranapraia.com.br\/index.php\/wp-json\/wp\/v2\/posts\/31578"}],"collection":[{"href":"https:\/\/www.paranapraia.com.br\/index.php\/wp-json\/wp\/v2\/posts"}],"about":[{"href":"https:\/\/www.paranapraia.com.br\/index.php\/wp-json\/wp\/v2\/types\/post"}],"author":[{"embeddable":true,"href":"https:\/\/www.paranapraia.com.br\/index.php\/wp-json\/wp\/v2\/users\/2"}],"replies":[{"embeddable":true,"href":"https:\/\/www.paranapraia.com.br\/index.php\/wp-json\/wp\/v2\/comments?post=31578"}],"version-history":[{"count":2,"href":"https:\/\/www.paranapraia.com.br\/index.php\/wp-json\/wp\/v2\/posts\/31578\/revisions"}],"predecessor-version":[{"id":31582,"href":"https:\/\/www.paranapraia.com.br\/index.php\/wp-json\/wp\/v2\/posts\/31578\/revisions\/31582"}],"wp:featuredmedia":[{"embeddable":true,"href":"https:\/\/www.paranapraia.com.br\/index.php\/wp-json\/wp\/v2\/media\/31579"}],"wp:attachment":[{"href":"https:\/\/www.paranapraia.com.br\/index.php\/wp-json\/wp\/v2\/media?parent=31578"}],"wp:term":[{"taxonomy":"category","embeddable":true,"href":"https:\/\/www.paranapraia.com.br\/index.php\/wp-json\/wp\/v2\/categories?post=31578"},{"taxonomy":"post_tag","embeddable":true,"href":"https:\/\/www.paranapraia.com.br\/index.php\/wp-json\/wp\/v2\/tags?post=31578"}],"curies":[{"name":"wp","href":"https:\/\/api.w.org\/{rel}","templated":true}]}}