{"id":31575,"date":"2021-03-24T12:03:03","date_gmt":"2021-03-24T15:03:03","guid":{"rendered":"https:\/\/www.paranapraia.com.br\/?p=31575"},"modified":"2021-03-24T12:03:05","modified_gmt":"2021-03-24T15:03:05","slug":"com-recorde-de-mortes-e-sob-panelaco-bolsonaro-promete-vacinacao","status":"publish","type":"post","link":"https:\/\/www.paranapraia.com.br\/index.php\/2021\/03\/24\/com-recorde-de-mortes-e-sob-panelaco-bolsonaro-promete-vacinacao\/","title":{"rendered":"Com recorde de mortes e sob panela\u00e7o, Bolsonaro promete vacina\u00e7\u00e3o"},"content":{"rendered":"\n<p><strong>O presidente Jair Bolsonaro afirmou na noite desta ter\u00e7a-feira (23\/3), em pronunciamento em rede nacional, que 2021 ser\u00e1 o &#8220;ano da vacina\u00e7\u00e3o dos brasileiros contra a covid-19&#8221; e que &#8220;em nenhum momento o governo deixou de tomar medidas importantes tanto para combater o coronav\u00edrus como para combater o caos na economia&#8221;.<\/strong><\/p>\n\n\n\n<p>A fala de foi transmitida \u00e0s 20h30, pouco depois de um boletim do Conselho Nacional de Secret\u00e1rios de Sa\u00fade (Conass) registrar recorde de mortos pela\u00a0covid-19\u00a0no pa\u00eds em um \u00fanico dia, desde o in\u00edcio da pandemia: 3.251 \u00f3bitos nas \u00faltimas 24 horas.<\/p>\n\n\n\n<p>O Brasil totaliza 298.676 mortes e 12.130.019 casos de covid-19.<\/p>\n\n\n\n<p>Ap\u00f3s meses minimizando a gravidade da pandemia e medidas de conten\u00e7\u00e3o recomendadas\u00a0por cientistas,\u00a0Bolsonaro\u00a0abriu seu pronunciamento atribuindo as fatalidades a novas variantes do pat\u00f3geno surgidas no Brasil e em outros pa\u00edses.<\/p>\n\n\n\n<p>Durante sua fala, foram ouvidos panela\u00e7os em diversas capitais do pa\u00eds, como Bel\u00e9m, Recife, S\u00e3o Paulo, Rio de Janeiro e Curitiba.<\/p>\n\n\n\n<p>&#8220;Estamos no momento de uma nova variante do coronav\u00edrus, que infelizmente tem tirado a vida de muitos brasileiros&#8221;, afirmou, prosseguindo com a exposi\u00e7\u00e3o de um hist\u00f3rico de negocia\u00e7\u00f5es e acordos para a compra de vacinas contra a covid-19.<\/p>\n\n\n\n<p>Segundo o presidente, o Brasil tem 14 milh\u00f5es de pessoas vacinas e, at\u00e9 o final do ano, o pa\u00eds ter\u00e1 alcan\u00e7ado 500 milh\u00f5es de doses dispon\u00edveis.<\/p>\n\n\n\n<p>&#8220;Sempre afirmei que adotar\u00edamos qualquer vacina, desde que aprovada pela Anvisa, e assim foi feito&#8221;, defendeu.<\/p>\n\n\n\n<p>&#8220;Hoje, somos produtores de vacina em territ\u00f3rio nacional. Mais do que isso, fabricaremos o pr\u00f3prio insumo farmac\u00eautico ativo, que \u00e9 a mat\u00e9ria-prima necess\u00e1ria. Em poucos meses, seremos autossuficientes na produ\u00e7\u00e3o de vacinas. N\u00e3o sabemos por quanto tempo teremos que enfrentar essa doen\u00e7a, mas a produ\u00e7\u00e3o nacional vai garantir que possamos vacinar os brasileiros todos os anos, independentemente das variantes que possam surgir.&#8221;<\/p>\n\n\n\n<p>O presidente finalizou o pronunciamento, que durou cerca de quatro minutos, afirmando solidarizar-se &#8220;com todos aqueles que tiveram perdas em suas fam\u00edlias&#8221;.<\/p>\n\n\n\n<p>&#8220;Estamos fazendo e vamos fazer de 2021 o ano da vacina\u00e7\u00e3o dos brasileiros.&#8221;<\/p>\n\n\n\n<p>O governo est\u00e1 cada vez mais pressionado pelos n\u00fameros da pandemia. De acordo com o instituto Datafolha, a rejei\u00e7\u00e3o \u00e0 gest\u00e3o da pandemia pelo presidente Bolsonaro chegou a um recorde negativo na semana passada, com 54% dos brasileiros classificando sua atua\u00e7\u00e3o na crise sanit\u00e1ria como ruim e p\u00e9ssima. Na edi\u00e7\u00e3o anterior, de janeiro, o percentual foi de 48%.<\/p>\n\n\n\n<p>O Brasil tamb\u00e9m voltou a ser o segundo pa\u00eds com mais casos de coronav\u00edrus no mundo. Antes, essa posi\u00e7\u00e3o era da \u00cdndia, que agora est\u00e1 em terceiro lugar (com 11,6 milh\u00f5es de casos). Mas o Brasil segue em segundo lugar no n\u00famero de mortes pela doen\u00e7a, atr\u00e1s apenas dos Estados Unidos (que j\u00e1 registrou 543,7 mil \u00f3bitos e 29,9 milh\u00f5es de casos).<\/p>\n\n\n\n<p>BBC<\/p>\n","protected":false},"excerpt":{"rendered":"<p>O presidente Jair Bolsonaro afirmou na noite desta ter\u00e7a-feira (23\/3), em pronunciamento em rede nacional, que 2021 ser\u00e1 o &#8220;ano da vacina\u00e7\u00e3o dos brasileiros contra a covid-19&#8221; e que &#8220;em nenhum momento o governo deixou de tomar medidas importantes tanto para combater o coronav\u00edrus como para combater o caos na economia&#8221;. A fala de foi [&hellip;]<\/p>\n","protected":false},"author":2,"featured_media":31576,"comment_status":"open","ping_status":"open","sticky":false,"template":"","format":"standard","meta":{"advanced_seo_description":"","jetpack_seo_html_title":"","jetpack_seo_noindex":false,"_jetpack_memberships_contains_paid_content":false,"footnotes":""},"categories":[40],"tags":[],"class_list":{"0":"post-31575","1":"post","2":"type-post","3":"status-publish","4":"format-standard","5":"has-post-thumbnail","7":"category-destaques"},"jetpack_featured_media_url":"https:\/\/www.paranapraia.com.br\/wp-content\/uploads\/2021\/03\/117683579_bolso-pronunciamento.jpg","jetpack_sharing_enabled":true,"_links":{"self":[{"href":"https:\/\/www.paranapraia.com.br\/index.php\/wp-json\/wp\/v2\/posts\/31575"}],"collection":[{"href":"https:\/\/www.paranapraia.com.br\/index.php\/wp-json\/wp\/v2\/posts"}],"about":[{"href":"https:\/\/www.paranapraia.com.br\/index.php\/wp-json\/wp\/v2\/types\/post"}],"author":[{"embeddable":true,"href":"https:\/\/www.paranapraia.com.br\/index.php\/wp-json\/wp\/v2\/users\/2"}],"replies":[{"embeddable":true,"href":"https:\/\/www.paranapraia.com.br\/index.php\/wp-json\/wp\/v2\/comments?post=31575"}],"version-history":[{"count":1,"href":"https:\/\/www.paranapraia.com.br\/index.php\/wp-json\/wp\/v2\/posts\/31575\/revisions"}],"predecessor-version":[{"id":31577,"href":"https:\/\/www.paranapraia.com.br\/index.php\/wp-json\/wp\/v2\/posts\/31575\/revisions\/31577"}],"wp:featuredmedia":[{"embeddable":true,"href":"https:\/\/www.paranapraia.com.br\/index.php\/wp-json\/wp\/v2\/media\/31576"}],"wp:attachment":[{"href":"https:\/\/www.paranapraia.com.br\/index.php\/wp-json\/wp\/v2\/media?parent=31575"}],"wp:term":[{"taxonomy":"category","embeddable":true,"href":"https:\/\/www.paranapraia.com.br\/index.php\/wp-json\/wp\/v2\/categories?post=31575"},{"taxonomy":"post_tag","embeddable":true,"href":"https:\/\/www.paranapraia.com.br\/index.php\/wp-json\/wp\/v2\/tags?post=31575"}],"curies":[{"name":"wp","href":"https:\/\/api.w.org\/{rel}","templated":true}]}}