{"id":31309,"date":"2021-03-12T09:41:52","date_gmt":"2021-03-12T12:41:52","guid":{"rendered":"https:\/\/www.paranapraia.com.br\/?p=31309"},"modified":"2021-03-12T09:41:54","modified_gmt":"2021-03-12T12:41:54","slug":"a-alunos-de-especializacao-em-saude-secretario-destaca-importancia-do-sus","status":"publish","type":"post","link":"https:\/\/www.paranapraia.com.br\/index.php\/2021\/03\/12\/a-alunos-de-especializacao-em-saude-secretario-destaca-importancia-do-sus\/","title":{"rendered":"A alunos de especializa\u00e7\u00e3o em sa\u00fade, secret\u00e1rio destaca import\u00e2ncia do SUS"},"content":{"rendered":"\n<p>A import\u00e2ncia do fortalecimento do SUS foi destacada pelo secret\u00e1rio estadual da Sa\u00fade, Beto Preto, em mensagem aos formandos do Curso de Especializa\u00e7\u00e3o em Sa\u00fade P\u00fablica. Os 37 alunos conclu\u00edram os estudos na turma da 16\u00aa Regional de Sa\u00fade de Apucarana. O curso foi promovido pela Escola de Sa\u00fade P\u00fablica do Paran\u00e1.<\/p>\n\n\n\n<p>\u201cVivemos um momento dif\u00edcil, dram\u00e1tico. Parabenizo todos que terminaram o curso no meio de uma pandemia. Digo que devemos continuar firmes na constru\u00e7\u00e3o permanente do sistema \u00fanico\u201d, disse Beto Preto. \u201cQuero utilizar o exemplo do Programa Nacional de Imuniza\u00e7\u00e3o, que \u00e9 uma joia da coroa do SUS. Temos que continuar com esse esp\u00edrito\u201d, afirmou.<\/p>\n\n\n\n<p>As aulas iniciaram em julho de 2019. Esta foi a terceira turma, com cursos j\u00e1 realizados em Curitiba e Londrina. \u201cA Escola \u00e9 um instrumento fundamental para reflex\u00e3o e produ\u00e7\u00e3o do conhecimento sob a \u00f3tica da sa\u00fade, permitindo o aprimoramento e o aperfei\u00e7oamento\u201d, ressaltou o secret\u00e1rio.<\/p>\n\n\n\n<p>O curso foi realizado em parceria com a Rede Brasileira de Escolas de Sa\u00fade P\u00fablica (RedEscola), juntamente com a Fiocruz, coordenado pela Escola de Sa\u00fade P\u00fablica do Paran\u00e1.<\/p>\n\n\n\n<p>Mais de 100 pessoas, de todas as localidades do Paran\u00e1, n\u00e3o apenas com gradua\u00e7\u00e3o em Sa\u00fade, j\u00e1 completaram as tr\u00eas edi\u00e7\u00f5es do curso. \u201cA Escola tem feito um trabalho no sentido ofertar aos profissionais uma oportunidade de aprofundar a sua forma\u00e7\u00e3o, despertando interesse n\u00e3o apenas aos que atuam na sa\u00fade, mas de toda a sociedade, nas suas diferentes \u00e1reas de atua\u00e7\u00e3o, que buscam alguma afinidade com o tema\u201d, disse o diretor da Escola de Sa\u00fade P\u00fablica do Paran\u00e1, Edevar Daniel.<\/p>\n\n\n\n<p>AEN<br><\/p>\n","protected":false},"excerpt":{"rendered":"<p>A import\u00e2ncia do fortalecimento do SUS foi destacada pelo secret\u00e1rio estadual da Sa\u00fade, Beto Preto, em mensagem aos formandos do Curso de Especializa\u00e7\u00e3o em Sa\u00fade P\u00fablica. Os 37 alunos conclu\u00edram os estudos na turma da 16\u00aa Regional de Sa\u00fade de Apucarana. O curso foi promovido pela Escola de Sa\u00fade P\u00fablica do Paran\u00e1. \u201cVivemos um momento [&hellip;]<\/p>\n","protected":false},"author":2,"featured_media":31310,"comment_status":"open","ping_status":"open","sticky":false,"template":"","format":"standard","meta":{"advanced_seo_description":"","jetpack_seo_html_title":"","jetpack_seo_noindex":false,"_jetpack_memberships_contains_paid_content":false,"footnotes":""},"categories":[50],"tags":[],"class_list":{"0":"post-31309","1":"post","2":"type-post","3":"status-publish","4":"format-standard","5":"has-post-thumbnail","7":"category-saude"},"jetpack_featured_media_url":"https:\/\/www.paranapraia.com.br\/wp-content\/uploads\/2021\/03\/c0c3e3d54efb266c1e33fde2cd350f02-gpMedium.jpg","jetpack_sharing_enabled":true,"_links":{"self":[{"href":"https:\/\/www.paranapraia.com.br\/index.php\/wp-json\/wp\/v2\/posts\/31309"}],"collection":[{"href":"https:\/\/www.paranapraia.com.br\/index.php\/wp-json\/wp\/v2\/posts"}],"about":[{"href":"https:\/\/www.paranapraia.com.br\/index.php\/wp-json\/wp\/v2\/types\/post"}],"author":[{"embeddable":true,"href":"https:\/\/www.paranapraia.com.br\/index.php\/wp-json\/wp\/v2\/users\/2"}],"replies":[{"embeddable":true,"href":"https:\/\/www.paranapraia.com.br\/index.php\/wp-json\/wp\/v2\/comments?post=31309"}],"version-history":[{"count":1,"href":"https:\/\/www.paranapraia.com.br\/index.php\/wp-json\/wp\/v2\/posts\/31309\/revisions"}],"predecessor-version":[{"id":31311,"href":"https:\/\/www.paranapraia.com.br\/index.php\/wp-json\/wp\/v2\/posts\/31309\/revisions\/31311"}],"wp:featuredmedia":[{"embeddable":true,"href":"https:\/\/www.paranapraia.com.br\/index.php\/wp-json\/wp\/v2\/media\/31310"}],"wp:attachment":[{"href":"https:\/\/www.paranapraia.com.br\/index.php\/wp-json\/wp\/v2\/media?parent=31309"}],"wp:term":[{"taxonomy":"category","embeddable":true,"href":"https:\/\/www.paranapraia.com.br\/index.php\/wp-json\/wp\/v2\/categories?post=31309"},{"taxonomy":"post_tag","embeddable":true,"href":"https:\/\/www.paranapraia.com.br\/index.php\/wp-json\/wp\/v2\/tags?post=31309"}],"curies":[{"name":"wp","href":"https:\/\/api.w.org\/{rel}","templated":true}]}}