{"id":31303,"date":"2021-03-12T09:31:48","date_gmt":"2021-03-12T12:31:48","guid":{"rendered":"https:\/\/www.paranapraia.com.br\/?p=31303"},"modified":"2021-03-12T09:31:52","modified_gmt":"2021-03-12T12:31:52","slug":"diario-da-covid-19-apos-um-ano-de-pandemia-brasil-registra-mais-de-uma-morte-por-minuto","status":"publish","type":"post","link":"https:\/\/www.paranapraia.com.br\/index.php\/2021\/03\/12\/diario-da-covid-19-apos-um-ano-de-pandemia-brasil-registra-mais-de-uma-morte-por-minuto\/","title":{"rendered":"Di\u00e1rio da Covid-19: Ap\u00f3s um ano de pandemia, Brasil registra mais de uma morte por minuto"},"content":{"rendered":"\n<blockquote class=\"wp-block-quote is-layout-flow wp-block-quote-is-layout-flow\"><p>No ritmo atual, pa\u00eds chegar\u00e1 a 300 mil mortes at\u00e9 o final de mar\u00e7o e pode alcan\u00e7ar a triste marca de meio milh\u00e3o de \u00f3bitos em setembro<\/p><\/blockquote>\n\n\n\n<p>As primeiras infec\u00e7\u00f5es do novo coronav\u00edrus foram identificadas no final de 2019, mas somente no dia 11 de mar\u00e7o de 2020 a Organiza\u00e7\u00e3o Mundial de Sa\u00fade (OMS) declarou que o mundo enfrentava uma emerg\u00eancia sanit\u00e1ria e elevou a classifica\u00e7\u00e3o da \u201cCOrona VIrus Disease\u201d para o n\u00edvel de pandemia da covid-19. Naquela data os registros mundiais indicavam 150 mil pessoas infectadas e 4,6 mil vidas perdidas para o SARS-CoV-2. Um ano depois os montantes globais est\u00e3o na casa de 118 milh\u00f5es de casos e 2,6 milh\u00f5es de mortes.<\/p>\n\n\n\n<p>No territ\u00f3rio brasileiro j\u00e1 s\u00e3o mais de 11 milh\u00f5es de casos e mais de 270 mil mortes. O pa\u00eds deve ultrapassar a \u00cdndia at\u00e9 o dia 12\/03, assumindo o 2\u00ba lugar no ranking global tanto em n\u00famero acumulado de casos, quanto de mortes. O Brasil assumiu o epicentro da pandemia global no m\u00eas de mar\u00e7o de 2021, pois, com 2,7% da popula\u00e7\u00e3o mundial, tem apresentado uma m\u00e9dia m\u00f3vel de casos e de mortes por volta de 18% do total internacional. Na atual semana o Brasil ultrapassou os n\u00fameros americanos em termos absolutos. Nos 10 primeiros dias de mar\u00e7o de 2021 \u2013 com 14.440 minutos (24 horas x 60 minutos x 10 dias) \u2013 foram registradas 15.714 vidas perdidas. Isto representa mais de uma morte por minuto durante todos os dias do atual m\u00eas.<\/p>\n\n\n\n<h3 class=\"wp-block-heading\">Leia mais<\/h3>\n\n\n\n<p>Por conta desta situa\u00e7\u00e3o dram\u00e1tica se diz que o Brasil \u00e9 o \u201c\u00faltimo pand\u00eamico\u201d, pois \u00e9 o \u00fanico dos grandes pa\u00edses do mundo que apresenta tend\u00eancia significativa de alta da pandemia, estando na contram\u00e3o da conjuntura global. No ritmo dos \u00faltimos 10 dias, o Brasil deve ultrapassar 2 milh\u00f5es de casos e 50 mil mortes somente no m\u00eas de mar\u00e7o, superando de maneira contrastante, por exemplo, com a Indon\u00e9sia (pa\u00eds de 275 milh\u00f5es de habitantes) que tem acumulado 1,4 milh\u00f5es de casos e 38 mil mortes durante toda a pandemia.<\/p>\n\n\n\n<p>Entre os 6 pa\u00edses mais impactados pela covid-19, o Brasil tem os maiores coeficientes di\u00e1rios de casos e mortes. O gr\u00e1fico abaixo, do jornal Financial Times, mostra o coeficiente di\u00e1rio de casos (por 100 mil habitantes) entre 01\/07\/2020 a 08\/03\/2021 e o Brasil aparece com valores acima dos correspondentes nos EUA, Reino Unido, R\u00fassia, M\u00e9xico e \u00cdndia.<\/p>\n\n\n\n<div class=\"wp-block-image\"><figure class=\"aligncenter\"><a href=\"https:\/\/projetocolabora.com.br\/wp-content\/uploads\/2021\/12\/diario-701.png?x33110\"><img decoding=\"async\" src=\"https:\/\/projetocolabora.com.br\/wp-content\/uploads\/2021\/12\/diario-701.png?x33110\" alt=\"\" class=\"wp-image-63996\"\/><\/a><\/figure><\/div>\n\n\n\n<p>O gr\u00e1fico seguinte, tamb\u00e9m do jornal Financial Times, mostra o coeficiente di\u00e1rio de mortes (por 100 mil) entre 01\/07\/2020 a 08\/03\/2021 e, igualmente, o Brasil aparece com valores acima dos correspondentes do M\u00e9xico, EUA, Reino Unido, R\u00fassia e \u00cdndia.<\/p>\n\n\n\n<div class=\"wp-block-image\"><figure class=\"aligncenter\"><a href=\"https:\/\/projetocolabora.com.br\/wp-content\/uploads\/2021\/12\/diario-702.png?x33110\"><img decoding=\"async\" src=\"https:\/\/projetocolabora.com.br\/wp-content\/uploads\/2021\/12\/diario-702.png?x33110\" alt=\"\" class=\"wp-image-63997\"\/><\/a><\/figure><\/div>\n\n\n\n<p>Para conter a pandemia, al\u00e9m das medidas conhecidas de preven\u00e7\u00e3o, o mundo tem avan\u00e7ado no processo de imuniza\u00e7\u00e3o e j\u00e1 foram aplicadas (1\u00aa e 2\u00aa doses) 319 milh\u00f5es de vacinas, sendo 93,7 milh\u00f5es nos EUA, 24,4 milh\u00f5es na \u00cdndia, 23,8 milh\u00f5es no Reino Unido, 11,4 milh\u00f5es no Brasil, 6,7 milh\u00f5es na R\u00fassia e 3,1 milh\u00f5es no M\u00e9xico. Entre os 6 pa\u00edses mais impactados pela pandemia, em termos percentuais, a vacina\u00e7\u00e3o est\u00e1 mais avan\u00e7ada no Reino Unido e nos EUA e caminhando a passos de tartaruga nos demais. Mas o atraso da vacina\u00e7\u00e3o \u00e9 mais grave no Brasil, pois, entre os pa\u00edses do topo do ranking, \u00e9 o \u00fanico que apresenta vi\u00e9s de alta de casos e de mortes. Por exemplo, a m\u00e9dia de mortes da \u00cdndia est\u00e1 em torno de 101 \u00f3bitos di\u00e1rios e a do Brasil est\u00e1 em 1.626 \u00f3bitos di\u00e1rios (16 vezes mais mortes di\u00e1rias, embora o Brasil tenha uma popula\u00e7\u00e3o cerca de 7 vezes menor do que a da \u00cdndia).<\/p>\n\n\n\n<div class=\"wp-block-image\"><figure class=\"aligncenter\"><a href=\"https:\/\/projetocolabora.com.br\/wp-content\/uploads\/2021\/12\/diario-703.png?x33110\"><img decoding=\"async\" src=\"https:\/\/projetocolabora.com.br\/wp-content\/uploads\/2021\/12\/diario-703.png?x33110\" alt=\"\" class=\"wp-image-63998\"\/><\/a><\/figure><\/div>\n\n\n\n<p>O Brasil vive o pior momento da pandemia. Al\u00e9m de ser ber\u00e7o da variante P1, o descontrole da transmiss\u00e3o do v\u00edrus e a lentid\u00e3o do processo de vacina\u00e7\u00e3o abrem espa\u00e7o para o surgimento de novas cepas e muta\u00e7\u00f5es do SARS-CoV-2. Em consequ\u00eancia, o pa\u00eds \u00e9 considerado um celeiro de novas variantes e uma amea\u00e7a ao controle da covid-19 em todo o mundo. O Brasil est\u00e1 se tornando um \u201ccovid\u00e1rio\u201d.<\/p>\n\n\n\n<p>Mas em meio \u00e0 dramaticidade da situa\u00e7\u00e3o, no dia 02\/03, o presidente Jair Bolsonaro enviou uma comitiva de dez pessoas, chefiada pelo ministro das Rela\u00e7\u00f5es Exteriores, Ernesto Ara\u00fajo, para Israel em busca de um spray que ele afirmou n\u00e3o saber o que \u00e9, mas que \u201cparece um produto milagroso\u201d. A despeito do desprop\u00f3sito e do alto custo da viagem, o melhor saldo da miss\u00e3o foi que a delega\u00e7\u00e3o brasileira foi obrigada a usar m\u00e1scaras faciais em Israel e o professor Ronni Gamzu, CEO do Centro M\u00e9dico Sourasky, afirmou que drogas antivirais como o spray s\u00e3o importantes, mas nada supera a vacina\u00e7\u00e3o em massa como arma contra a pandemia. Sem muitas alternativas e reconhecendo que a campanha nacional de imuniza\u00e7\u00e3o est\u00e1 \u201cdevagar, quase parando\u201d, o Minist\u00e9rio da Sa\u00fade submeteu uma carta ao embaixador da China em Bras\u00edlia (aquele que foi criticado anteriormente por membros do governo) pedindo que ele interceda junto \u00e0 estatal Sinopharm para liberar 30 milh\u00f5es de doses de seu imunizante. Desta forma, a c\u00fapula do Executivo Federal parece transitar entre o rid\u00edculo e o desespero, no instante em que o pa\u00eds bate tristes recordes sucessivos de casos e mortes da covid-19. Como disse o jornalista Jamil Chade,\u00a0o Brasil oscicla entre ser p\u00e1ria internacional e amea\u00e7a global.<\/p>\n\n\n\n<p><strong>O panorama nacional<\/strong><\/p>\n\n\n\n<p>Segundo o Minist\u00e9rio da Sa\u00fade, o Brasil registrou 79.876 pessoas infectadas e teve o recorde absoluto de assombrosas 2.286 vidas perdidas em 24 horas. Os n\u00fameros acumulados chegaram a 11,2 milh\u00f5es de casos e 270,7 mil mortes, com uma taxa de letalidade de 2,4%, no dia 10 de mar\u00e7o de 2021. O gr\u00e1fico abaixo mostra a distribui\u00e7\u00e3o do n\u00famero di\u00e1rio de casos da covid-19 desde 01\/03\/2020 at\u00e9 10\/03\/2021 e a m\u00e9dia m\u00f3vel de 7 dias. O pico da 1\u00aa onda ocorreu em julho de 2020 com m\u00e9dia de 46 mil casos di\u00e1rios. A segunda onda est\u00e1 em pleno avan\u00e7o e a m\u00e9dia m\u00f3vel do dia 10\/03 ficou em impressionantes 69,1 mil casos em 24 horas. Desta forma, o Brasil assumir\u00e1, no dia 12\/03\/2021, o segundo lugar no ranking global de casos, atr\u00e1s apenas dos EUA.<\/p>\n\n\n\n<div class=\"wp-block-image\"><figure class=\"aligncenter\"><a href=\"https:\/\/projetocolabora.com.br\/wp-content\/uploads\/2021\/12\/diario-704.png?x33110\"><img decoding=\"async\" src=\"https:\/\/projetocolabora.com.br\/wp-content\/uploads\/2021\/12\/diario-704.png?x33110\" alt=\"\" class=\"wp-image-63999\"\/><\/a><\/figure><\/div>\n\n\n\n<p>O gr\u00e1fico abaixo, mostra que o cume do n\u00famero di\u00e1rio de \u00f3bitos da 2\u00aa onda j\u00e1 \u00e9 muito maior do que no pico da 1\u00aa onda. No plat\u00f4 anterior, o Brasil manteve uma m\u00e9dia de 1.001 mortes di\u00e1rias nos 92 dias de junho a agosto de 2020. Nos primeiros 69 dias de 2021 ocorreram 75,7 mil mortes, com m\u00e9dia de 1.097 \u00f3bitos di\u00e1rios. Mas o recorde geral ocorreu no dia 10 de mar\u00e7o com mais de 2 mil mortes em 24 horas e uma m\u00e9dia m\u00f3vel de 7 dias de 1.626 v\u00edtimas fatais. Neste ritmo, o Brasil vai atingir 300 mil mortes at\u00e9 o final de mar\u00e7o e pode alcan\u00e7ar 500 mil mortes acumuladas at\u00e9 o m\u00eas de setembro de 2021.<\/p>\n\n\n\n<div class=\"wp-block-image\"><figure class=\"aligncenter\"><a href=\"https:\/\/projetocolabora.com.br\/wp-content\/uploads\/2021\/12\/diario-705.png?x33110\"><img decoding=\"async\" src=\"https:\/\/projetocolabora.com.br\/wp-content\/uploads\/2021\/12\/diario-705.png?x33110\" alt=\"\" class=\"wp-image-64000\"\/><\/a><\/figure><\/div>\n\n\n\n<p>O gr\u00e1fico abaixo mostra os n\u00fameros di\u00e1rios de casos e de mortes da covid-19 no Brasil entre 29\/03\/2020 e 10\/03\/2021. Nota-se que todas as baixas acontecem nos fins de semana e as eleva\u00e7\u00f5es nos dias \u00fateis, mas as linhas (pontilhadas) do ajuste polinomial de terceiro grau apresentam uma suaviza\u00e7\u00e3o das oscila\u00e7\u00f5es sazonais. As curvas epidemiol\u00f3gicas estavam subindo no primeiro semestre de 2020 e atingiram um pico em junho e julho. Nos meses seguintes houve queda do n\u00famero de casos e de mortes. Em novembro, teve in\u00edcio a 2\u00aa onda e as curvas passaram a apresentar uma tend\u00eancia de alta at\u00e9 o pico mais elevado no dia 10 de mar\u00e7o. As proje\u00e7\u00f5es do ajuste polinomial indicam que os valores di\u00e1rios de casos e mortes devem bater novos recordes ainda mais dram\u00e1ticos at\u00e9 meados de mar\u00e7o de 2021.<\/p>\n\n\n\n<div class=\"wp-block-image\"><figure class=\"aligncenter\"><a href=\"https:\/\/projetocolabora.com.br\/wp-content\/uploads\/2021\/12\/diario-706.png?x33110\"><img decoding=\"async\" src=\"https:\/\/projetocolabora.com.br\/wp-content\/uploads\/2021\/12\/diario-706.png?x33110\" alt=\"\" class=\"wp-image-64001\"\/><\/a><\/figure><\/div>\n\n\n\n<p><strong>O panorama global<\/strong><\/p>\n\n\n\n<p>No dia 10 de mar\u00e7o de 2021, o mundo atingiu 118 milh\u00f5es de pessoas infectadas e 2,6 milh\u00f5es de vidas perdidas pela covid-19, com taxa de letalidade de 2,2%, segundo o site Our World in Data, com base nos dos dados da Universidade Johns Hopkins.<\/p>\n\n\n\n<p>O gr\u00e1fico abaixo, mostra o n\u00famero di\u00e1rio de casos da covid-19 e a m\u00e9dia m\u00f3vel de 7 dias entre 01 de fevereiro de 2020 e 10 de mar\u00e7o de 2021. Nota-se que o crescimento foi cont\u00ednuo durante o ano passado, com uma acelera\u00e7\u00e3o em outubro at\u00e9 o pico de cerca de 650 mil casos em m\u00e9dia no dia 22 de dezembro, uma pequena redu\u00e7\u00e3o no final de dezembro e uma nova subida em janeiro de 2021 com o recorde de cerca de 740 mil casos di\u00e1rios em m\u00e9dia no dia 11 de janeiro. Mas a partir de meados de janeiro a m\u00e9dia m\u00f3vel caiu rapidamente e chegou a 360 mil casos no dia 20\/02. Pela primeira vez a m\u00e9dia global de casos foi reduzida quase pela metade. Nas \u00faltimas semanas a m\u00e9dia de casos globais subiu ligeiramente e o aumento dos casos no Brasil contribuiu para interromper a queda mundial.<\/p>\n\n\n\n<div class=\"wp-block-image\"><figure class=\"aligncenter\"><a href=\"https:\/\/projetocolabora.com.br\/wp-content\/uploads\/2021\/12\/diario-707.png?x33110\"><img decoding=\"async\" src=\"https:\/\/projetocolabora.com.br\/wp-content\/uploads\/2021\/12\/diario-707.png?x33110\" alt=\"\" class=\"wp-image-64002\"\/><\/a><\/figure><\/div>\n\n\n\n<p>O gr\u00e1fico abaixo, mostra o n\u00famero di\u00e1rio de \u00f3bitos da covid-19 e a m\u00e9dia m\u00f3vel de 7 dias entre 01 de fevereiro de 2020 e 10 de mar\u00e7o de 2021. Nota-se que a m\u00e9dia m\u00f3vel apresentou um pico de cerca de 7 mil \u00f3bitos di\u00e1rios no dia 15\/04, uma queda nos meses seguintes at\u00e9 o valor perto de 5 mil \u00f3bitos em 15\/10 e uma nova subida at\u00e9 o pico de quase 12 mil \u00f3bitos di\u00e1rios na v\u00e9spera do Natal. Os valores ca\u00edram no final de dezembro e voltaram a subir em janeiro, quando marcou um novo pico no dia 26\/01 com uma m\u00e9dia de cerca de 14,3 mil \u00f3bitos di\u00e1rios. Em fevereiro os n\u00fameros ca\u00edram e atingiram uma m\u00e9dia de pouco menos de 10 mil \u00f3bitos di\u00e1rios. Em mar\u00e7o a m\u00e9dia m\u00f3vel continuou caindo e est\u00e1 um pouco acima de 8 mil \u00f3bitos di\u00e1rios no dia 10\/03.<\/p>\n\n\n\n<div class=\"wp-block-image\"><figure class=\"aligncenter\"><a href=\"https:\/\/projetocolabora.com.br\/wp-content\/uploads\/2021\/12\/diario-708.png?x33110\"><img decoding=\"async\" src=\"https:\/\/projetocolabora.com.br\/wp-content\/uploads\/2021\/12\/diario-708.png?x33110\" alt=\"\" class=\"wp-image-64003\"\/><\/a><\/figure><\/div>\n\n\n\n<p>O gr\u00e1fico abaixo mostra os n\u00fameros di\u00e1rios de casos e de mortes da covid-19 no mundo entre 01\/04\/2020 e 10\/03\/2021. Nota-se que tamb\u00e9m neste n\u00edvel as baixas acontecem nos fins de semana e as eleva\u00e7\u00f5es nos dias \u00fateis, mas as linhas (pontilhadas) do ajuste polinomial de terceiro grau apresentam uma suaviza\u00e7\u00e3o das oscila\u00e7\u00f5es sazonais. A curva epidemiol\u00f3gica de casos subiu continuamente \u2013 mesmo que em ritmos diferenciados \u2013 durante todo o ano de 2020 e atingiu o pico em meados de janeiro de 2021. Mas desde ent\u00e3o os n\u00fameros est\u00e3o caindo. J\u00e1 a curva epidemiol\u00f3gica de mortes apresentou um pico em abril de 2020, caiu nos meses seguintes e voltou a subir a partir de outubro com o pico da 2\u00aa onda no final de janeiro de 2021. Mas em fevereiro e mar\u00e7o os n\u00fameros globais de \u00f3bitos est\u00e3o em queda. As proje\u00e7\u00f5es do ajuste polinomial indicam que os valores di\u00e1rios de casos e mortes, ao contr\u00e1rio do Brasil, apresentam tend\u00eancia de diminui\u00e7\u00e3o no restante do m\u00eas de mar\u00e7o.<\/p>\n\n\n\n<div class=\"wp-block-image\"><figure class=\"aligncenter\"><a href=\"https:\/\/projetocolabora.com.br\/wp-content\/uploads\/2021\/12\/diario-709.png?x33110\"><img decoding=\"async\" src=\"https:\/\/projetocolabora.com.br\/wp-content\/uploads\/2021\/12\/diario-709.png?x33110\" alt=\"\" class=\"wp-image-64004\"\/><\/a><\/figure><\/div>\n\n\n\n<p><strong>O impacto da covid-19 sobre a pobreza na Am\u00e9rica Latina<\/strong><\/p>\n\n\n\n<p>A pobreza vinha caindo no mundo entre 1990 e 2015, mas interrompeu a queda no \u00faltimo quinqu\u00eanio. Em 2015, a Organiza\u00e7\u00e3o das Na\u00e7\u00f5es Unidas (ONU) aprovou os 17 pontos dos Objetivos do Desenvolvimento Sustent\u00e1vel (ODS). O objetivo n\u00famero 1, visa a Erradica\u00e7\u00e3o da Pobreza, estabelecendo: \u201cAcabar com a pobreza em todas as suas formas, em todos os lugares at\u00e9 2030\u201d.<\/p>\n\n\n\n<p>A Am\u00e9rica Latina e Caribe (ALC) tamb\u00e9m estava vencendo a pobreza, como mostra o gr\u00e1fico abaixo, publicado em mar\u00e7o de 2021, no relat\u00f3rio \u201cPanorama Social de Am\u00e9rica Latina 2020\u201d, pela Comiss\u00e3o Econ\u00f4mica para a Am\u00e9rica Latina e o Caribe (CEPAL). Nota-se que 51,2% da popula\u00e7\u00e3o da regi\u00e3o estava em situa\u00e7\u00e3o de pobreza em 1990 e caiu para o m\u00ednimo de 28,6% em 2013, por\u00e9m, voltou a subir ligeiramente nos anos seguintes e deu um pulo para 33,7% em 2020 em fun\u00e7\u00e3o da pandemia da covid-19. A pobreza extrema estava em 15,5% em 1990 e caiu para 7,8% em 2014, mas tamb\u00e9m voltou a crescer nos anos seguintes e chegou a 12,5% em 2020.<\/p>\n\n\n\n<p>O painel B do gr\u00e1fico mostra os n\u00fameros absolutos e indica que o n\u00famero de latino-americanos em situa\u00e7\u00e3o de pobreza passou de 212 milh\u00f5es de pessoas em 1990, para 229 milh\u00f5es em 2002, caiu para o m\u00ednimo de 164 milh\u00f5es de pessoas em 2012 e voltou a subir para 209 milh\u00f5es em 2020. O n\u00famero de latino-americanos em situa\u00e7\u00e3o de extrema pobreza estava na casa de 60 milh\u00f5es de pessoas entre 1990 a 2002 caiu para cerca de 45 milh\u00f5es entre 2006 e 2014, mas voltou a subir para 78 milh\u00f5es em 2020.<\/p>\n\n\n\n<div class=\"wp-block-image\"><figure class=\"aligncenter\"><a href=\"https:\/\/projetocolabora.com.br\/wp-content\/uploads\/2021\/12\/diario-710.png?x33110\"><img decoding=\"async\" src=\"https:\/\/projetocolabora.com.br\/wp-content\/uploads\/2021\/12\/diario-710.png?x33110\" alt=\"\" class=\"wp-image-64005\"\/><\/a><\/figure><\/div>\n\n\n\n<p>O impacto da pandemia \u00e9 evidente, pois a pobreza e a extrema pobreza em 2020 passaram a ser maiores do que em 2010. Ou seja, a ALC teve uma d\u00e9cada perdida na redu\u00e7\u00e3o do n\u00famero de pobres e dificilmente a regi\u00e3o conseguir\u00e1 eliminar a pobreza extrema at\u00e9 2030, como estabelecido no objetivo 1 dos ODS. As medidas de aux\u00edlio emergencial s\u00e3o importantes no momento para aliviar os efeitos da recess\u00e3o, mas, em geral, s\u00e3o medidas paliativas e somente o\u00a0Pleno Emprego e o Trabalho Decente\u00a0poder\u00e3o colocar o pa\u00eds na trajet\u00f3ria do progresso e do bem-estar (Alves, 19\/02\/2021)<\/p>\n\n\n\n<p>A situa\u00e7\u00e3o do Brasil \u00e9 especialmente dram\u00e1tica, pois teve\u00a0a pior d\u00e9cada perdida da sua hist\u00f3ria, entre 2011-20, tanto em termos econ\u00f4micos, como em termos sociais na mitiga\u00e7\u00e3o da pobreza e da fome. A pandemia da covid-19 agravou a situa\u00e7\u00e3o. Se o Brasil sofreu muito no ano passado, tudo indica que vai ter um quadro ainda mais dram\u00e1tico no corrente ano, pois tendo atingido 7,7 milh\u00f5es de casos e 195 mil mortes no dia 31 de dezembro de 2020, pode alcan\u00e7ar montantes de 2 a 3 vezes maiores at\u00e9 31 de dezembro de 2021. N\u00e3o precisava ser assim. Mas erros reiterados desaguaram na maior m\u00e9dia m\u00f3vel mundial de casos e de mortes ocorrida no dia em que o mundo marcou um ano da pandemia. Os n\u00fameros da doen\u00e7a em mar\u00e7o, se n\u00e3o forem rapidamente revertidos, configuram um p\u00e9ssimo press\u00e1gio para o restante do ano de 2021 no Brasil.<\/p>\n\n\n\n<p>Projeto Colabora<br><\/p>\n","protected":false},"excerpt":{"rendered":"<p>No ritmo atual, pa\u00eds chegar\u00e1 a 300 mil mortes at\u00e9 o final de mar\u00e7o e pode alcan\u00e7ar a triste marca de meio milh\u00e3o de \u00f3bitos em setembro As primeiras infec\u00e7\u00f5es do novo coronav\u00edrus foram identificadas no final de 2019, mas somente no dia 11 de mar\u00e7o de 2020 a Organiza\u00e7\u00e3o Mundial de Sa\u00fade (OMS) declarou [&hellip;]<\/p>\n","protected":false},"author":2,"featured_media":31304,"comment_status":"open","ping_status":"open","sticky":false,"template":"","format":"standard","meta":{"advanced_seo_description":"","jetpack_seo_html_title":"","jetpack_seo_noindex":false,"_jetpack_memberships_contains_paid_content":false,"footnotes":""},"categories":[40],"tags":[],"class_list":{"0":"post-31303","1":"post","2":"type-post","3":"status-publish","4":"format-standard","5":"has-post-thumbnail","7":"category-destaques"},"jetpack_featured_media_url":"https:\/\/www.paranapraia.com.br\/wp-content\/uploads\/2021\/03\/diario-711.jpg","jetpack_sharing_enabled":true,"_links":{"self":[{"href":"https:\/\/www.paranapraia.com.br\/index.php\/wp-json\/wp\/v2\/posts\/31303"}],"collection":[{"href":"https:\/\/www.paranapraia.com.br\/index.php\/wp-json\/wp\/v2\/posts"}],"about":[{"href":"https:\/\/www.paranapraia.com.br\/index.php\/wp-json\/wp\/v2\/types\/post"}],"author":[{"embeddable":true,"href":"https:\/\/www.paranapraia.com.br\/index.php\/wp-json\/wp\/v2\/users\/2"}],"replies":[{"embeddable":true,"href":"https:\/\/www.paranapraia.com.br\/index.php\/wp-json\/wp\/v2\/comments?post=31303"}],"version-history":[{"count":1,"href":"https:\/\/www.paranapraia.com.br\/index.php\/wp-json\/wp\/v2\/posts\/31303\/revisions"}],"predecessor-version":[{"id":31305,"href":"https:\/\/www.paranapraia.com.br\/index.php\/wp-json\/wp\/v2\/posts\/31303\/revisions\/31305"}],"wp:featuredmedia":[{"embeddable":true,"href":"https:\/\/www.paranapraia.com.br\/index.php\/wp-json\/wp\/v2\/media\/31304"}],"wp:attachment":[{"href":"https:\/\/www.paranapraia.com.br\/index.php\/wp-json\/wp\/v2\/media?parent=31303"}],"wp:term":[{"taxonomy":"category","embeddable":true,"href":"https:\/\/www.paranapraia.com.br\/index.php\/wp-json\/wp\/v2\/categories?post=31303"},{"taxonomy":"post_tag","embeddable":true,"href":"https:\/\/www.paranapraia.com.br\/index.php\/wp-json\/wp\/v2\/tags?post=31303"}],"curies":[{"name":"wp","href":"https:\/\/api.w.org\/{rel}","templated":true}]}}