{"id":31282,"date":"2021-03-12T08:59:57","date_gmt":"2021-03-12T11:59:57","guid":{"rendered":"https:\/\/www.paranapraia.com.br\/?p=31282"},"modified":"2021-03-12T08:59:58","modified_gmt":"2021-03-12T11:59:58","slug":"motociclista-fica-gravemente-ferido-apos-bater-em-colheitadeira-em-santa-helena","status":"publish","type":"post","link":"https:\/\/www.paranapraia.com.br\/index.php\/2021\/03\/12\/motociclista-fica-gravemente-ferido-apos-bater-em-colheitadeira-em-santa-helena\/","title":{"rendered":"Motociclista fica gravemente ferido ap\u00f3s bater em colheitadeira, em Santa Helena"},"content":{"rendered":"\n<p>Um motociclista ficou gravemente ferido ap\u00f3s bater em uma colheitadeira em Santa Helena, no oeste do Paran\u00e1, na quinta-feira (11).<\/p>\n\n\n\n<p>Segundo a Pol\u00edcia Rodovi\u00e1ria Estadual (PRE), a batida aconteceu na PR-488, no distrito de Esquina C\u00e9u Azul.<\/p>\n\n\n\n<p>A motocicleta seguia de Missal, tamb\u00e9m no oeste do estado, a Santa Helena quando bateu na m\u00e1quina agr\u00edcola em um cruzamento.<\/p>\n\n\n\n<p>De acordo com a PRE, o motociclista teve as pernas dilaceradas na batida e foi conduzido ao hospital.<\/p>\n\n\n\n<p>O condutor da m\u00e1quina agr\u00edcola n\u00e3o ficou ferido.<\/p>\n\n\n\n<figure class=\"wp-block-image\"><img decoding=\"async\" src=\"https:\/\/s2.glbimg.com\/HoJt13qjoKhgPUjkP0vI0MnfESs=\/0x0:780x499\/984x0\/smart\/filters:strip_icc()\/i.s3.glbimg.com\/v1\/AUTH_59edd422c0c84a879bd37670ae4f538a\/internal_photos\/bs\/2021\/a\/N\/8BVCK1QqA1eIJtBKEQPA\/whatsapp-image-2021-03-12-at-07.27.09.jpeg\" alt=\"Homem foi socorrido pelo Samu e levado ao hospital \u2014 Foto: Divulga\u00e7\u00e3o\/PRE\"\/><\/figure>\n\n\n\n<p>Homem foi socorrido pelo Samu e levado ao hospital \u2014 Foto: Divulga\u00e7\u00e3o\/PRE<\/p>\n\n\n\n<p>G1PR<br><\/p>\n","protected":false},"excerpt":{"rendered":"<p>Um motociclista ficou gravemente ferido ap\u00f3s bater em uma colheitadeira em Santa Helena, no oeste do Paran\u00e1, na quinta-feira (11). Segundo a Pol\u00edcia Rodovi\u00e1ria Estadual (PRE), a batida aconteceu na PR-488, no distrito de Esquina C\u00e9u Azul. A motocicleta seguia de Missal, tamb\u00e9m no oeste do estado, a Santa Helena quando bateu na m\u00e1quina agr\u00edcola [&hellip;]<\/p>\n","protected":false},"author":2,"featured_media":31283,"comment_status":"open","ping_status":"open","sticky":false,"template":"","format":"standard","meta":{"advanced_seo_description":"","jetpack_seo_html_title":"","jetpack_seo_noindex":false,"_jetpack_memberships_contains_paid_content":false,"footnotes":""},"categories":[40],"tags":[],"class_list":{"0":"post-31282","1":"post","2":"type-post","3":"status-publish","4":"format-standard","5":"has-post-thumbnail","7":"category-destaques"},"jetpack_featured_media_url":"https:\/\/www.paranapraia.com.br\/wp-content\/uploads\/2021\/03\/whatsapp-image-2021-03-12-at-07.27.10.jpeg","jetpack_sharing_enabled":true,"_links":{"self":[{"href":"https:\/\/www.paranapraia.com.br\/index.php\/wp-json\/wp\/v2\/posts\/31282"}],"collection":[{"href":"https:\/\/www.paranapraia.com.br\/index.php\/wp-json\/wp\/v2\/posts"}],"about":[{"href":"https:\/\/www.paranapraia.com.br\/index.php\/wp-json\/wp\/v2\/types\/post"}],"author":[{"embeddable":true,"href":"https:\/\/www.paranapraia.com.br\/index.php\/wp-json\/wp\/v2\/users\/2"}],"replies":[{"embeddable":true,"href":"https:\/\/www.paranapraia.com.br\/index.php\/wp-json\/wp\/v2\/comments?post=31282"}],"version-history":[{"count":1,"href":"https:\/\/www.paranapraia.com.br\/index.php\/wp-json\/wp\/v2\/posts\/31282\/revisions"}],"predecessor-version":[{"id":31284,"href":"https:\/\/www.paranapraia.com.br\/index.php\/wp-json\/wp\/v2\/posts\/31282\/revisions\/31284"}],"wp:featuredmedia":[{"embeddable":true,"href":"https:\/\/www.paranapraia.com.br\/index.php\/wp-json\/wp\/v2\/media\/31283"}],"wp:attachment":[{"href":"https:\/\/www.paranapraia.com.br\/index.php\/wp-json\/wp\/v2\/media?parent=31282"}],"wp:term":[{"taxonomy":"category","embeddable":true,"href":"https:\/\/www.paranapraia.com.br\/index.php\/wp-json\/wp\/v2\/categories?post=31282"},{"taxonomy":"post_tag","embeddable":true,"href":"https:\/\/www.paranapraia.com.br\/index.php\/wp-json\/wp\/v2\/tags?post=31282"}],"curies":[{"name":"wp","href":"https:\/\/api.w.org\/{rel}","templated":true}]}}