{"id":31032,"date":"2021-03-05T09:41:03","date_gmt":"2021-03-05T12:41:03","guid":{"rendered":"https:\/\/www.paranapraia.com.br\/?p=31032"},"modified":"2021-03-05T09:41:04","modified_gmt":"2021-03-05T12:41:04","slug":"maconha-medicinal-criancas-com-doencas-raras-podem-perder-remedio-apos-acao-da-anvisa-minha-filha-voltou-a-vida-com-cannabis","status":"publish","type":"post","link":"https:\/\/www.paranapraia.com.br\/index.php\/2021\/03\/05\/maconha-medicinal-criancas-com-doencas-raras-podem-perder-remedio-apos-acao-da-anvisa-minha-filha-voltou-a-vida-com-cannabis\/","title":{"rendered":"Maconha medicinal | Crian\u00e7as com doen\u00e7as raras podem perder rem\u00e9dio ap\u00f3s a\u00e7\u00e3o da Anvisa: \u2018Minha filha voltou \u00e0 vida com cannabis&#8217;"},"content":{"rendered":"\n<p><strong>Milhares de m\u00e3es e pais de pacientes que dependem de tratamento m\u00e9dico com cannabis sativa, a popular maconha, est\u00e3o apreensivos com a possibilidade de perder acesso ao medicamento nas pr\u00f3ximas semanas.<\/strong><\/p>\n\n\n\n<p>Na \u00faltima sexta-feira (26\/02), a Justi\u00e7a Federal atendeu a um pedido da Ag\u00eancia Nacional de Vigil\u00e2ncia Sanit\u00e1ria (Anvisa) e suspendeu uma senten\u00e7a que autorizava o cultivo da planta pela Abrace Esperan\u00e7a, uma associa\u00e7\u00e3o de pacientes da Para\u00edba.<\/p>\n\n\n\n<p>De acordo com a Anvisa, a associa\u00e7\u00e3o estava produzindo \u00f3leo de cannabis &#8220;em escala industrial&#8221;, sem tomar &#8220;medidas para evitar propaga\u00e7\u00e3o indevida da maconha.&#8221; A associa\u00e7\u00e3o nega e diz que obedece a todas as regras de produ\u00e7\u00e3o.<\/p>\n\n\n\n<p>&#8220;Estou desesperada. \u00c9 como se dissessem para mim: &#8216;C\u00edntia, seu filho vai voltar a ser como antes, seu filho n\u00e3o tem direito a melhorar, voc\u00ea vai perd\u00ea-lo&#8221;, diz a professora C\u00edntia Duarte, de 45 anos, m\u00e3e de Bernardo, 9, que nasceu com paralisia cerebral e usa o \u00f3leo de cannabis desde 2015.<\/p>\n\n\n\n<p>Segundo C\u00edntia, antes do medicamento, o menino tinha por volta de 100 convuls\u00f5es di\u00e1rias e passava semanas internado em hospitais. Hoje, as crises s\u00e3o raras, e ele apresentou melhoras cognitivas, motoras e de aprendizagem.<\/p>\n\n\n\n<p>&#8220;Agora ele tem uma vida, nossa fam\u00edlia tem uma vida. Antes a gente n\u00e3o podia sair de casa, porque Bernardo convulsionava o tempo todo. Ele n\u00e3o pode ficar sem o \u00f3leo de jeito nenhum, nem que eu tenha que entrar na Justi\u00e7a para plantar cannabis no quintal&#8221;, diz C\u00edntia, que mensalmente recebe o medicamento do filho em Barbacena (MG), onde a fam\u00edlia vive.<\/p>\n\n\n\n<figure class=\"wp-block-image\"><img decoding=\"async\" src=\"https:\/\/ichef.bbci.co.uk\/news\/640\/cpsprodpb\/46A4\/production\/_117348081_bernardo2.jpg\" alt=\"C\u00edntia Duarte e seu filho Bernardo\"\/><figcaption>Legenda da foto,C\u00edntia Duarte diz que a sa\u00fade de seu filho Bernardo melhorou depois do \u00f3leo de cannabis<\/figcaption><\/figure>\n\n\n\n<h2 class=\"wp-block-heading\" id=\"Normas-e-produ\u00e7\u00e3o\">Normas e produ\u00e7\u00e3o<\/h2>\n\n\n\n<p>A decis\u00e3o da Justi\u00e7a, assinada pelo desembargador federal Cid Marconi, acatou ao pedido feito pela Anvisa. No pr\u00f3ximo dia 11, uma turma de desembargadores do Tribunal Regional Federal da 5\u00aa Regi\u00e3o vai julgar o m\u00e9rito da a\u00e7\u00e3o.<\/p>\n\n\n\n<p>Al\u00e9m de criticar o volume de produ\u00e7\u00e3o, a Anvisa aponta que a ONG n\u00e3o cumpria normas t\u00e9cnicas que foram editadas depois que a Abrace obteve autoriza\u00e7\u00e3o para o cultivo de cannabis, em 2017.<\/p>\n\n\n\n<p>&#8220;A Abrace n\u00e3o est\u00e1 cumprindo essas determina\u00e7\u00f5es, o que obrigou a Anvisa, ap\u00f3s infrut\u00edferas tentativas de sanar os problemas, a informar a situa\u00e7\u00e3o ao tribunal a fim de evitar um risco sanit\u00e1rio que possa agravar a sa\u00fade dos pacientes&#8221;, afirmou a ag\u00eancia, em nota \u00e0 BBC News Brasil.<\/p>\n\n\n\n<p>&#8220;A Anvisa age sempre com foco no compromisso de proteger e promover a sa\u00fade da popula\u00e7\u00e3o mediante a interven\u00e7\u00e3o, quando necess\u00e1ria, nos riscos decorrentes da produ\u00e7\u00e3o e do uso de produtos e servi\u00e7os sujeitos \u00e0 vigil\u00e2ncia sanit\u00e1ria&#8221;, completou a ag\u00eancia.<\/p>\n\n\n\n<p>A associa\u00e7\u00e3o nega os apontamentos da Anvisa, diz que produz o \u00f3leo apenas para seus associados, conforme previsto pela Justi\u00e7a, e que cumpria todas as regras estabelecidas pela senten\u00e7a anterior.<\/p>\n\n\n\n<p>Durante o processo, o Minist\u00e9rio P\u00fablico Federal (MPF) se manifestou de maneira favor\u00e1vel ao cultivo de maconha pela entidade.<\/p>\n\n\n\n<figure class=\"wp-block-image\"><img decoding=\"async\" src=\"https:\/\/ichef.bbci.co.uk\/news\/640\/cpsprodpb\/7998\/production\/_107982113_maconha.jpg\" alt=\"Folha de maconha\"\/><\/figure>\n\n\n\n<p>&#8220;Foi uma decis\u00e3o impensada quando se leva em conta que do outro lado existem vidas em jogo&#8221; diz Cassiano Teixeira, diretor da associa\u00e7\u00e3o. &#8220;S\u00e3o milhares pessoas que dependem do medicamento para viver. Imagina voc\u00ea ter uma doen\u00e7a grave e descobrir, de uma hora para outra, que seu rem\u00e9dio n\u00e3o vai ser mais fabricado. Se os pacientes come\u00e7arem a morrer, quem ser\u00e1 responsabilizado?&#8221;<\/p>\n\n\n\n<p>Legalmente, agora a Abrace s\u00f3 pode produzir \u00f3leo para 151 pacientes, n\u00famero inicial de associados no come\u00e7o do processo.<\/p>\n\n\n\n<p>Por\u00e9m, hoje a associa\u00e7\u00e3o atende a 14.400 pessoas em todo o Brasil, mensalmente. Os associados pagam por volta de R$ 200 para ter acesso ao \u00f3leo medicinal, entregue em casa. Em sua maioria, o medicamento \u00e9 usado por pessoas com epilepsia grave, autismo, Alzheimer e Parkinson.<\/p>\n\n\n\n<h2 class=\"wp-block-heading\" id=\"Minha-filha-voltou-\u00e0-vida\">&#8216;Minha filha voltou \u00e0 vida&#8217;<\/h2>\n\n\n\n<p>A Abrace foi a primeira associa\u00e7\u00e3o de pacientes a conseguir autoriza\u00e7\u00e3o para cultivar maconha para tratamento m\u00e9dico no Brasil \u2014 existem v\u00e1rias outras do tipo, mas a maioria ainda batalha na Justi\u00e7a para ter direito ao plantio.<\/p>\n\n\n\n<p>Por ser a primeira e, por muito tempo, a \u00fanica associa\u00e7\u00e3o a produzir o \u00f3leo legalmente, a ONG paraibana acabou se transformando em destino principal para pais e m\u00e3es que n\u00e3o conseguiam tratar seus filhos com a medica\u00e7\u00e3o tradicional receitada pelos m\u00e9dicos.<\/p>\n\n\n\n<p>Uma delas \u00e9 a paulistana Gabrielly Queiroz, de 12 anos, que nasceu com mucopolissacaridose, a chamada S\u00edndrome de Sanfilippo, uma doen\u00e7a rara e degenerativa.<\/p>\n\n\n\n<figure class=\"wp-block-image\"><img decoding=\"async\" src=\"https:\/\/ichef.bbci.co.uk\/news\/640\/cpsprodpb\/94C4\/production\/_117348083_gabrielly2.jpg\" alt=\"L\u00edvia e Gabrielly Queiroz abra\u00e7adas\"\/><figcaption>Legenda da foto,&#8217;Tentamos todos os rem\u00e9dios poss\u00edveis&#8217;, diz L\u00edvia Queiroz sobre a sa\u00fade de Gabrielly, sua filha<\/figcaption><\/figure>\n\n\n\n<p>&#8220;Tentamos todos os rem\u00e9dios poss\u00edveis, mas nada funcionava. Minha filha ficava olhando pro teto, babando, convulsionando sem parar. Ela ficou 58 dias internada no hospital, foi amarrada na cama, se alimentando por sonda, tomando nove rem\u00e9dios por dia&#8221;, conta a dona de casa L\u00edvia Borges de Queiroz, 45.<\/p>\n\n\n\n<p>Gabrielly come\u00e7ou a usar o \u00f3leo de cannabis produzido pela Abrace em 2019. Inicialmente, os m\u00e9dicos eram contra e pediram para L\u00edvia n\u00e3o dar o rem\u00e9dio \u00e0 filha dentro do hospital, uma institui\u00e7\u00e3o cat\u00f3lica de Campinas.<\/p>\n\n\n\n<p>Por\u00e9m, algumas gotinhas di\u00e1rias melhoraram a condi\u00e7\u00e3o de Gabrielly rapidamente, conta L\u00edvia. &#8220;Algumas semanas depois ela voltou a andar, a se alimentar melhor e ganhou peso. Um dos m\u00e9dicos dela, depois desse sucesso, tamb\u00e9m passou a receitar cannabis. Disseram que a Gabrielly iria morrer com oito anos, mas j\u00e1 est\u00e1 com 12. Minha filha voltou \u00e0 vida&#8221;, diz.<\/p>\n\n\n\n<p>Caso parecido ocorreu com Augusto, de 5 anos, que tem autismo e leucomal\u00e1cia periventricular \u2014 uma esp\u00e9cie de les\u00e3o cerebral. Ele come\u00e7ou a usar o \u00f3leo de cannabis em outubro do ano passado e j\u00e1 apresentou melhoras.<\/p>\n\n\n\n<p>&#8220;A melhora motora e de aprendizagem foi significativa depois da cannabis&#8221;, conta o pai do garoto, o empres\u00e1rio Alain Rodrigo Wruck, 33, da cidade de Mafra, em Santa Catarina.<\/p>\n\n\n\n<figure class=\"wp-block-image\"><img decoding=\"async\" src=\"https:\/\/ichef.bbci.co.uk\/news\/640\/cpsprodpb\/E2E4\/production\/_117348085_augusto2.jpg\" alt=\"Fam\u00edlia do garoto Augusto\"\/><figcaption>Legenda da foto,O empres\u00e1rio Alain Rodrigo Wruck conta que seu filho Augusto teve melhoras depois que come\u00e7ou a usar o \u00f3leo de cannabis<\/figcaption><\/figure>\n\n\n\n<p>&#8220;Hoje, o Augusto consegue se comunicar muito melhor, consegue demonstrar o que est\u00e1 sentindo, ou algo que ele deseja. Meses atr\u00e1s, houve uma paralisa\u00e7\u00e3o dos Correios e ficamos sem receber o \u00f3leo por um m\u00eas. Sem \u00f3leo, percebemos que houve uma piora no quadro dele&#8221;, diz.<\/p>\n\n\n\n<h2 class=\"wp-block-heading\" id=\"Produto-caro\">Produto caro<\/h2>\n\n\n\n<p>No \u00faltimos anos, diversos estudos cient\u00edficos apontaram que subst\u00e2ncias extra\u00eddas da cannabis, como o canabidiol (CBD) e o tetra-hidrocanabidiol (THC), seu princ\u00edpio psicoativo, podem ser usados para fins medicinais, em terapias para pacientes com epilepsia, c\u00e2ncer e outras enfermidades graves.<\/p>\n\n\n\n<p>Em sua maioria, pacientes com prescri\u00e7\u00e3o de cannabis utilizam um \u00f3leo que cont\u00e9m quantidades variadas de THC e de CBD \u2014 extra\u00eddo por meio de um processo de evapora\u00e7\u00e3o com etanol. O \u00f3leo normalmente \u00e9 administrado em gotas sob a l\u00edngua \u2014 a quantidade varia para cada pessoa. Os pre\u00e7os variam de R$ 100 a at\u00e9 mais de R$ 1 mil.<\/p>\n\n\n\n<p>Em 2014, a Anvisa passou a autorizar a importa\u00e7\u00e3o de rem\u00e9dios de CBD, mas trazer o produto custa caro, tornando a medica\u00e7\u00e3o invi\u00e1vel para fam\u00edlias pobres.<\/p>\n\n\n\n<p>J\u00e1 em dezembro de 2019, a entidade regulamentou a pesquisa, produ\u00e7\u00e3o e venda de rem\u00e9dios no pa\u00eds por parte da ind\u00fastria farmac\u00eautica, mas as plantas ainda precisam ser trazidas do exterior. O principal medicamento com permiss\u00e3o para venda em farm\u00e1cias \u2014 e que tem CBD isolado \u2014 custa cerca de R$ 2 mil.<\/p>\n\n\n\n<p>O presidente Jair Bolsonaro (sem partido) j\u00e1 afirmou ser a favor do uso medicinal da cannabis, embora seja contra o cultivo da planta no pa\u00eds. &#8220;Comigo n\u00e3o tem libera\u00e7\u00e3o de droga nem plantio&#8221;, afirmou, em setembro do ano passado.<\/p>\n\n\n\n<p>O alto custo e a dificuldade de acesso ao \u00f3leo e outros medicamentos feitos com cannabis fazem com que algumas pessoas recorram ao tr\u00e1fico de drogas e ao cultivo dom\u00e9stico ilegal, como mostrou a BBC News Brasil em\u00a0reportagem de julho de 2019. Plantar maconha em casa \u00e9 crime no Brasil.<\/p>\n\n\n\n<p>Por outro lado, nos \u00faltimos anos, a pr\u00f3pria Justi\u00e7a tem autorizado o plantio individual para tratamento m\u00e9dico por meio de&nbsp;<em>habeas corpus<\/em>&nbsp;preventivos.<\/p>\n\n\n\n<p>Assim,\u00a0centenas de pessoas\u00a0com depress\u00e3o, ansiedade, dores cr\u00f4nicas e outras enfermidades j\u00e1 podem cultivar a erva dentro de casa.<\/p>\n\n\n\n<p>BBC Brasil<br><\/p>\n","protected":false},"excerpt":{"rendered":"<p>Milhares de m\u00e3es e pais de pacientes que dependem de tratamento m\u00e9dico com cannabis sativa, a popular maconha, est\u00e3o apreensivos com a possibilidade de perder acesso ao medicamento nas pr\u00f3ximas semanas. Na \u00faltima sexta-feira (26\/02), a Justi\u00e7a Federal atendeu a um pedido da Ag\u00eancia Nacional de Vigil\u00e2ncia Sanit\u00e1ria (Anvisa) e suspendeu uma senten\u00e7a que autorizava [&hellip;]<\/p>\n","protected":false},"author":2,"featured_media":31033,"comment_status":"open","ping_status":"open","sticky":false,"template":"","format":"standard","meta":{"advanced_seo_description":"","jetpack_seo_html_title":"","jetpack_seo_noindex":false,"_jetpack_memberships_contains_paid_content":false,"footnotes":""},"categories":[50],"tags":[],"class_list":{"0":"post-31032","1":"post","2":"type-post","3":"status-publish","4":"format-standard","5":"has-post-thumbnail","7":"category-saude"},"jetpack_featured_media_url":"https:\/\/www.paranapraia.com.br\/wp-content\/uploads\/2021\/03\/109994656_gettyimages-1174218555.jpg","jetpack_sharing_enabled":true,"_links":{"self":[{"href":"https:\/\/www.paranapraia.com.br\/index.php\/wp-json\/wp\/v2\/posts\/31032"}],"collection":[{"href":"https:\/\/www.paranapraia.com.br\/index.php\/wp-json\/wp\/v2\/posts"}],"about":[{"href":"https:\/\/www.paranapraia.com.br\/index.php\/wp-json\/wp\/v2\/types\/post"}],"author":[{"embeddable":true,"href":"https:\/\/www.paranapraia.com.br\/index.php\/wp-json\/wp\/v2\/users\/2"}],"replies":[{"embeddable":true,"href":"https:\/\/www.paranapraia.com.br\/index.php\/wp-json\/wp\/v2\/comments?post=31032"}],"version-history":[{"count":1,"href":"https:\/\/www.paranapraia.com.br\/index.php\/wp-json\/wp\/v2\/posts\/31032\/revisions"}],"predecessor-version":[{"id":31034,"href":"https:\/\/www.paranapraia.com.br\/index.php\/wp-json\/wp\/v2\/posts\/31032\/revisions\/31034"}],"wp:featuredmedia":[{"embeddable":true,"href":"https:\/\/www.paranapraia.com.br\/index.php\/wp-json\/wp\/v2\/media\/31033"}],"wp:attachment":[{"href":"https:\/\/www.paranapraia.com.br\/index.php\/wp-json\/wp\/v2\/media?parent=31032"}],"wp:term":[{"taxonomy":"category","embeddable":true,"href":"https:\/\/www.paranapraia.com.br\/index.php\/wp-json\/wp\/v2\/categories?post=31032"},{"taxonomy":"post_tag","embeddable":true,"href":"https:\/\/www.paranapraia.com.br\/index.php\/wp-json\/wp\/v2\/tags?post=31032"}],"curies":[{"name":"wp","href":"https:\/\/api.w.org\/{rel}","templated":true}]}}