{"id":30944,"date":"2021-03-04T13:43:13","date_gmt":"2021-03-04T16:43:13","guid":{"rendered":"https:\/\/www.paranapraia.com.br\/?p=30944"},"modified":"2021-03-04T13:43:14","modified_gmt":"2021-03-04T16:43:14","slug":"mais-de-3-mil-estabelecimentos-comerciais-foram-fiscalizados-desde-sabado-no-parana","status":"publish","type":"post","link":"https:\/\/www.paranapraia.com.br\/index.php\/2021\/03\/04\/mais-de-3-mil-estabelecimentos-comerciais-foram-fiscalizados-desde-sabado-no-parana\/","title":{"rendered":"Mais de 3 mil estabelecimentos comerciais foram fiscalizados desde s\u00e1bado no Paran\u00e1"},"content":{"rendered":"\n<p>As for\u00e7as policiais do Paran\u00e1 e as prefeituras fiscalizaram 3.160 estabelecimentos comerciais desde o in\u00edcio da vig\u00eancia do Decreto 6.983\/2021, publicado na sexta-feira (26) pelo Governo do Estado. Em cinco dias de opera\u00e7\u00e3o especial, 105 estabelecimentos foram interditados e 62 foram multados por irregularidades relacionadas \u00e0 pandemia.<\/p>\n\n\n\n<p>Segundo balan\u00e7o divulgado nesta quinta-feira (04), foram 1.597 den\u00fancias recebidas e 313 ocorr\u00eancias constatadas pelos agentes de seguran\u00e7a. Houve 964 a\u00e7\u00f5es de dispers\u00e3o de aglomera\u00e7\u00f5es, 264 pris\u00f5es de adultos e 65 apreens\u00f5es de adolescentes. O relat\u00f3rio aponta ainda 13 armas de fogo e 25 equipamentos apreendidos, al\u00e9m de 106 ve\u00edculos apreendidos\/recuperados.<\/p>\n\n\n\n<p>Apenas nesta quarta-feira (03) foram 699 estabelecimentos fiscalizados e 55 interditados, mesmo com quase uma semana de vig\u00eancia nas novas medidas restritivas, al\u00e9m de 55 den\u00fancias confirmadas. Um dos casos averiguados foi a festa clandestina com 70 pessoas e venda de bebidas alco\u00f3licas em Curitiba.<\/p>\n\n\n\n<ul class=\"wp-block-list\"><li><em><strong><a href=\"http:\/\/www.aen.pr.gov.br\/modules\/noticias\/article.php?storyid=111152&amp;tit=PM-encerra-festa-clandestina-com-70-pessoas-em-Curitiba\" target=\"_blank\" rel=\"noreferrer noopener\">PM encerra festa clandestina com 70 pessoas em Curitiba<\/a><\/strong><\/em><\/li><\/ul>\n\n\n\n<p>\u201cNosso papel \u00e9 intensificar a fiscaliza\u00e7\u00e3o. Agimos com opera\u00e7\u00f5es pr\u00f3prias e a partir de den\u00fancias, com apoio das guardas municipais\u201d, disse o diretor-geral da Secretaria da Seguran\u00e7a P\u00fablica, Jo\u00e3o Alfredo Zampieri. \u201cNossa abordagem \u00e9 de orienta\u00e7\u00e3o, uma conversa, baseada no bom senso, e, numa a\u00e7\u00e3o integrada, se for contatada irregularidade, as prefeituras aplicam multas ou interdi\u00e7\u00f5es. As a\u00e7\u00f5es s\u00e3o pontuais e excepcionais e precisamos da colabora\u00e7\u00e3o de todos nesse momento\u201d.<\/p>\n\n\n\n<p>S\u00e3o mais de 3 mil agentes nas ruas e mais de mil viaturas circulando pelo Paran\u00e1 nessa for\u00e7a-tarefa estrat\u00e9gica, al\u00e9m de helic\u00f3pteros e uma Delegacia M\u00f3vel. Trabalham na for\u00e7a-tarefa profissionais da Secretaria da Seguran\u00e7a P\u00fablica, das pol\u00edcias Militar, Civil e Cient\u00edfica, do Corpo de Bombeiros e dos departamentos Penitenci\u00e1rio (Depen\/PR) e de Intelig\u00eancia (Diep).<\/p>\n\n\n\n<p>O decreto estadual prev\u00ea, entre outras medidas, a suspens\u00e3o do funcionamento dos servi\u00e7os e atividades considerados n\u00e3o essenciais em todo o Estado e a amplia\u00e7\u00e3o na restri\u00e7\u00e3o de circula\u00e7\u00e3o das pessoas entre 20 horas e 5 horas. Tamb\u00e9m est\u00e3o proibidas a comercializa\u00e7\u00e3o e o consumo de bebidas alco\u00f3licas em espa\u00e7os de uso p\u00fablico ou coletivo nesse mesmo per\u00edodo.<\/p>\n\n\n\n<p>AEN<\/p>\n","protected":false},"excerpt":{"rendered":"<p>As for\u00e7as policiais do Paran\u00e1 e as prefeituras fiscalizaram 3.160 estabelecimentos comerciais desde o in\u00edcio da vig\u00eancia do Decreto 6.983\/2021, publicado na sexta-feira (26) pelo Governo do Estado. Em cinco dias de opera\u00e7\u00e3o especial, 105 estabelecimentos foram interditados e 62 foram multados por irregularidades relacionadas \u00e0 pandemia. Segundo balan\u00e7o divulgado nesta quinta-feira (04), foram 1.597 [&hellip;]<\/p>\n","protected":false},"author":2,"featured_media":30945,"comment_status":"open","ping_status":"open","sticky":false,"template":"","format":"standard","meta":{"advanced_seo_description":"","jetpack_seo_html_title":"","jetpack_seo_noindex":false,"_jetpack_memberships_contains_paid_content":false,"footnotes":""},"categories":[33],"tags":[],"class_list":{"0":"post-30944","1":"post","2":"type-post","3":"status-publish","4":"format-standard","5":"has-post-thumbnail","7":"category-policia"},"jetpack_featured_media_url":"https:\/\/www.paranapraia.com.br\/wp-content\/uploads\/2021\/03\/news_interna_WhatsApp_Image_20210304_at_13.11.07.jpeg","jetpack_sharing_enabled":true,"_links":{"self":[{"href":"https:\/\/www.paranapraia.com.br\/index.php\/wp-json\/wp\/v2\/posts\/30944"}],"collection":[{"href":"https:\/\/www.paranapraia.com.br\/index.php\/wp-json\/wp\/v2\/posts"}],"about":[{"href":"https:\/\/www.paranapraia.com.br\/index.php\/wp-json\/wp\/v2\/types\/post"}],"author":[{"embeddable":true,"href":"https:\/\/www.paranapraia.com.br\/index.php\/wp-json\/wp\/v2\/users\/2"}],"replies":[{"embeddable":true,"href":"https:\/\/www.paranapraia.com.br\/index.php\/wp-json\/wp\/v2\/comments?post=30944"}],"version-history":[{"count":1,"href":"https:\/\/www.paranapraia.com.br\/index.php\/wp-json\/wp\/v2\/posts\/30944\/revisions"}],"predecessor-version":[{"id":30946,"href":"https:\/\/www.paranapraia.com.br\/index.php\/wp-json\/wp\/v2\/posts\/30944\/revisions\/30946"}],"wp:featuredmedia":[{"embeddable":true,"href":"https:\/\/www.paranapraia.com.br\/index.php\/wp-json\/wp\/v2\/media\/30945"}],"wp:attachment":[{"href":"https:\/\/www.paranapraia.com.br\/index.php\/wp-json\/wp\/v2\/media?parent=30944"}],"wp:term":[{"taxonomy":"category","embeddable":true,"href":"https:\/\/www.paranapraia.com.br\/index.php\/wp-json\/wp\/v2\/categories?post=30944"},{"taxonomy":"post_tag","embeddable":true,"href":"https:\/\/www.paranapraia.com.br\/index.php\/wp-json\/wp\/v2\/tags?post=30944"}],"curies":[{"name":"wp","href":"https:\/\/api.w.org\/{rel}","templated":true}]}}