{"id":30935,"date":"2021-03-04T13:15:53","date_gmt":"2021-03-04T16:15:53","guid":{"rendered":"https:\/\/www.paranapraia.com.br\/?p=30935"},"modified":"2021-03-04T13:15:53","modified_gmt":"2021-03-04T16:15:53","slug":"enchentes-boate-kiss-brumadinho-em-um-dia-novo-recorde-de-mortos-por-covid-supera-todas-as-maiores-tragedias-do-brasil","status":"publish","type":"post","link":"https:\/\/www.paranapraia.com.br\/index.php\/2021\/03\/04\/enchentes-boate-kiss-brumadinho-em-um-dia-novo-recorde-de-mortos-por-covid-supera-todas-as-maiores-tragedias-do-brasil\/","title":{"rendered":"Enchentes, boate Kiss, Brumadinho: em um dia, novo recorde de mortos por covid supera todas as maiores trag\u00e9dias do Brasil"},"content":{"rendered":"\n<p><strong>No rol das grandes trag\u00e9dias que marcaram a hist\u00f3ria do Brasil, a pandemia de covid-19 j\u00e1 lidera a lista com o maior n\u00famero de \u00f3bitos.<\/strong><\/p>\n\n\n\n<p>No total, 259.271 pessoas morreram em decorr\u00eancia do novo coronav\u00edrus. Foram 1.910 em apenas 24 horas, um novo recorde, segundo dados oficiais do Minist\u00e9rio da Sa\u00fade \u2014 que n\u00e3o desencadeou, entretanto, o mesmo choque e espanto dos demais desastres.<\/p>\n\n\n\n<p>O n\u00famero de 1.910 \u00e9 superior individualmente, por exemplo, ao total de mortos nas chuvas e deslizamentos na Regi\u00e3o Serrana do Rio de Janeiro, em 2011 (917 mortos e 345 desaparecidos), no inc\u00eandio no Gran Circus Norte-Americano, em 1961 (503 mortos e mais de 300 feridos), no inc\u00eandio na boate Kiss (242 mortos e 680 feridos) e, mais recentemente, no rompimento da barragem da minedora Vale em Brumadinho (259 mortos e 11 desaparecidos).<\/p>\n\n\n\n<p>A covid-19 tamb\u00e9m supera outras trag\u00e9dias ainda presentes na mem\u00f3ria dos brasileiros, como o acidente a\u00e9reo da Air France em 2009, com 228 mortos. Ou mesmo o inc\u00eandio no Edif\u00edcio Joelma em 1974, em S\u00e3o Paulo, com 187 mortos e 300 feridos. E tamb\u00e9m o naufr\u00e1gio do Bateau Mouche em 1989, com 55 mortos.<\/p>\n\n\n\n<p>Em sua conta no Twitter, Wilson Gomes, fil\u00f3sofo e professor titular de Teoria da Comunica\u00e7\u00e3o da Universidade Federal da Bahia (UFBA), lembrou a compara\u00e7\u00e3o e tamb\u00e9m tra\u00e7ou paralelos com trag\u00e9dias internacionais.<\/p>\n\n\n\n<p>&#8220;A gente se chocou com os mortos da Boate Kiss, mas s\u00f3 ontem aconteceram 8 inc\u00eandios da Boate Kiss. A gente fica perplexo com os mortos de Dachau, mas em n\u00fameros oficiais no campo de exterm\u00ednio bolsonarista da Covid j\u00e1 ocorreram 8 Dachaus. Existe fadiga at\u00e9 de espanto e de horror&#8221;, escreveu Gomes.<\/p>\n\n\n\n<p>No mesmo dia em que o Brasil atingiu novo recorde no n\u00famero de mortos por covid-19, o presidente Jair Bolsonaro voltou a criticar medidas restritivas adotadas pelos Estados. Bolsonaro disse que, por ele, o Brasil &#8220;nunca&#8221; adotaria o &#8216;lockdown&#8217;, usado por v\u00e1rios pa\u00edses do mundo e considerado eficaz para restringir a circula\u00e7\u00e3o nos picos da pandemia do novo coronav\u00edrus.<\/p>\n\n\n\n<p>Apesar disso, o presidente insistiu que a pol\u00edtica &#8220;n\u00e3o deu certo em lugar nenhum do mundo&#8221;.<\/p>\n\n\n\n<p>&#8220;No que depender de mim, nunca ter\u00edamos lockdown. Nunca. \u00c9 uma pol\u00edtica que n\u00e3o deu certo em lugar nenhum do mundo. (Nos) Estados Unidos v\u00e1rios Estados anunciaram que n\u00e3o tem mais. Mas n\u00e3o quero polemizar esse assunto a\u00ed&#8221;, disse Bolsonaro ao chegar ao Pal\u00e1cio da Alvorada.<\/p>\n\n\n\n<p>Mas por que parece que n\u00e3o nos chocamos tanto quanto com outras trag\u00e9dias que marcaram a nossa hist\u00f3ria?<\/p>\n\n\n\n<figure class=\"wp-block-image\"><img decoding=\"async\" src=\"https:\/\/ichef.bbci.co.uk\/news\/640\/cpsprodpb\/5F37\/production\/_117157342_12.png\" alt=\"Presidente Jair Bolsonaro\"\/><figcaption>Legenda da foto,Bolsonaro disse que, por ele, o Brasil &#8216;nunca&#8217; adotaria o &#8216;lockdown&#8217;<\/figcaption><\/figure>\n\n\n\n<p>Em \u00faltima an\u00e1lise, especialistas dizem que nossa biologia poderia estar atuando contra n\u00f3s.<\/p>\n\n\n\n<p>Eles assinalam que nossos c\u00e9rebros n\u00e3o est\u00e3o programados para entender os grandes n\u00fameros. Tamb\u00e9m temos outras preocupa\u00e7\u00f5es, como incerteza econ\u00f4mica, agita\u00e7\u00e3o civil, inc\u00eandios florestais e furac\u00f5es, conflitos geopol\u00edticos, tens\u00f5es eleitorais e mudan\u00e7as sem precedentes na forma como trabalhamos, fazemos compras, socializamos e educamos nossos filhos.<\/p>\n\n\n\n<p>Al\u00e9m disso, mais trag\u00e9dia nem sempre gera mais empatia.<\/p>\n\n\n\n<p>Segundo Paul Slovic, psic\u00f3logo da Universidade de Oregon, nos Estados Unidos, a magnitude do n\u00famero de mortos pode fazer com que algumas pessoas se tornem menos sens\u00edveis, devido a um fen\u00f4meno que ele chama de &#8220;entorpecimento ps\u00edquico&#8221;, disse ele em entrevista \u00e0 revista americana National Geographic.<\/p>\n\n\n\n<p>&#8220;Nossos sentimentos s\u00e3o muito fortes por uma pessoa em perigo, mas n\u00e3o evoluem muito bem&#8221;, afirmou ele.<\/p>\n\n\n\n<p>&#8220;Se h\u00e1 duas pessoas, voc\u00ea n\u00e3o se sente duas vezes mais mal. Sua aten\u00e7\u00e3o fica dividida e voc\u00ea n\u00e3o tem uma conex\u00e3o emocional t\u00e3o forte&#8221;, acrescentou.<\/p>\n\n\n\n<p>Na opini\u00e3o de Slovic, nossos c\u00e9rebros evolu\u00edram dessa forma como um mecanismo de enfrentamento.<\/p>\n\n\n\n<p>Ele argumenta que, milh\u00f5es de anos atr\u00e1s, os humanos nem mesmo estavam cientes das pragas, conflitos ou desastres de pessoas distantes, ent\u00e3o naturalmente nos concentramos em proteger a n\u00f3s mesmos, nossas fam\u00edlias e nossas pequenas comunidades.<\/p>\n\n\n\n<p>Al\u00e9m disso, a longa dura\u00e7\u00e3o da pandemia, combinada com a aus\u00eancia de um fim claro, pode paralisar a sensa\u00e7\u00e3o de choque das pessoas.<\/p>\n\n\n\n<p>Para a psic\u00f3loga cognitiva Elke Weber, da Universidade de Princeton, nos Estados Unidos, &#8220;a esp\u00e9cie humana \u00e9 realmente adapt\u00e1vel&#8221;.<\/p>\n\n\n\n<p>Weber, que estuda como as pessoas tomam decis\u00f5es quando enfrentam riscos e incertezas, disse \u00e0 National Geographic: &#8220;Se voc\u00ea pensar nas pessoas que vivem em uma zona de guerra, o tipo de coisa que antes era terr\u00edvel se torna normal. Nossos neur\u00f4nios cerebrais disparam quando algo muda, mas param depois de um tempo. Se voc\u00ea est\u00e1 em uma sala com um cheiro ruim, voc\u00ea acaba parando de not\u00e1-lo&#8221;.<\/p>\n\n\n\n<p>BBC<br><\/p>\n","protected":false},"excerpt":{"rendered":"<p>No rol das grandes trag\u00e9dias que marcaram a hist\u00f3ria do Brasil, a pandemia de covid-19 j\u00e1 lidera a lista com o maior n\u00famero de \u00f3bitos. No total, 259.271 pessoas morreram em decorr\u00eancia do novo coronav\u00edrus. Foram 1.910 em apenas 24 horas, um novo recorde, segundo dados oficiais do Minist\u00e9rio da Sa\u00fade \u2014 que n\u00e3o desencadeou, [&hellip;]<\/p>\n","protected":false},"author":2,"featured_media":30936,"comment_status":"open","ping_status":"open","sticky":false,"template":"","format":"standard","meta":{"advanced_seo_description":"","jetpack_seo_html_title":"","jetpack_seo_noindex":false,"_jetpack_memberships_contains_paid_content":false,"footnotes":""},"categories":[40],"tags":[],"class_list":{"0":"post-30935","1":"post","2":"type-post","3":"status-publish","4":"format-standard","5":"has-post-thumbnail","7":"category-destaques"},"jetpack_featured_media_url":"https:\/\/www.paranapraia.com.br\/wp-content\/uploads\/2021\/03\/115033548_gettyimages-1226314512.jpg","jetpack_sharing_enabled":true,"_links":{"self":[{"href":"https:\/\/www.paranapraia.com.br\/index.php\/wp-json\/wp\/v2\/posts\/30935"}],"collection":[{"href":"https:\/\/www.paranapraia.com.br\/index.php\/wp-json\/wp\/v2\/posts"}],"about":[{"href":"https:\/\/www.paranapraia.com.br\/index.php\/wp-json\/wp\/v2\/types\/post"}],"author":[{"embeddable":true,"href":"https:\/\/www.paranapraia.com.br\/index.php\/wp-json\/wp\/v2\/users\/2"}],"replies":[{"embeddable":true,"href":"https:\/\/www.paranapraia.com.br\/index.php\/wp-json\/wp\/v2\/comments?post=30935"}],"version-history":[{"count":1,"href":"https:\/\/www.paranapraia.com.br\/index.php\/wp-json\/wp\/v2\/posts\/30935\/revisions"}],"predecessor-version":[{"id":30937,"href":"https:\/\/www.paranapraia.com.br\/index.php\/wp-json\/wp\/v2\/posts\/30935\/revisions\/30937"}],"wp:featuredmedia":[{"embeddable":true,"href":"https:\/\/www.paranapraia.com.br\/index.php\/wp-json\/wp\/v2\/media\/30936"}],"wp:attachment":[{"href":"https:\/\/www.paranapraia.com.br\/index.php\/wp-json\/wp\/v2\/media?parent=30935"}],"wp:term":[{"taxonomy":"category","embeddable":true,"href":"https:\/\/www.paranapraia.com.br\/index.php\/wp-json\/wp\/v2\/categories?post=30935"},{"taxonomy":"post_tag","embeddable":true,"href":"https:\/\/www.paranapraia.com.br\/index.php\/wp-json\/wp\/v2\/tags?post=30935"}],"curies":[{"name":"wp","href":"https:\/\/api.w.org\/{rel}","templated":true}]}}