{"id":30932,"date":"2021-03-04T13:12:16","date_gmt":"2021-03-04T16:12:16","guid":{"rendered":"https:\/\/www.paranapraia.com.br\/?p=30932"},"modified":"2021-03-04T13:12:17","modified_gmt":"2021-03-04T16:12:17","slug":"em-um-ano-de-pandemia-estado-abriu-3-616-leitos-para-covid-19","status":"publish","type":"post","link":"https:\/\/www.paranapraia.com.br\/index.php\/2021\/03\/04\/em-um-ano-de-pandemia-estado-abriu-3-616-leitos-para-covid-19\/","title":{"rendered":"Em um ano de pandemia, Estado abriu 3.616 leitos para Covid-19"},"content":{"rendered":"\n<p>Prestes a completar um ano desde o an\u00fancio das primeiras medidas de enfrentamento \u00e0 pandemia de Covid-19, o Governo do Paran\u00e1 j\u00e1 abriu 3.616&nbsp;leitos exclusivos para pacientes com casos confirmados ou suspeitos da doen\u00e7a. Este \u00e9 o n\u00famero de leitos ativos at\u00e9 a manh\u00e3 desta quarta-feira (3), o maior desde o in\u00edcio da pandemia, mas a previs\u00e3o da Secretaria de Estado da Sa\u00fade \u00e9 colocar mais 155 em opera\u00e7\u00e3o nas pr\u00f3ximas semanas.<\/p>\n\n\n\n<p>O n\u00famero de leitos de UTI abertos no per\u00edodo \u00e9 superior ao que foi criado nos \u00faltimos 30 anos no Estado. Instalada gradualmente, conforme o avan\u00e7o dos casos no Paran\u00e1, a estrutura j\u00e1 foi utilizada por cerca de 55 mil pessoas que foram hospitalizadas para tratar das complica\u00e7\u00f5es da Covid.<\/p>\n\n\n\n<p>O Governo do Estado destinou R$ 163,2 milh\u00f5es na amplia\u00e7\u00e3o da rede hospitalar nas 22 Regionais de Sa\u00fade, com incremento de leitos em hospitais p\u00fablicos e particulares que atendem pelo Sistema \u00danicos de Sa\u00fade (SUS). Com a escalada dos cont\u00e1gios nas \u00faltimas semanas, o Estado mant\u00e9m a amplia\u00e7\u00e3o das UTIs e enfermarias.<\/p>\n\n\n\n<p>\u201cDesde os primeiros casos, tivemos a estrat\u00e9gia de ampliar o atendimento regional e disponibilizamos leitos para todo o Estado. Apostamos em melhorar o que j\u00e1 existia e n\u00e3o abrimos hospitais de campanha, que custam muito e acabam n\u00e3o sendo incorporados \u00e0 estrutura de sa\u00fade\u201d, afirma o governador Carlos Massa Ratinho Junior. \u201cMas os recursos s\u00e3o finitos. Os profissionais de sa\u00fade trabalharam de maneira \u00e1rdua ao longo do \u00faltimo ano, est\u00e1 cada vez mais dif\u00edcil para as equipes da linha de frente\u201d.<\/p>\n\n\n\n<p><strong>INCREMENTO<\/strong>&nbsp;\u2013 Mesmo assim, houve um incremento de 630 leitos somente neste ano, quase metade deles ativada na \u00faltima semana pelo Governo do Estado. Al\u00e9m dos novos leitos \u2013 251 de UTI e 379 de enfermaria, outros 155 est\u00e3o previstos para entrarem em opera\u00e7\u00e3o nas pr\u00f3ximas semanas, sendo 67 de UTI.&nbsp;<\/p>\n\n\n\n<p>At\u00e9 a ter\u00e7a-feira (2), a\u00a0taxa de ocupa\u00e7\u00e3o das UTIs estava em 92%\u00a0no Estado, com situa\u00e7\u00e3o mais cr\u00edtica na Macrorregi\u00e3o Oeste, que chegou a 97%. \u201cNosso planejamento \u00e9 baseado em estudos que apontam os cen\u00e1rios da curva de cont\u00e1gio, mas a situa\u00e7\u00e3o atual \u00e9 pior que a previs\u00e3o mais pessimista. A taxa de ocupa\u00e7\u00e3o est\u00e1 muito alta e o sistema est\u00e1 operando dentro do limite\u201d, explica o secret\u00e1rio estadual da Sa\u00fade, Beto Preto.<\/p>\n\n\n\n<p><strong>HIST\u00d3RICO<\/strong>\u00a0\u2013 Os leitos exclusivos come\u00e7aram a ser ativados em mar\u00e7o do ano passado e foram disponibilizados aos poucos, conforme a demanda. O\u00a0primeiro an\u00fancio\u00a0de expans\u00e3o aconteceu em 26 de mar\u00e7o, com a cria\u00e7\u00e3o de 264 leitos exclusivos. No dia seguinte, j\u00e1 havia 1.192 leitos ativos, incluindo 15 UTIs pedi\u00e1tricas. At\u00e9 o final daquele m\u00eas, o cen\u00e1rio no Paran\u00e1 era de 185 casos confirmados e apenas tr\u00eas mortes.<\/p>\n\n\n\n<p>Um m\u00eas depois, no final de abril, o Estado atingia 1.407 confirma\u00e7\u00f5es e 86 \u00f3bitos e tinha mais leitos ativos do que pessoas contaminadas: eram 1.704 unidades, sendo 574 UTIs e 1.130 enfermarias adulto e pedi\u00e1tricas.<\/p>\n\n\n\n<p>Em junho, o Governo do Estado deu in\u00edcio a uma nova estrat\u00e9gia de expans\u00e3o da rede de retaguarda, com a entrega, antes do prazo final, de tr\u00eas hospitais no Interior. Os Hospitais Regionais de Guarapuava, no Centro-Sul; Ivaipor\u00e3, no Vale do Iva\u00ed, e de Tel\u00eamaco Borba, tiveram suas obras aceleradas e passaram ent\u00e3o a fazer o atendimento dos pacientes com Covid.<\/p>\n\n\n\n<p>O avan\u00e7o da pandemia no Estado, com o j\u00e1 esperado aumento na demanda do sistema hospitalar durante o inverno, influenciou na oferta de leitos. No final de junho, o Paran\u00e1 superava a marca de 22 mil pessoas contaminadas e contava com 636 \u00f3bitos. O n\u00famero de leitos abertos chegava a 2.177.<\/p>\n\n\n\n<p>Junto \u00e0 ascens\u00e3o da curva de cont\u00e1gio, tamb\u00e9m houve um primeiro pico de leitos disponibilizados. Em 19 de agosto, havia 2.783 leitos ativos no Paran\u00e1, o maior at\u00e9 ent\u00e3o, com o n\u00famero de UTIs (1.150) j\u00e1 mais pr\u00f3ximo aos de enfermaria (1.663). O Estado contava ent\u00e3o com 108.659 casos confirmados. A m\u00e9dia m\u00f3vel, por\u00e9m, vinha caindo, com 1.723 casos e 28 \u00f3bitos di\u00e1rios ao longo de uma semana.<\/p>\n\n\n\n<p>A redu\u00e7\u00e3o das taxas de infec\u00e7\u00e3o fez com que a Secretaria de Estado da Sa\u00fade desativasse alguns leitos gradualmente, movimento que durou at\u00e9 meados de novembro. Do in\u00edcio at\u00e9 o final daqueles m\u00eas, as unidades ativas passaram de 2.080, no dia 3, 2.559 unidades no dia 30, n\u00famero que desde ent\u00e3o s\u00f3 cresceu.<\/p>\n\n\n\n<p><strong>SITUA\u00c7\u00c3O ATUAL \u2013<\/strong>\u00a0O Paran\u00e1 j\u00e1 come\u00e7ou 2021 com sinal de alerta ligado e atravessa atualmente o per\u00edodo mais cr\u00edtico.\u00a0Desde meados de janeiro, o n\u00famero de leitos ofertados pela Secretaria da Sa\u00fade passou dos 3 mil ativos. O total dispon\u00edvel atualmente \u00e9 o maior desde ent\u00e3o. S\u00e3o 3.616\u00a0leitos: 1.405\u00a0UTIs e 2.211 cl\u00ednicos, com a expectativa de expans\u00e3o nas pr\u00f3ximas semanas para dar conta da demanda.<\/p>\n\n\n\n<p>AEN<br><\/p>\n","protected":false},"excerpt":{"rendered":"<p>Prestes a completar um ano desde o an\u00fancio das primeiras medidas de enfrentamento \u00e0 pandemia de Covid-19, o Governo do Paran\u00e1 j\u00e1 abriu 3.616&nbsp;leitos exclusivos para pacientes com casos confirmados ou suspeitos da doen\u00e7a. Este \u00e9 o n\u00famero de leitos ativos at\u00e9 a manh\u00e3 desta quarta-feira (3), o maior desde o in\u00edcio da pandemia, mas [&hellip;]<\/p>\n","protected":false},"author":2,"featured_media":30933,"comment_status":"open","ping_status":"open","sticky":false,"template":"","format":"standard","meta":{"advanced_seo_description":"","jetpack_seo_html_title":"","jetpack_seo_noindex":false,"_jetpack_memberships_contains_paid_content":false,"footnotes":""},"categories":[50],"tags":[],"class_list":{"0":"post-30932","1":"post","2":"type-post","3":"status-publish","4":"format-standard","5":"has-post-thumbnail","7":"category-saude"},"jetpack_featured_media_url":"https:\/\/www.paranapraia.com.br\/wp-content\/uploads\/2021\/03\/news_interna__mg_6438.jpg","jetpack_sharing_enabled":true,"_links":{"self":[{"href":"https:\/\/www.paranapraia.com.br\/index.php\/wp-json\/wp\/v2\/posts\/30932"}],"collection":[{"href":"https:\/\/www.paranapraia.com.br\/index.php\/wp-json\/wp\/v2\/posts"}],"about":[{"href":"https:\/\/www.paranapraia.com.br\/index.php\/wp-json\/wp\/v2\/types\/post"}],"author":[{"embeddable":true,"href":"https:\/\/www.paranapraia.com.br\/index.php\/wp-json\/wp\/v2\/users\/2"}],"replies":[{"embeddable":true,"href":"https:\/\/www.paranapraia.com.br\/index.php\/wp-json\/wp\/v2\/comments?post=30932"}],"version-history":[{"count":1,"href":"https:\/\/www.paranapraia.com.br\/index.php\/wp-json\/wp\/v2\/posts\/30932\/revisions"}],"predecessor-version":[{"id":30934,"href":"https:\/\/www.paranapraia.com.br\/index.php\/wp-json\/wp\/v2\/posts\/30932\/revisions\/30934"}],"wp:featuredmedia":[{"embeddable":true,"href":"https:\/\/www.paranapraia.com.br\/index.php\/wp-json\/wp\/v2\/media\/30933"}],"wp:attachment":[{"href":"https:\/\/www.paranapraia.com.br\/index.php\/wp-json\/wp\/v2\/media?parent=30932"}],"wp:term":[{"taxonomy":"category","embeddable":true,"href":"https:\/\/www.paranapraia.com.br\/index.php\/wp-json\/wp\/v2\/categories?post=30932"},{"taxonomy":"post_tag","embeddable":true,"href":"https:\/\/www.paranapraia.com.br\/index.php\/wp-json\/wp\/v2\/tags?post=30932"}],"curies":[{"name":"wp","href":"https:\/\/api.w.org\/{rel}","templated":true}]}}