{"id":30926,"date":"2021-03-04T13:07:53","date_gmt":"2021-03-04T16:07:53","guid":{"rendered":"https:\/\/www.paranapraia.com.br\/?p=30926"},"modified":"2021-03-04T13:07:54","modified_gmt":"2021-03-04T16:07:54","slug":"vereadores-de-curitiba-defendem-tratamento-precoce-contra-covid-19-mesmo-sem-comprovacao-cientifica","status":"publish","type":"post","link":"https:\/\/www.paranapraia.com.br\/index.php\/2021\/03\/04\/vereadores-de-curitiba-defendem-tratamento-precoce-contra-covid-19-mesmo-sem-comprovacao-cientifica\/","title":{"rendered":"Vereadores de Curitiba defendem &#8216;tratamento precoce&#8217; contra Covid-19 mesmo sem comprova\u00e7\u00e3o cient\u00edfica"},"content":{"rendered":"\n<p>O vereador Ezequias Barros (PMB) voltou a defender,&nbsp;na sess\u00e3o de hoje da C\u00e2mara Municipal de Curitiba, o chamado &#8220;tratamento precoce&#8221;, apesar de n\u00e3o haver comprova\u00e7\u00e3o cient\u00edfica da efic\u00e1cia dos medicamentos. Barros &#8211; que \u00e9 bispo auxiliar da&nbsp;&nbsp;Igreja O Brasil Para Cristo &#8211;&nbsp;elogiou os m\u00e9dicos que t\u00eam receitado outras drogas, que n\u00e3o somente paracetamol, para quem apresenta sintomas iniciais de infec\u00e7\u00e3o pelo novo coronav\u00edrus.<\/p>\n\n\n\n<p>\u201cQuero parabenizar esses m\u00e9dicos, que contra a vontade de alguns secret\u00e1rios, est\u00e3o, sim, fazendo esse atendimento (com o tratamento precoce)\u201d, afirmou. Antes dele, \u00c9der Borges (PSD) tamb\u00e9m defendeu a pr\u00e1tica, culpando \u201ca grande ind\u00fastria farmac\u00eautica\u201d pela resist\u00eancia ao protocolo. Em oposi\u00e7\u00e3o a eles, Professora Josete (PT) pediu respeito \u00e0 ci\u00eancia e que vereadores \u201cn\u00e3o reproduzam fake news\u201d.<\/p>\n\n\n\n<p>\u201cN\u00e3o existe tratamento precoce\u201d, rebateu a vereadora, acrescentando que \u201ctodas as publica\u00e7\u00f5es s\u00e9rias falam da inefic\u00e1cia desses e de outros medicamentos na preven\u00e7\u00e3o \u00e0 covid-19\u201d. \u201cN\u00f3s, que somos autoridades eleitas, temos a obriga\u00e7\u00e3o de trazer perspectivas e vis\u00f5es a partir da ci\u00eancia, e isso se faz pesquisando publica\u00e7\u00f5es cient\u00edficas, n\u00e3o se faz com achismo, por ter ouvido um m\u00e9dico falar, ou que numa cidade do interior foi usada cloroquina ou azitromicina\u201d, disse Josete. A fala da parlamentar foi uma resposta a Barros, que relatou ter ouvido apoio da classe m\u00e9dica ao tratamento precoce.&nbsp;<\/p>\n\n\n\n<p>\u201cJ\u00e1 s\u00e3o muitos os m\u00e9dicos no Brasil que recomendam a aplica\u00e7\u00e3o da medica\u00e7\u00e3o precoce nos primeiros sintomas da doen\u00e7a. Aqui em casa n\u00f3s usamos\u201d, relatou o vereador do PMB. Ezequias Barros contou que, com suspeita de covid-19, procurou a Unidade de Sa\u00fade Vila Clarice e receitaram a ele o uso de \u201cprednisona, azitromicina, ibuprofeno e mais dois medicamentos que eu n\u00e3o me lembro o nome agora\u201d. \u201cQuando eu passei essa mesma medica\u00e7\u00e3o para a secret\u00e1ria (de Sa\u00fade, Hu\u00e7ulak), ela me devolveu a fala do m\u00e9dico Arns, aqui em Curitiba, que \u00e9 contr\u00e1rio ao uso da ivermectina, da hidroxicloroquina, da azitromicina e da prednisona\u201d, protestou o vereador.<\/p>\n\n\n\n<p>Foi nessa hora que&nbsp; Barros compartilhou com o plen\u00e1rio conversa recente com uma m\u00e9dica da cidade, que pediu a ele mais suporte da prefeitura para adotar o tratamento precoce no SUS. \u201cOntem, uma m\u00e9dica do SUS, que atende em uma das unidades de sa\u00fade de Curitiba, disse &#8216;vereador Ezequias, n\u00e3o desista!&#8217;\u201d, parafraseou o parlamentar. Ele continuou, dando voz \u00e0 interlocutora: \u201cdiga para a secret\u00e1ria (Hu\u00e7ulak) que tem que mudar o protocolo. Eu estou usando, contra a vontade da cidade, contra a vontade da secretaria de Sa\u00fade. Estou usando e est\u00e1 dando certo\u201d.<\/p>\n\n\n\n<p>\u201c\u00c9 isso que pedimos para a cidade, que haja atendimento j\u00e1 nos primeiros sintomas\u201d, defendeu o vereador. Ele e \u00c9der Borges mostraram-se contr\u00e1rios ao protocolo de tratar casos ainda n\u00e3o agravados apenas com paracetamol. \u201cA ci\u00eancia n\u00e3o \u00e9 dar paracetamol e mandar o paciente para casa, voltando depois para ser entubado quando n\u00e3o h\u00e1 mais o que fazer. O tratamento precoce precisa ser discutido e h\u00e1 uma centena de m\u00e9dicos e de m\u00e9dicas que o defendem. As pessoas que querem (o tratamento precoce) precisam ter esse direito\u201d, alegou Borges, que aproveitou para protestar contras as medidas de distanciamento social.<\/p>\n\n\n\n<p>Na opini\u00e3o do parlamentar do PSL, \u201co lockdown n\u00e3o salva vidas e faz os pobres ainda mais pobres\u201d, resultando, segundo Borges, no aumento das doen\u00e7as mentais. \u201cMinha gente, o lockdown n\u00e3o \u00e9 ci\u00eancia. Diversos pa\u00edses j\u00e1 abandonaram esse sistema agressivo, que traz consequ\u00eancias terr\u00edveis\u201d, afirmou. O vereador Marcelo Fachinello (PSC) defendeu que somente a vacina\u00e7\u00e3o em massa, com sua capacidade de conter o espalhamento do v\u00edrus, poder\u00e1 devolver a normalidade ao munic\u00edpio.<\/p>\n\n\n\n<p>Fachinello defendeu que a C\u00e2mara se prepare para dar apoio legislativo ao ingresso de Curitiba no cons\u00f3rcio intermunicipal para aquisi\u00e7\u00e3o direta de vacinas. \u201cPrecisamos estar prontos para agilizar esse processo at\u00e9 19 de mar\u00e7o, por meio do cons\u00f3rcio, pois no dia 22 ele ser\u00e1 institu\u00eddo\u201d, alertou. Antes, contudo, criticou a divulga\u00e7\u00e3o, pelo governo federal, de uma lista de repasses aos estados e munic\u00edpios sem a devida contextualiza\u00e7\u00e3o. \u201cEm 2020, o Paran\u00e1 e Curitiba recolheram mais impostos federais do que receberam de voltat (em repasses). Esse dinheiro \u00e9 do cidad\u00e3o. O governo federal n\u00e3o est\u00e1 fazendo nenhum favor, n\u00e3o s\u00e3o salvadores da p\u00e1tria\u201d, desmentiu.<\/p>\n\n\n\n<p>O vereador Nori Seto (PP) defendeu que recursos recuperados pela Lava Jato sejam destinados ao Plano de Imuniza\u00e7\u00e3o, pois R$ 1,2 bilh\u00e3o ainda estaria sem uso definido. \u201cA vacina\u00e7\u00e3o \u00e9 o meio mais certo e gostar\u00edamos de refor\u00e7ar o pedido da OAB [Ordem dos Advogados do Brasil] ao STF [Supremo Tribunal Federal] para que isto aconte\u00e7a\u201d, disse o parlamentar.<\/p>\n\n\n\n<p><strong>Redes sociais<\/strong>&nbsp;&#8211;&nbsp;Durante a audi\u00eancia de presta\u00e7\u00e3o de contas da Sa\u00fade, semana passada, na C\u00e2mara, a secret\u00e1ria municipal de Sa\u00fade, M\u00e1rcia Hu\u00e7ulak, posicionou-se contra o tratamento precoce. \u201cN\u00e3o tem, at\u00e9 o momento, apesar das pessoas insistirem com as bobajadas a\u00ed, nenhuma droga que seja eficaz, no mundo (contra a covid-19). O que temos s\u00e3o vacinas\u201d, disse a gestora do SUS, para depois complementar que \u201ctem se gastado muito na pandemia, e muitos munic\u00edpios v\u00e3o responder l\u00e1 na frente, [por terem adquirido] medica\u00e7\u00f5es que n\u00e3o t\u00eam comprova\u00e7\u00e3o nenhuma, inclusive provocam\u2026 N\u00e3o trazem benef\u00edcio nesse momento. H\u00e1 uma confus\u00e3o a\u00ed por conta desse receitu\u00e1rio de redes sociais. Todo mundo diz que alguma coisa funciona\u201d, apontou.<\/p>\n\n\n\n<p>Em janeiro, ao aprovar o uso de vacinas contra a Covid-19 no Brasil, a Ag\u00eancia Nacional de Vigil\u00e2ncia Sanit\u00e1ria deixou claro que n\u00e3o existe tratamento precoce contra a doen\u00e7a. \u201cAt\u00e9 o momento n\u00e3o contamos com alternativa terap\u00eautica aprovada dispon\u00edvel para prevenir ou tratar a doen\u00e7a causada pelo novo coronav\u00edrus\u201d, disse na ocasi\u00e3o a diretora do \u00f3rg\u00e3o, Meiruze de Freitas.<\/p>\n\n\n\n<p>A Sociedade Brasileira de Infectologia (SBI) tamb\u00e9m n\u00e3o recomenda tratamento precoce para Covid-19 com qualquer medicamento (cloroquina, hidroxicloroquina, ivermectina, azitromicina, nitazoxanida, corticoide, zinco, vitaminas, anticoagulante, oz\u00f4nio por via retal, di\u00f3xido de cloro), porque os estudos existentes at\u00e9 o momento n\u00e3o mostraram benef\u00edcio e, al\u00e9m disso, alguns destes medicamentos podem causar efeitos colaterais.<\/p>\n\n\n\n<p>Bem Paran\u00e1<a rel=\"noreferrer noopener\" href=\"https:\/\/www.bemparana.com.br\/assinatura\" target=\"_blank\"><br> <\/a><\/p>\n","protected":false},"excerpt":{"rendered":"<p>O vereador Ezequias Barros (PMB) voltou a defender,&nbsp;na sess\u00e3o de hoje da C\u00e2mara Municipal de Curitiba, o chamado &#8220;tratamento precoce&#8221;, apesar de n\u00e3o haver comprova\u00e7\u00e3o cient\u00edfica da efic\u00e1cia dos medicamentos. Barros &#8211; que \u00e9 bispo auxiliar da&nbsp;&nbsp;Igreja O Brasil Para Cristo &#8211;&nbsp;elogiou os m\u00e9dicos que t\u00eam receitado outras drogas, que n\u00e3o somente paracetamol, para quem [&hellip;]<\/p>\n","protected":false},"author":2,"featured_media":30927,"comment_status":"open","ping_status":"open","sticky":false,"template":"","format":"standard","meta":{"advanced_seo_description":"","jetpack_seo_html_title":"","jetpack_seo_noindex":false,"_jetpack_memberships_contains_paid_content":false,"footnotes":""},"categories":[32],"tags":[],"class_list":{"0":"post-30926","1":"post","2":"type-post","3":"status-publish","4":"format-standard","5":"has-post-thumbnail","7":"category-politica"},"jetpack_featured_media_url":"https:\/\/www.paranapraia.com.br\/wp-content\/uploads\/2021\/03\/blogpost_295911_img1_ezequias-barros.jpg","jetpack_sharing_enabled":true,"_links":{"self":[{"href":"https:\/\/www.paranapraia.com.br\/index.php\/wp-json\/wp\/v2\/posts\/30926"}],"collection":[{"href":"https:\/\/www.paranapraia.com.br\/index.php\/wp-json\/wp\/v2\/posts"}],"about":[{"href":"https:\/\/www.paranapraia.com.br\/index.php\/wp-json\/wp\/v2\/types\/post"}],"author":[{"embeddable":true,"href":"https:\/\/www.paranapraia.com.br\/index.php\/wp-json\/wp\/v2\/users\/2"}],"replies":[{"embeddable":true,"href":"https:\/\/www.paranapraia.com.br\/index.php\/wp-json\/wp\/v2\/comments?post=30926"}],"version-history":[{"count":1,"href":"https:\/\/www.paranapraia.com.br\/index.php\/wp-json\/wp\/v2\/posts\/30926\/revisions"}],"predecessor-version":[{"id":30928,"href":"https:\/\/www.paranapraia.com.br\/index.php\/wp-json\/wp\/v2\/posts\/30926\/revisions\/30928"}],"wp:featuredmedia":[{"embeddable":true,"href":"https:\/\/www.paranapraia.com.br\/index.php\/wp-json\/wp\/v2\/media\/30927"}],"wp:attachment":[{"href":"https:\/\/www.paranapraia.com.br\/index.php\/wp-json\/wp\/v2\/media?parent=30926"}],"wp:term":[{"taxonomy":"category","embeddable":true,"href":"https:\/\/www.paranapraia.com.br\/index.php\/wp-json\/wp\/v2\/categories?post=30926"},{"taxonomy":"post_tag","embeddable":true,"href":"https:\/\/www.paranapraia.com.br\/index.php\/wp-json\/wp\/v2\/tags?post=30926"}],"curies":[{"name":"wp","href":"https:\/\/api.w.org\/{rel}","templated":true}]}}