{"id":30923,"date":"2021-03-04T13:03:43","date_gmt":"2021-03-04T16:03:43","guid":{"rendered":"https:\/\/www.paranapraia.com.br\/?p=30923"},"modified":"2021-03-04T13:03:43","modified_gmt":"2021-03-04T16:03:43","slug":"estado-comeca-a-distribuir-novo-lote-de-vacinas-por-cascavel","status":"publish","type":"post","link":"https:\/\/www.paranapraia.com.br\/index.php\/2021\/03\/04\/estado-comeca-a-distribuir-novo-lote-de-vacinas-por-cascavel\/","title":{"rendered":"Estado come\u00e7a a distribuir novo lote de vacinas por Cascavel"},"content":{"rendered":"\n<p>O Governo do Estado come\u00e7ou a distribuir nesta quarta-feira (03) um novo lote de vacinas contra a Covid-19. S\u00e3o 67.260 doses do imunizante produzido pela farmac\u00eautica chinesa Sinovac em parceria com o Instituto Butantan, de S\u00e3o Paulo. A prioridade de vacina\u00e7\u00e3o \u00e9 para idosos entre 80 e 84 anos, seguindo o Plano Nacional de Imuniza\u00e7\u00e3o (PNI). O montante equivale a 45,8% da remessa de 146.800 encaminhadas pelo Minist\u00e9rio da Sa\u00fade.<\/p>\n\n\n\n<p>Outras 73.400 aplica\u00e7\u00f5es seguir\u00e3o armazenadas no Centro de Medicamentos do Paran\u00e1 (Cemepar), em Curitiba, para garantir a imuniza\u00e7\u00e3o por completo de quem receber a primeira dose \u2013 o intervalo entre aplica\u00e7\u00f5es \u00e9 de 15 a 28 dias de acordo com a bula do medicamento. A diferen\u00e7a, com 6.140 doses, est\u00e1 reservada para trabalhadores da sa\u00fade.<\/p>\n\n\n\n<p>O mapeamento dos profissionais ser\u00e1 definido nos pr\u00f3ximos dias pela Secretaria de Estado da Sa\u00fade (Sesa) em conjunto com o Conselho de Secretarias Municipais de Sa\u00fade do Paran\u00e1 (Cosems\/PR).<\/p>\n\n\n\n<p>Devido \u00e0 gravidade do momento, com o&nbsp;<a href=\"http:\/\/www.aen.pr.gov.br\/modules\/noticias\/article.php?storyid=111132&amp;tit=Com-lotacao-maxima-Cascavel-tera-32-novos-leitos-para-Covid-19\" target=\"_blank\" rel=\"noreferrer noopener\">aumento do n\u00famero de casos<\/a>&nbsp;e a escassez de leitos dispon\u00edveis, a 10\u00aa Regional de Sa\u00fade, de Cascavel, foi a primeira a receber os imunizantes. O lote com 8.760 aplica\u00e7\u00f5es foi encaminhado ainda nesta quarta-feira por meio de uma das aeronaves do Governo do Estado. Desse total, 7.360 doses ficar\u00e3o na cidade de Cascavel \u2013 o Minist\u00e9rio da Sa\u00fade disponibilizou um fundo extra com 6 mil conjuntos de vacina\u00e7\u00e3o para o munic\u00edpio.<\/p>\n\n\n\n<p>As outras 21 Regionais que completam o sistema p\u00fablico de sa\u00fade do Paran\u00e1 come\u00e7am a receber a nova remessa nesta quinta-feira (04). \u201cVamos fazer a distribui\u00e7\u00e3o conforme o Minist\u00e9rio da Sa\u00fade preconizou, priorizando neste momento a vacina\u00e7\u00e3o de idosos. \u00c9, sem d\u00favida, o grupo que mais sofre e com o maior n\u00famero de mortes\u201d, afirmou o secret\u00e1rio de Estado da Sa\u00fade, Beto Preto.<\/p>\n\n\n\n<ul class=\"wp-block-list\"><li><strong><a href=\"http:\/\/www.aen.pr.gov.br\/modules\/noticias\/article.php?storyid=111134&amp;tit=Em-um-ano-de-pandemia-Estado-abriu-3.616-leitos-para-Covid-19\" target=\"_blank\" rel=\"noreferrer noopener\">Em um ano de pandemia, Estado abriu 3.616 leitos para Covid-19<\/a><\/strong><\/li><\/ul>\n\n\n\n<p><strong>TOTAL&nbsp;<\/strong>\u2013 O Paran\u00e1 recebeu at\u00e9 o momento 853 mil doses. Da Coronavac\/Instituto Butantan foram 265.600 no 1\u00ba lote, 39.600 no 2\u00ba lote, 147.200 no 3\u00ba lote, 64.800 no 4\u00ba lote e 146.800 neste 5\u00ba lote, al\u00e9m de mais 189.000 doses da Universidade de Oxford\/AstraZeneca\/Fiocruz.&nbsp;O Paran\u00e1 atingiu nesta quarta-feira&nbsp;<a href=\"http:\/\/www.aen.pr.gov.br\/modules\/noticias\/article.php?storyid=111143&amp;tit=Boletim-registra-4.666-novos-casos-de-Covid-19.-Ja-foram-aplicadas-435.839-doses-da-vacinas\">323.019 pessoas vacinadas com as duas doses<\/a>.<\/p>\n\n\n\n<p>De acordo com o Plano Estadual de Vacina\u00e7\u00e3o, seguindo a ordena\u00e7\u00e3o por grupos priorit\u00e1rios, a previs\u00e3o do Paran\u00e1 \u00e9 de vacinar cerca de 4 milh\u00f5es de pessoas at\u00e9 maio. \u201cPara isso queremos e precisamos que mais doses sejam encaminhadas pelo Minist\u00e9rio. O cen\u00e1rio \u00e9 dram\u00e1tico, muito grave. Apesar de todo o esfor\u00e7o do Paran\u00e1 com a maior abertura de leitos da hist\u00f3ria, n\u00e3o temos mais equipes e equipamentos. Apelo para o bom senso dos paranaenses\u201d, disse Beto Preto.<\/p>\n\n\n\n<p><strong>Veja a quantidade de doses que cada Regional de Sa\u00fade vai receber:<\/strong><\/p>\n\n\n\n<p>1\u00aa RS \u2013 Paranagu\u00e1 \u2013 1.350 doses<\/p>\n\n\n\n<p>2\u00aa RS \u2013 Metropolitana \u2013 16.420 doses<\/p>\n\n\n\n<p>3\u00aa RS \u2013 Ponta Grossa \u2013 2.800 doses<\/p>\n\n\n\n<p>4\u00aa RS \u2013 Irati \u2013 840 doses<\/p>\n\n\n\n<p>5\u00aa RS \u2013 Guarapuava \u2013 2.010 doses<\/p>\n\n\n\n<p>6\u00aa RS \u2013 Uni\u00e3o da Vit\u00f3ria \u2013 890 doses<\/p>\n\n\n\n<p>7\u00aa RS \u2013 Pato Branco \u2013 1.390 doses<\/p>\n\n\n\n<p>8\u00aa RS \u2013 Francisco Beltr\u00e3o \u2013 2.110 doses<\/p>\n\n\n\n<p>9\u00aa RS \u2013 Foz do Igua\u00e7u \u2013 1.790 doses<\/p>\n\n\n\n<p>10\u00aa RS \u2013 Cascavel \u2013 8.760 doses<\/p>\n\n\n\n<p>11\u00aa RS \u2013 Campo Mour\u00e3o \u2013 2.260 doses<\/p>\n\n\n\n<p>12\u00aa RS \u2013 Umuarama \u2013 2.110 doses<\/p>\n\n\n\n<p>13\u00aa RS \u2013 Cianorte \u2013 980 doses<\/p>\n\n\n\n<p>14\u00aa RS \u2013 Paranava\u00ed \u2013 1.890 doses<\/p>\n\n\n\n<p>15\u00aa RS \u2013 Maring\u00e1 \u2013 5.030 doses<\/p>\n\n\n\n<p>16\u00aa RS \u2013 Apucarana \u2013 2.460 doses<\/p>\n\n\n\n<p>17\u00aa RS \u2013 Londrina \u2013 6.320 doses<\/p>\n\n\n\n<p>18\u00aa RS \u2013 Corn\u00e9lio Proc\u00f3pio \u2013 1.770 doses<\/p>\n\n\n\n<p>19\u00aa RS \u2013 Jacarezinho \u2013 1.880 doses<\/p>\n\n\n\n<p>20\u00aa RS \u2013 Toledo \u2013 2.450 doses<\/p>\n\n\n\n<p>21\u00aa RS \u2013 Tel\u00eamaco Borba \u2013 820 doses<\/p>\n\n\n\n<p>22\u00aa RS \u2013 Ivaipor\u00e3 \u2013 930 doses<\/p>\n\n\n\n<p>TOTAL \u2013 67.260 doses.<br><\/p>\n","protected":false},"excerpt":{"rendered":"<p>O Governo do Estado come\u00e7ou a distribuir nesta quarta-feira (03) um novo lote de vacinas contra a Covid-19. S\u00e3o 67.260 doses do imunizante produzido pela farmac\u00eautica chinesa Sinovac em parceria com o Instituto Butantan, de S\u00e3o Paulo. A prioridade de vacina\u00e7\u00e3o \u00e9 para idosos entre 80 e 84 anos, seguindo o Plano Nacional de Imuniza\u00e7\u00e3o [&hellip;]<\/p>\n","protected":false},"author":2,"featured_media":30924,"comment_status":"open","ping_status":"open","sticky":false,"template":"","format":"standard","meta":{"advanced_seo_description":"","jetpack_seo_html_title":"","jetpack_seo_noindex":false,"_jetpack_memberships_contains_paid_content":false,"footnotes":""},"categories":[40],"tags":[],"class_list":{"0":"post-30923","1":"post","2":"type-post","3":"status-publish","4":"format-standard","5":"has-post-thumbnail","7":"category-destaques"},"jetpack_featured_media_url":"https:\/\/www.paranapraia.com.br\/wp-content\/uploads\/2021\/03\/unnamed.jpg","jetpack_sharing_enabled":true,"_links":{"self":[{"href":"https:\/\/www.paranapraia.com.br\/index.php\/wp-json\/wp\/v2\/posts\/30923"}],"collection":[{"href":"https:\/\/www.paranapraia.com.br\/index.php\/wp-json\/wp\/v2\/posts"}],"about":[{"href":"https:\/\/www.paranapraia.com.br\/index.php\/wp-json\/wp\/v2\/types\/post"}],"author":[{"embeddable":true,"href":"https:\/\/www.paranapraia.com.br\/index.php\/wp-json\/wp\/v2\/users\/2"}],"replies":[{"embeddable":true,"href":"https:\/\/www.paranapraia.com.br\/index.php\/wp-json\/wp\/v2\/comments?post=30923"}],"version-history":[{"count":1,"href":"https:\/\/www.paranapraia.com.br\/index.php\/wp-json\/wp\/v2\/posts\/30923\/revisions"}],"predecessor-version":[{"id":30925,"href":"https:\/\/www.paranapraia.com.br\/index.php\/wp-json\/wp\/v2\/posts\/30923\/revisions\/30925"}],"wp:featuredmedia":[{"embeddable":true,"href":"https:\/\/www.paranapraia.com.br\/index.php\/wp-json\/wp\/v2\/media\/30924"}],"wp:attachment":[{"href":"https:\/\/www.paranapraia.com.br\/index.php\/wp-json\/wp\/v2\/media?parent=30923"}],"wp:term":[{"taxonomy":"category","embeddable":true,"href":"https:\/\/www.paranapraia.com.br\/index.php\/wp-json\/wp\/v2\/categories?post=30923"},{"taxonomy":"post_tag","embeddable":true,"href":"https:\/\/www.paranapraia.com.br\/index.php\/wp-json\/wp\/v2\/tags?post=30923"}],"curies":[{"name":"wp","href":"https:\/\/api.w.org\/{rel}","templated":true}]}}