{"id":30637,"date":"2021-02-15T09:39:23","date_gmt":"2021-02-15T12:39:23","guid":{"rendered":"https:\/\/www.paranapraia.com.br\/?p=30637"},"modified":"2021-02-15T09:39:24","modified_gmt":"2021-02-15T12:39:24","slug":"idosa-de-101-anos-entrega-curriculo-para-comprar-meus-vinhozinhos","status":"publish","type":"post","link":"https:\/\/www.paranapraia.com.br\/index.php\/2021\/02\/15\/idosa-de-101-anos-entrega-curriculo-para-comprar-meus-vinhozinhos\/","title":{"rendered":"Idosa de 101 anos entrega curr\u00edculo para \u201ccomprar meus vinhozinhos\u201d"},"content":{"rendered":"\n<p>Olha a carinha dela, de alegria! Um idosa de 101 anos mandou o curr\u00edculo dela pedindo emprego para conseguir dinheiro e poder comprar os vinhos que ela adora, sem depender da fam\u00edlia.<\/p>\n\n\n\n<p>Dona Maria Cardoso \u00e9 aposentada \u2013 ganha aquele pouquinho que a gente conhece \u2013 mora em Promiss\u00e3o, no interior de S\u00e3o Paulo e com essa idade quer trabalhar, ser independente.<\/p>\n\n\n\n<p>\u201cEu quero trabalhar para comprar meus \u2018vinhozinhos\u2019, minha \u2018carninha\u2019, para n\u00e3o depender s\u00f3 da filha, ajudar um pouco\u201d, disse dona Maria Cardoso.<\/p>\n\n\n\n<p>Por isso, pediu para a fam\u00edlia fazer o curr\u00edculo dela e para a bisneta entregar aos recrutadores de um frigor\u00edfico da cidade.<\/p>\n\n\n\n<p>A bisneta P\u00e2mela Cristina Matias Gomes enviou o documento no grupo da empresa no WhatsApp e ele foi recebido pela analista de sele\u00e7\u00e3o da empresa, Juliana Ara\u00fajo, que ficou impressionada:<\/p>\n\n\n\n<p>\u201cEla mandou mensagem \u2018Juliana, faz entrevista com a minha v\u00f3\u2019. A\u00ed na hora que eu vi a data de nascimento, eu levei um susto e falei: \u2018Pelo amor de Deus, leva o curr\u00edculo para mim\u2019. A\u00ed ela levou e achei a coisa mais linda, com a foto dela\u201d, contou Juliana.<\/p>\n\n\n\n<p><strong>Viralizou<\/strong><\/p>\n\n\n\n<p>Na semana passada, a analista compartilhou a hist\u00f3ria nas redes sociais e se surpreendeu com a repercuss\u00e3o na cidade.<\/p>\n\n\n\n<p>\u201cEu compartilhei porque foi uma coisa que mudou o meu dia, essa senhora com essa li\u00e7\u00e3o de empoderamento feminino, dando essa aula para a gente.\u201d<\/p>\n\n\n\n<p><strong>Sonho<\/strong><\/p>\n\n\n\n<p>A dona Maria n\u00e3o conseguiu completar os estudos. Ela trabalhou na ro\u00e7a desde os 9 anos de idade.<\/p>\n\n\n\n<p>Apesar do desejo de trabalhar no escrit\u00f3rio da empresa e fazer alguma coisa diferente, ela disse que fez o curr\u00edculo como uma forma de brincadeira porque n\u00e3o sabe escrever, informou&nbsp; G1.<\/p>\n\n\n\n<p><strong>Vinhos chegando<\/strong><\/p>\n\n\n\n<p>Ela n\u00e3o conseguiu o emprego, mas, depois da repercuss\u00e3o do caso, uma empresa de vinhos entrou em contato com a fam\u00edlia e disse que vai doar garrafas todo m\u00eas \u00e0 idosa.<\/p>\n\n\n\n<p>A respons\u00e1vel pela sele\u00e7\u00e3o no frigor\u00edfico ficou fez com a repercuss\u00e3o.<\/p>\n\n\n\n<p>\u201cTem muita empresa entrando em contato, querendo o telefone dela e j\u00e1 ganhou muito vinho que eu sei. Ela est\u00e1 uma celebridade na cidade, todo mundo s\u00f3 fala disso\u201d, contou Juliana.<\/p>\n\n\n\n<p>Ela disse que, assim que a pandemia acabar, pretende levar a dona Maria para fazer um passeio pelo frigor\u00edfico.<\/p>\n\n\n\n<figure class=\"wp-block-image\"><img decoding=\"async\" src=\"https:\/\/d281e75zdqqlon.cloudfront.net\/wp-content\/uploads\/2021\/02\/idosa-curriculo-interna-e1613237250935.jpg\" alt=\"Curriculo da idosa - Foto: Foto: Rafael Ferraz\/TV TEM\" class=\"wp-image-151704\"\/><figcaption>Curriculo da idosa \u2013 Foto: Foto: Rafael Ferraz\/TV TEM<\/figcaption><\/figure>\n\n\n\n<p>G1<\/p>\n","protected":false},"excerpt":{"rendered":"<p>Olha a carinha dela, de alegria! Um idosa de 101 anos mandou o curr\u00edculo dela pedindo emprego para conseguir dinheiro e poder comprar os vinhos que ela adora, sem depender da fam\u00edlia. Dona Maria Cardoso \u00e9 aposentada \u2013 ganha aquele pouquinho que a gente conhece \u2013 mora em Promiss\u00e3o, no interior de S\u00e3o Paulo e [&hellip;]<\/p>\n","protected":false},"author":2,"featured_media":30638,"comment_status":"open","ping_status":"open","sticky":false,"template":"","format":"standard","meta":{"advanced_seo_description":"","jetpack_seo_html_title":"","jetpack_seo_noindex":false,"_jetpack_memberships_contains_paid_content":false,"footnotes":""},"categories":[40],"tags":[],"class_list":{"0":"post-30637","1":"post","2":"type-post","3":"status-publish","4":"format-standard","5":"has-post-thumbnail","7":"category-destaques"},"jetpack_featured_media_url":"https:\/\/www.paranapraia.com.br\/wp-content\/uploads\/2021\/02\/idosa-curriculo-vinho-close-696x487-1.jpg","jetpack_sharing_enabled":true,"_links":{"self":[{"href":"https:\/\/www.paranapraia.com.br\/index.php\/wp-json\/wp\/v2\/posts\/30637"}],"collection":[{"href":"https:\/\/www.paranapraia.com.br\/index.php\/wp-json\/wp\/v2\/posts"}],"about":[{"href":"https:\/\/www.paranapraia.com.br\/index.php\/wp-json\/wp\/v2\/types\/post"}],"author":[{"embeddable":true,"href":"https:\/\/www.paranapraia.com.br\/index.php\/wp-json\/wp\/v2\/users\/2"}],"replies":[{"embeddable":true,"href":"https:\/\/www.paranapraia.com.br\/index.php\/wp-json\/wp\/v2\/comments?post=30637"}],"version-history":[{"count":1,"href":"https:\/\/www.paranapraia.com.br\/index.php\/wp-json\/wp\/v2\/posts\/30637\/revisions"}],"predecessor-version":[{"id":30639,"href":"https:\/\/www.paranapraia.com.br\/index.php\/wp-json\/wp\/v2\/posts\/30637\/revisions\/30639"}],"wp:featuredmedia":[{"embeddable":true,"href":"https:\/\/www.paranapraia.com.br\/index.php\/wp-json\/wp\/v2\/media\/30638"}],"wp:attachment":[{"href":"https:\/\/www.paranapraia.com.br\/index.php\/wp-json\/wp\/v2\/media?parent=30637"}],"wp:term":[{"taxonomy":"category","embeddable":true,"href":"https:\/\/www.paranapraia.com.br\/index.php\/wp-json\/wp\/v2\/categories?post=30637"},{"taxonomy":"post_tag","embeddable":true,"href":"https:\/\/www.paranapraia.com.br\/index.php\/wp-json\/wp\/v2\/tags?post=30637"}],"curies":[{"name":"wp","href":"https:\/\/api.w.org\/{rel}","templated":true}]}}