{"id":30628,"date":"2021-02-15T09:20:29","date_gmt":"2021-02-15T12:20:29","guid":{"rendered":"https:\/\/www.paranapraia.com.br\/?p=30628"},"modified":"2021-02-15T09:20:30","modified_gmt":"2021-02-15T12:20:30","slug":"carnaval-no-parana-veja-o-que-foi-cancelado-e-o-que-abre-nas-principais-cidades-do-estado","status":"publish","type":"post","link":"https:\/\/www.paranapraia.com.br\/index.php\/2021\/02\/15\/carnaval-no-parana-veja-o-que-foi-cancelado-e-o-que-abre-nas-principais-cidades-do-estado\/","title":{"rendered":"Carnaval no Paran\u00e1: veja o que foi cancelado e o que abre nas principais cidades do estado"},"content":{"rendered":"\n<p>O Governo do Paran\u00e1 e v\u00e1rias prefeituras do estado cancelaram o feriado de Carnaval em 2021 por causa da pandemia do novo coronav\u00edrus, com o objetivo de n\u00e3o promover aglomera\u00e7\u00e3o de pessoas.<\/p>\n\n\n\n<p>Veja abaixo como fica a situa\u00e7\u00e3o das principais cidades do estado:<\/p>\n\n\n\n<h2 class=\"wp-block-heading\">Curitiba<\/h2>\n\n\n\n<p>Segundo a prefeitura,\u00a0reparti\u00e7\u00f5es e servi\u00e7os p\u00fablicos v\u00e3o funcionar normalmente\u00a0durante os dias de Carnaval na cidade. A administra\u00e7\u00e3o municipal ressaltou que, inclusive, os\u00a0servi\u00e7os de sa\u00fade estar\u00e3o abertos todos os dias. De acordo com a Urbs, \u00f4nibus v\u00e3o rodar pela cidade tamb\u00e9m com a\u00a0mesma tabela de hor\u00e1rios\u00a0de dias de semana.<\/p>\n\n\n\n<p>Os\u00a0desfiles de escolas de samba foram cancelados. As apresenta\u00e7\u00f5es foram gravadas em pontos tur\u00edsticos da cidade e ser\u00e3o transmitidas pela internet. Os videoclipes ser\u00e3o exibidos de forma rotativa, a cada 30 minutos. Tamb\u00e9m est\u00e3o dispon\u00edveis nas redes sociais da Funda\u00e7\u00e3o Cultural de Curitiba e do Conservat\u00f3rio de MPB.<\/p>\n\n\n\n<p>De acordo com a Associa\u00e7\u00e3o Comercial do Paran\u00e1 (ACP), a decis\u00e3o das lojas abrirem ou n\u00e3o depende de cada estabelecimento comercial, mas a recomenda\u00e7\u00e3o geral da associa\u00e7\u00e3o \u00e9 para que o com\u00e9rcio funcione normalmente&nbsp;ao longo de todos os dias do Carnaval.<\/p>\n\n\n\n<p>Os bancos, por outro lado, s\u00f3 devem abrir na quarta-feira (17), a partir do meio-dia.<\/p>\n\n\n\n<figure class=\"wp-block-image\"><img decoding=\"async\" src=\"https:\/\/s2.glbimg.com\/Ze6eOZEo2umslgXG94-N3j_q7wI=\/0x0:800x533\/984x0\/smart\/filters:strip_icc()\/i.s3.glbimg.com\/v1\/AUTH_59edd422c0c84a879bd37670ae4f538a\/internal_photos\/bs\/2021\/c\/o\/jgx8AjRPWWrFz17Z1Aew\/00309681.jpg\" alt=\"Escolas de samba gravaram clipes em pontos tur\u00edsticos de Curitiba \u2014 Foto: Cido Marques\/SMCS\"\/><\/figure>\n\n\n\n<p>Escolas de samba gravaram clipes em pontos tur\u00edsticos de Curitiba \u2014 Foto: Cido Marques\/SMCS<\/p>\n\n\n\n<h2 class=\"wp-block-heading\">Litoral<\/h2>\n\n\n\n<p>Os sete munic\u00edpios do litoral do Paran\u00e1 &#8211; Paranagu\u00e1, Matinhos, Guaratuba, Pontal do Paran\u00e1, Morretes, Antonina e Guaraque\u00e7aba &#8211; cancelaram as festas e o ponto facultativo de Carnaval. O objetivo \u00e9 reduzir a quantidade de turistas na regi\u00e3o.<\/p>\n\n\n\n<p>De acordo com a Associa\u00e7\u00e3o dos Munic\u00edpios do Litoral do Paran\u00e1 (Amlipa), os&nbsp;servi\u00e7os p\u00fablicos v\u00e3o funcionar normalmente.<\/p>\n\n\n\n<h2 class=\"wp-block-heading\">Londrina<\/h2>\n\n\n\n<p>A Prefeitura de Londrina publicou um\u00a0decreto proibindo qualquer forma de comemora\u00e7\u00e3o\u00a0do Carnaval na cidade.<\/p>\n\n\n\n<p>O&nbsp;decreto pro\u00edbe comemora\u00e7\u00f5es p\u00fablicas ou privadas&nbsp;e reuni\u00f5es familiares com mais de dez pessoas. Bares devem permanecer fechados, e o consumo de bebidas alc\u00f3olicas foi proibido.<\/p>\n\n\n\n<p>Parte do com\u00e9rcio deve ficar fechado. Por causa de um acordo do com\u00e9rcio local, lojas que n\u00e3o funcionaram na semana anterior ao Natal poder\u00e3o abrir na segunda (15) e quarta-feira (17). As que abriram, devem dar folga aos funcion\u00e1rios no Carnaval, fechando no s\u00e1bado (13) e s\u00f3 reabrindo na quarta-feira, ao meio dia.<\/p>\n\n\n\n<h2 class=\"wp-block-heading\">Maring\u00e1<\/h2>\n\n\n\n<p>As\u00a0festas de rua do Carnaval de Maring\u00e1\u00a0tamb\u00e9m foram\u00a0canceladas pela prefeitura.<\/p>\n\n\n\n<p>De acordo com a administra\u00e7\u00e3o municipal, \u00f3rg\u00e3os e reparti\u00e7\u00f5es p\u00fablicas municipais\u00a0funcionar\u00e3o normalmente\u00a0de segunda a quarta.<\/p>\n\n\n\n<p>O Sivamar (Sindicato dos Lojistas do Com\u00e9rcio e do Com\u00e9rcio Varejista de Maring\u00e1 e Regi\u00e3o) tamb\u00e9m chegou a um acordo para que o&nbsp;com\u00e9rcio abra nos tr\u00eas dias.<\/p>\n\n\n\n<h2 class=\"wp-block-heading\">Ponta Grossa<\/h2>\n\n\n\n<p>A prefeitura da cidade tamb\u00e9m\u00a0cancelou as comemora\u00e7\u00f5es\u00a0locais de Carnaval. E, assim como fez o governo estadual, o ponto facultativo na cidade tamb\u00e9m foi cancelado. Por causa disso, os servi\u00e7os p\u00fablicos e os\u00a0\u00f3rg\u00e3os municipais funcionam em hor\u00e1rio comercial\u00a0ao longo de toda a semana.<\/p>\n\n\n\n<p>Parte do com\u00e9rcio deve abrir durante os dias de Carnaval. Um acordo feito com o Sindicato dos Comerci\u00e1rios de Ponta Grossa permitiu que parte do com\u00e9rcio abrisse no dia 20 de dezembro, com a contrapartida que estas lojas dessem folga aos funcion\u00e1rios na segunda-feira (15) de Carnaval. De acordo com o sindicato, a situa\u00e7\u00e3o varia caso a caso.<\/p>\n\n\n\n<h2 class=\"wp-block-heading\">Cascavel<\/h2>\n\n\n\n<p>A prefeitura de Cascavel manteve o&nbsp;ponto facultativo nos \u00f3rg\u00e3os municipais na ter\u00e7a-feira (16). As reparti\u00e7\u00f5es p\u00fablicas, no entanto, devem abrir na segunda-feira (15). Servi\u00e7os considerados essenciais, como transporte e sa\u00fade, funcionam normalmente durante o feriado.<\/p>\n\n\n\n<p>O com\u00e9rcio, segundo a Associa\u00e7\u00e3o Comercial de Cascavel, vai&nbsp;funcionar ao longo de toda a semana.<\/p>\n\n\n\n<h2 class=\"wp-block-heading\">Guarapuava<\/h2>\n\n\n\n<p>Em Guarapuava, o ponto facultativo foi mantido. \u00d3rg\u00e3os municipais n\u00e3o abrem de segunda-feira at\u00e9 quarta, ao meio dia. De acordo com a prefeitura, no entanto, servi\u00e7os essenciais de sa\u00fade e transporte funcionar\u00e3o normalmente durante o feriado.<\/p>\n\n\n\n<p>Festas, p\u00fablicas e privadas, est\u00e3o proibidas na cidade. A prefeitura informou que vai refor\u00e7ar a fiscaliza\u00e7\u00e3o no munic\u00edpio durante o feriado.<\/p>\n\n\n\n<p>O&nbsp;com\u00e9rcio deve abrir, mas a negocia\u00e7\u00e3o depende de cada sindicato. De acordo com a Associa\u00e7\u00e3o Comercial e Industrial de Guarapuava (Acig), n\u00e3o h\u00e1 uma determina\u00e7\u00e3o geral para os lojistas.<\/p>\n\n\n\n<h2 class=\"wp-block-heading\">Foz do Igua\u00e7u<\/h2>\n\n\n\n<p>A prefeitura de Foz do Igua\u00e7u tamb\u00e9m\u00a0cancelou o ponto facultativo na cidade. Com isso, servi\u00e7os p\u00fablicos e \u00f3rg\u00e3os municipais\u00a0funcionam normalmente de segunda a quarta-feira. As festas tamb\u00e9m foram suspensas no munic\u00edpio.<\/p>\n\n\n\n<h2 class=\"wp-block-heading\">Cianorte<\/h2>\n\n\n\n<p>O&nbsp;com\u00e9rcio vai funcionar de segunda a quarta-feira, de acordo com a Associa\u00e7\u00e3o Comercial de Cianorte.<\/p>\n\n\n\n<p>O ponto facultativo foi revogado pela prefeitura, e as reparti\u00e7\u00f5es p\u00fablicas tamb\u00e9m v\u00e3o funcionar normalmente ao longo da semana. Festas foram proibidas na cidade.<\/p>\n\n\n\n<h2 class=\"wp-block-heading\">Paranava\u00ed<\/h2>\n\n\n\n<p>O ponto facultativo de segunda (15) e ter\u00e7a-feira (16) foi mantido pela prefeitura. Portanto, os servi\u00e7os p\u00fablicos da cidade s\u00f3 voltam a funcionar na quarta-feira (17). O com\u00e9rcio tamb\u00e9m vai fechar nos dois dias.<\/p>\n\n\n\n<p>As festas na cidade foram canceladas.<\/p>\n\n\n\n<h2 class=\"wp-block-heading\">Umuarama<\/h2>\n\n\n\n<p>Os \u00f3rg\u00e3os municipais abrir\u00e3o de segunda a quarta-feira. As festas podem ser realizadas, desde que com limite de 50% da capacidade dos locais onde ser\u00e3o realizadas, e com limite m\u00e1ximo de 200 pessoas. Para realizar um evento, \u00e9 preciso pedir libera\u00e7\u00e3o com sete dias de anteced\u00eancia para a prefeitura.<\/p>\n\n\n\n<p>O com\u00e9rcio decidiu manter a folga de ter\u00e7a-feira, segundo a associa\u00e7\u00e3o comercial. As lojas, no entanto, abrem na segunda e na quarta-feira.<\/p>\n\n\n\n<p>G1PR<br><\/p>\n","protected":false},"excerpt":{"rendered":"<p>O Governo do Paran\u00e1 e v\u00e1rias prefeituras do estado cancelaram o feriado de Carnaval em 2021 por causa da pandemia do novo coronav\u00edrus, com o objetivo de n\u00e3o promover aglomera\u00e7\u00e3o de pessoas. Veja abaixo como fica a situa\u00e7\u00e3o das principais cidades do estado: Curitiba Segundo a prefeitura,\u00a0reparti\u00e7\u00f5es e servi\u00e7os p\u00fablicos v\u00e3o funcionar normalmente\u00a0durante os dias [&hellip;]<\/p>\n","protected":false},"author":2,"featured_media":30629,"comment_status":"open","ping_status":"open","sticky":false,"template":"","format":"standard","meta":{"advanced_seo_description":"","jetpack_seo_html_title":"","jetpack_seo_noindex":false,"_jetpack_memberships_contains_paid_content":false,"footnotes":""},"categories":[40],"tags":[],"class_list":{"0":"post-30628","1":"post","2":"type-post","3":"status-publish","4":"format-standard","5":"has-post-thumbnail","7":"category-destaques"},"jetpack_featured_media_url":"https:\/\/www.paranapraia.com.br\/wp-content\/uploads\/2021\/02\/16-curitiba-frio-giuliano-gomes.jpg","jetpack_sharing_enabled":true,"_links":{"self":[{"href":"https:\/\/www.paranapraia.com.br\/index.php\/wp-json\/wp\/v2\/posts\/30628"}],"collection":[{"href":"https:\/\/www.paranapraia.com.br\/index.php\/wp-json\/wp\/v2\/posts"}],"about":[{"href":"https:\/\/www.paranapraia.com.br\/index.php\/wp-json\/wp\/v2\/types\/post"}],"author":[{"embeddable":true,"href":"https:\/\/www.paranapraia.com.br\/index.php\/wp-json\/wp\/v2\/users\/2"}],"replies":[{"embeddable":true,"href":"https:\/\/www.paranapraia.com.br\/index.php\/wp-json\/wp\/v2\/comments?post=30628"}],"version-history":[{"count":1,"href":"https:\/\/www.paranapraia.com.br\/index.php\/wp-json\/wp\/v2\/posts\/30628\/revisions"}],"predecessor-version":[{"id":30630,"href":"https:\/\/www.paranapraia.com.br\/index.php\/wp-json\/wp\/v2\/posts\/30628\/revisions\/30630"}],"wp:featuredmedia":[{"embeddable":true,"href":"https:\/\/www.paranapraia.com.br\/index.php\/wp-json\/wp\/v2\/media\/30629"}],"wp:attachment":[{"href":"https:\/\/www.paranapraia.com.br\/index.php\/wp-json\/wp\/v2\/media?parent=30628"}],"wp:term":[{"taxonomy":"category","embeddable":true,"href":"https:\/\/www.paranapraia.com.br\/index.php\/wp-json\/wp\/v2\/categories?post=30628"},{"taxonomy":"post_tag","embeddable":true,"href":"https:\/\/www.paranapraia.com.br\/index.php\/wp-json\/wp\/v2\/tags?post=30628"}],"curies":[{"name":"wp","href":"https:\/\/api.w.org\/{rel}","templated":true}]}}