{"id":30545,"date":"2021-02-04T10:40:14","date_gmt":"2021-02-04T13:40:14","guid":{"rendered":"https:\/\/www.paranapraia.com.br\/?p=30545"},"modified":"2021-02-04T10:40:15","modified_gmt":"2021-02-04T13:40:15","slug":"parana-tera-ecossistema-de-inovacao-para-empresas-de-saude-e-genetica","status":"publish","type":"post","link":"https:\/\/www.paranapraia.com.br\/index.php\/2021\/02\/04\/parana-tera-ecossistema-de-inovacao-para-empresas-de-saude-e-genetica\/","title":{"rendered":"Paran\u00e1 ter\u00e1 ecossistema de inova\u00e7\u00e3o para empresas de sa\u00fade e gen\u00e9tica"},"content":{"rendered":"\n<p>O Governo do Paran\u00e1 articula a formaliza\u00e7\u00e3o do Vale do Genoma, um polo de startups voltado para sa\u00fade e gen\u00e9tica. Pioneiro no Brasil e no mundo, o projeto ser\u00e1 instalado em Guarapuava, no Centro-Sul do Estado, baseado em um modelo de coopeti\u00e7\u00e3o \u2013 conceito organizacional&nbsp;que alia a coopera\u00e7\u00e3o \u00e0 competi\u00e7\u00e3o, favorecendo o crescimento de segmentos empresariais e profissionais.<\/p>\n\n\n\n<p>Na pr\u00e1tica, a iniciativa consiste na estrutura\u00e7\u00e3o de um ecossistema de inova\u00e7\u00e3o in\u00e9dito de gen\u00f4mica e intelig\u00eancia artificial aplicada \u00e0 sa\u00fade, com foco na gera\u00e7\u00e3o de neg\u00f3cios entre startups e outras empresas, contemplando tamb\u00e9m as \u00e1reas da agricultura e agropecu\u00e1ria. O intuito \u00e9 desenvolver solu\u00e7\u00f5es inovadoras, considerando tend\u00eancias tecnol\u00f3gicas e conhecimento cient\u00edfico, mediante a participa\u00e7\u00e3o de pesquisadores e membros da comunidade acad\u00eamica.<\/p>\n\n\n\n<p>O superintendente de Ci\u00eancia, Tecnologia e Ensino Superior do Paran\u00e1, Aldo Nelson Bona, ressalta o avan\u00e7o das pesquisas sobre sequenciamento gen\u00e9tico em seres humanos e no segmento da agropecu\u00e1ria. \u201cAs a\u00e7\u00f5es paranaenses empreendidas no campo do genoma devem contribuir para uma medicina de precis\u00e3o e para o avan\u00e7o da pesquisa em torno da produ\u00e7\u00e3o agr\u00edcola e da pecu\u00e1ria\u201d, avalia.<\/p>\n\n\n\n<p>A Universidade Estadual do Centro-Oeste (Unicentro) integra a Rede de Estudos Gen\u00f4micos do Paran\u00e1, institu\u00edda no \u00e2mbito do Novo Arranjo de Pesquisa e Inova\u00e7\u00e3o em Gen\u00f4mica (Napi Gen\u00f4mica). A institui\u00e7\u00e3o de ensino superior lidera os estudos em torno dessas linhas de pesquisa, desenvolvendo metodologias aplicadas ao diagn\u00f3stico e preven\u00e7\u00e3o de doen\u00e7as de base gen\u00e9tica, inclusive a Covid-19, causada pelo novo coronav\u00edrus, al\u00e9m de doen\u00e7as oncol\u00f3gicas.<\/p>\n\n\n\n<p>Para o coordenador do curso de Medicina da Unicentro, m\u00e9dico e professor David Livingstone Figueiredo, o principal desafio \u00e9 transformar a tecnologia em produtos com vantagem competitiva no mercado. \u201cA ideia \u00e9 converter a produ\u00e7\u00e3o cient\u00edfica e tecnol\u00f3gica em solu\u00e7\u00f5es mercadol\u00f3gicas, ou seja, viabilizar a aplica\u00e7\u00e3o das pesquisas gen\u00f4micas em forma de produto comercial. Para tanto, vamos montar uma estrutura que possa, ao mesmo tempo, incubar, acelerar e capitalizar startups\u201d, afirma.<\/p>\n\n\n\n<p>O professor David tamb\u00e9m preside o Instituto para Pesquisa do C\u00e2ncer (Ipec) e coordena as articula\u00e7\u00f5es institucionais para viabiliza\u00e7\u00e3o do Vale do Genoma. \u201cVamos continuar avan\u00e7ando no desenvolvimento de metodologias aplicadas ao diagn\u00f3stico e \u00e0 preven\u00e7\u00e3o de doen\u00e7as de base gen\u00e9tica, por\u00e9m agora em um ecossistema inovador, que vai congregar todos os horizontes do conhecimento\u201d, conclui o m\u00e9dico.<\/p>\n\n\n\n<p><strong>FORMALIZA\u00c7\u00c3O&nbsp;<\/strong>\u2013 O superintendente Aldo Bona e o professor David se reuniram nesta semana&nbsp;para discutir detalhes da formaliza\u00e7\u00e3o do Vale do Genoma. O encontro remoto teve a participa\u00e7\u00e3o do prefeito de Guarapuava, Celso Fernando G\u00f3es, e do presidente da Funda\u00e7\u00e3o Arauc\u00e1ria de Apoio ao Desenvolvimento Cient\u00edfico e Tecnol\u00f3gico do Paran\u00e1, Ramiro Wahrhaftig, al\u00e9m de pesquisadores do Napi Gen\u00f4mica e de representantes de startups, empresas e institui\u00e7\u00f5es parceiras.<\/p>\n\n\n\n<p><strong>PESQUISAS\u00a0<\/strong>\u2013 Cerca de 200 pesquisadores e 14 institui\u00e7\u00f5es de ensino superior integram a Rede de Estudos Gen\u00f4micos do Paran\u00e1, posicionando o Estado como uma refer\u00eancia na pesquisa gen\u00e9tica. Os pesquisadores desenvolvem metodologias de an\u00e1lise em escala gen\u00f4mica aplicadas ao diagn\u00f3stico de doen\u00e7as gen\u00e9ticas, em especial as doen\u00e7as oncol\u00f3gicas.<\/p>\n\n\n\n<p>Assessoria<br><\/p>\n","protected":false},"excerpt":{"rendered":"<p>O Governo do Paran\u00e1 articula a formaliza\u00e7\u00e3o do Vale do Genoma, um polo de startups voltado para sa\u00fade e gen\u00e9tica. Pioneiro no Brasil e no mundo, o projeto ser\u00e1 instalado em Guarapuava, no Centro-Sul do Estado, baseado em um modelo de coopeti\u00e7\u00e3o \u2013 conceito organizacional&nbsp;que alia a coopera\u00e7\u00e3o \u00e0 competi\u00e7\u00e3o, favorecendo o crescimento de segmentos [&hellip;]<\/p>\n","protected":false},"author":2,"featured_media":30546,"comment_status":"open","ping_status":"open","sticky":false,"template":"","format":"standard","meta":{"advanced_seo_description":"","jetpack_seo_html_title":"","jetpack_seo_noindex":false,"_jetpack_memberships_contains_paid_content":false,"footnotes":""},"categories":[50],"tags":[],"class_list":{"0":"post-30545","1":"post","2":"type-post","3":"status-publish","4":"format-standard","5":"has-post-thumbnail","7":"category-saude"},"jetpack_featured_media_url":"https:\/\/www.paranapraia.com.br\/wp-content\/uploads\/2021\/02\/microscope2352651_1920.jpg","jetpack_sharing_enabled":true,"_links":{"self":[{"href":"https:\/\/www.paranapraia.com.br\/index.php\/wp-json\/wp\/v2\/posts\/30545"}],"collection":[{"href":"https:\/\/www.paranapraia.com.br\/index.php\/wp-json\/wp\/v2\/posts"}],"about":[{"href":"https:\/\/www.paranapraia.com.br\/index.php\/wp-json\/wp\/v2\/types\/post"}],"author":[{"embeddable":true,"href":"https:\/\/www.paranapraia.com.br\/index.php\/wp-json\/wp\/v2\/users\/2"}],"replies":[{"embeddable":true,"href":"https:\/\/www.paranapraia.com.br\/index.php\/wp-json\/wp\/v2\/comments?post=30545"}],"version-history":[{"count":1,"href":"https:\/\/www.paranapraia.com.br\/index.php\/wp-json\/wp\/v2\/posts\/30545\/revisions"}],"predecessor-version":[{"id":30547,"href":"https:\/\/www.paranapraia.com.br\/index.php\/wp-json\/wp\/v2\/posts\/30545\/revisions\/30547"}],"wp:featuredmedia":[{"embeddable":true,"href":"https:\/\/www.paranapraia.com.br\/index.php\/wp-json\/wp\/v2\/media\/30546"}],"wp:attachment":[{"href":"https:\/\/www.paranapraia.com.br\/index.php\/wp-json\/wp\/v2\/media?parent=30545"}],"wp:term":[{"taxonomy":"category","embeddable":true,"href":"https:\/\/www.paranapraia.com.br\/index.php\/wp-json\/wp\/v2\/categories?post=30545"},{"taxonomy":"post_tag","embeddable":true,"href":"https:\/\/www.paranapraia.com.br\/index.php\/wp-json\/wp\/v2\/tags?post=30545"}],"curies":[{"name":"wp","href":"https:\/\/api.w.org\/{rel}","templated":true}]}}