{"id":30541,"date":"2021-02-04T10:29:32","date_gmt":"2021-02-04T13:29:32","guid":{"rendered":"https:\/\/www.paranapraia.com.br\/?p=30541"},"modified":"2021-02-04T10:30:07","modified_gmt":"2021-02-04T13:30:07","slug":"protocolo-eletronico-vai-acabar-com-pastas-de-papel-e-organizar-o-setor-na-prefeitura-de-pontal-do-parana","status":"publish","type":"post","link":"https:\/\/www.paranapraia.com.br\/index.php\/2021\/02\/04\/protocolo-eletronico-vai-acabar-com-pastas-de-papel-e-organizar-o-setor-na-prefeitura-de-pontal-do-parana\/","title":{"rendered":"Protocolo eletr\u00f4nico vai acabar com pastas de papel e organizar o setor na prefeitura de Pontal do Paran\u00e1"},"content":{"rendered":"\n<p>A prefeitura de Pontal do Paran\u00e1, com\no objetivo de facilitar o servi\u00e7o de aberturas de protocolos ao cidad\u00e3o, lan\u00e7a\no \u201cProtocolo Eletr\u00f4nico\u201d, que estar\u00e1 funcionando a partir do dia 08 de\nfevereiro.<\/p>\n\n\n\n<p>O protocolo eletr\u00f4nico facilita o\nservi\u00e7o de aberturas de protocolos, principalmente nesse per\u00edodo de pandemia,\numa vez que o contribuinte poder\u00e1 abrir e acompanhar pela internet, n\u00e3o\nprecisando se deslocar at\u00e9 a prefeitura e consequentemente evitando\naglomera\u00e7\u00f5es.<\/p>\n\n\n\n<p>De acordo com o prefeito Rud\u00e3o\nGimenes (MDB), atualmente, uma m\u00e9dia de cento e cinquenta pessoas se deslocam\nat\u00e9 a prefeitura diariamente, apenas para aberturas de protocolos. <\/p>\n\n\n\n<p>\u201cA prefeitura de Pontal do Paran\u00e1\nprecisa estar inserida no ambiente tecnol\u00f3gico que cada vez mais se mostra\npresente e eficiente na vida das pessoas, o protocolo eletr\u00f4nico come\u00e7ar\u00e1 a\nfuncionar a partir do dia 8 de fevereiro pelo site da prefeitura, e ir\u00e1\nfacilitar &nbsp;muito a vida de todos\u201d, disse\no prefeito Rud\u00e3o Gimenes.<\/p>\n\n\n\n<p>COMO USAR<\/p>\n\n\n\n<p>Para utilizar \u00e9 muito simples, acesse\no site da prefeitura: <a href=\"http:\/\/www.pontaldoparana.fov.br\">www.pontaldoparana.pr.gov.br<\/a>;\nclique no \u00edcone \u201cProtocolo\u201d; preencha um cadastro com seu CPF, requerente (que\ndever\u00e1 aparecer automaticamente ap\u00f3s digitar o CPF), data de nascimento,&nbsp; telefone,&nbsp;\ne-mail e endere\u00e7o; clique em \u201cPr\u00f3ximo\u201d; selecione o \u201cAssunto\u201d sobre o\nqual gostaria de abrir o protocolo; na aba \u201cComplemento do Assunto\u201d, poder\u00e1 ser\nmais espec\u00edfico; no campo \u201cRequerimento\u201d, o cidad\u00e3o ir\u00e1 efetivamente registrar\nsua solicita\u00e7\u00e3o, de forma mais espec\u00edfica e com o maior n\u00famero de informa\u00e7\u00f5es\nposs\u00edvel; o campo \u201cObserva\u00e7\u00e3o\u201d dever\u00e1 ser preenchido, apenas se houver\nnecessidade.<\/p>\n\n\n\n<p>O item \u201cDados do im\u00f3vel\u201d, dever\u00e1 ser\npreenchido apenas quando o protocolo em quest\u00e3o for referente ao im\u00f3vel. Caso o\nrequerente tenha algum documento (arquivo), que deseja enviar junto ao pedido,\nbasta anex\u00e1-lo no campo \u201cArquivos anexos\u201d.<\/p>\n\n\n\n<p>Preenchidos todos os dados, basta clicar\nem \u201cPr\u00f3ximo\u201d, e verificar na tela que aparecer\u00e1 se todas as informa\u00e7\u00f5es est\u00e3o\ncorretas, inclusive os \u201cDados do processo\u201d. Feito isso, clique em \u201cConcluir\u201d.\nNa nova tela, constar\u00e3o todas as informa\u00e7\u00f5es, incluindo o n\u00famero do protocolo,\no qual o cidad\u00e3o utilizar\u00e1, tamb\u00e9m pelo site da prefeitura, para acompanhar o\nandamento da sua solicita\u00e7\u00e3o. <\/p>\n\n\n\n<p>O protocolo eletr\u00f4nico tamb\u00e9m ajudar\u00e1 a reduzir os gastos com materiais, principalmente com papel, o que al\u00e9m de gerar benef\u00edcios aos cofres p\u00fablicos, impacta significativamente quanto aos danos ambientais. Em caso de d\u00favidas, entre em contato com a prefeitura pelo telefone: 0800 880 0332.<\/p>\n\n\n\n<p>Assessoria<\/p>\n","protected":false},"excerpt":{"rendered":"<p>A prefeitura de Pontal do Paran\u00e1, com o objetivo de facilitar o servi\u00e7o de aberturas de protocolos ao cidad\u00e3o, lan\u00e7a o \u201cProtocolo Eletr\u00f4nico\u201d, que estar\u00e1 funcionando a partir do dia 08 de fevereiro. O protocolo eletr\u00f4nico facilita o servi\u00e7o de aberturas de protocolos, principalmente nesse per\u00edodo de pandemia, uma vez que o contribuinte poder\u00e1 abrir [&hellip;]<\/p>\n","protected":false},"author":2,"featured_media":30542,"comment_status":"open","ping_status":"open","sticky":false,"template":"","format":"standard","meta":{"advanced_seo_description":"","jetpack_seo_html_title":"","jetpack_seo_noindex":false,"_jetpack_memberships_contains_paid_content":false,"footnotes":""},"categories":[40],"tags":[],"class_list":{"0":"post-30541","1":"post","2":"type-post","3":"status-publish","4":"format-standard","5":"has-post-thumbnail","7":"category-destaques"},"jetpack_featured_media_url":"https:\/\/www.paranapraia.com.br\/wp-content\/uploads\/2021\/02\/IMG_7523-scaled.jpg","jetpack_sharing_enabled":true,"_links":{"self":[{"href":"https:\/\/www.paranapraia.com.br\/index.php\/wp-json\/wp\/v2\/posts\/30541"}],"collection":[{"href":"https:\/\/www.paranapraia.com.br\/index.php\/wp-json\/wp\/v2\/posts"}],"about":[{"href":"https:\/\/www.paranapraia.com.br\/index.php\/wp-json\/wp\/v2\/types\/post"}],"author":[{"embeddable":true,"href":"https:\/\/www.paranapraia.com.br\/index.php\/wp-json\/wp\/v2\/users\/2"}],"replies":[{"embeddable":true,"href":"https:\/\/www.paranapraia.com.br\/index.php\/wp-json\/wp\/v2\/comments?post=30541"}],"version-history":[{"count":1,"href":"https:\/\/www.paranapraia.com.br\/index.php\/wp-json\/wp\/v2\/posts\/30541\/revisions"}],"predecessor-version":[{"id":30543,"href":"https:\/\/www.paranapraia.com.br\/index.php\/wp-json\/wp\/v2\/posts\/30541\/revisions\/30543"}],"wp:featuredmedia":[{"embeddable":true,"href":"https:\/\/www.paranapraia.com.br\/index.php\/wp-json\/wp\/v2\/media\/30542"}],"wp:attachment":[{"href":"https:\/\/www.paranapraia.com.br\/index.php\/wp-json\/wp\/v2\/media?parent=30541"}],"wp:term":[{"taxonomy":"category","embeddable":true,"href":"https:\/\/www.paranapraia.com.br\/index.php\/wp-json\/wp\/v2\/categories?post=30541"},{"taxonomy":"post_tag","embeddable":true,"href":"https:\/\/www.paranapraia.com.br\/index.php\/wp-json\/wp\/v2\/tags?post=30541"}],"curies":[{"name":"wp","href":"https:\/\/api.w.org\/{rel}","templated":true}]}}